{"id":928,"date":"2014-07-10T23:11:30","date_gmt":"2014-07-10T23:11:30","guid":{"rendered":"http:\/\/www.blognoel.com\/?p=928"},"modified":"2014-07-10T23:11:30","modified_gmt":"2014-07-10T23:11:30","slug":"el-origen-de-los-simbolos-asociados-a-la-festividad-navidena","status":"publish","type":"post","link":"https:\/\/www.blognoel.com\/es\/928\/el-origen-de-los-simbolos-asociados-a-la-festividad-navidena\/","title":{"rendered":"El origen de los s\u00edmbolos asociados a la festividad navide\u00f1a"},"content":{"rendered":"<p><a href=\"http:\/\/www.blognoel.com\/es\/672\/leyenda-navidena-para-ninos\/fond-ecran-pere-noel-et-ses-cadeaux\/\" rel=\"attachment wp-att-673\"><img decoding=\"async\" data-src=\"http:\/\/www.blognoel.com\/wp-content\/smush-webp\/2010\/11\/fond-ecran-pere-noel-et-ses-cadeaux-150x150.jpg.webp\" alt=\"\" title=\"Fondo de pantalla de Pap\u00e1 Noel y sus regalos\" width=\"150\" height=\"150\" class=\"alignleft size-thumbnail wp-image-673 lazyload\" src=\"data:image\/svg+xml;base64,PHN2ZyB3aWR0aD0iMSIgaGVpZ2h0PSIxIiB4bWxucz0iaHR0cDovL3d3dy53My5vcmcvMjAwMC9zdmciPjwvc3ZnPg==\" style=\"--smush-placeholder-width: 150px; --smush-placeholder-aspect-ratio: 150\/150;\" data-smush-webp-fallback=\"{&quot;data-src&quot;:&quot;http:\\\/\\\/www.blognoel.com\\\/wp-content\\\/uploads\\\/2010\\\/11\\\/fond-ecran-pere-noel-et-ses-cadeaux-150x150.jpg&quot;}\" \/><\/a><strong>Le P\u00e8re <a href=\"https:\/\/www.blognoel.com\/es\/\">Navidad<\/a><\/strong><\/p>\n<p>Si hay un s\u00edmbolo que se asocia a menudo con la Navidad, es el de Pap\u00e1 Noel, inspirado en San Nicol\u00e1s. Debemos remontarnos al siglo XVII para rastrear sus or\u00edgenes. Se cree que inmigrantes alemanes u holandeses trajeron este personaje a Estados Unidos. Claro que, en aquellos tiempos lejanos, San Nicol\u00e1s era obispo, y su estatura no ten\u00eda nada que ver con la que hoy se le atribuye a Pap\u00e1 Noel. La unificaci\u00f3n de estas dos figuras se remonta, sin duda, a Clement Clarke Moore, autor del famoso poema titulado &quot;Una visita de San Nicol\u00e1s&quot;, escrito en 1821. Este poema se convirti\u00f3 posteriormente en un cuento, se tradujo a varios idiomas y se difundi\u00f3 por todo el planeta. <\/p>\n<p><strong>El abeto<\/strong><\/p>\n<p>El s\u00edmbolo del abeto, presente en los hogares de millones de personas, tambi\u00e9n est\u00e1 estrechamente vinculado a la Navidad. Los or\u00edgenes del \u00e1rbol de Navidad se remontan a la \u00e9poca celta, posiblemente al siglo VIII. Para ellos, el 24 de diciembre se consideraba el renacimiento del Sol, y era tradicional asociar un \u00e1rbol con cada uno de los meses lunares. Por lo tanto, este d\u00eda, el 24 de diciembre, estaba dedicado a la p\u00edcea, considerada en aquella \u00e9poca como el \u00e1rbol del nacimiento. <\/p>\n<p><strong>El tronco de Navidad<\/strong><\/p>\n<p>Sorprendentemente, el tronco de Navidad era originalmente un tronco de madera real, que deb\u00eda arder del 24 de diciembre al 1 de enero. Obviamente, para arder durante tanto tiempo, deb\u00eda ser enorme y provenir de un viejo toc\u00f3n o \u00e1rbol frutal. La tradici\u00f3n dictaba que se cortara antes del amanecer y luego se llevara, con una ceremonia muy especial, a una gran sala familiar. No fue hasta 1945 que se convirti\u00f3 en un postre, supuestamente inventado por un pastelero.<\/p>\n<p><strong>Los regalos<\/strong><\/p>\n<p>La tradition de donner des cadeaux remonte \u00e0 des temps tr\u00e8s lointains. Les Romains, lors de la f\u00eate des Saturnales, s\u2019\u00e9changeaient d\u00e9j\u00e0 des cadeaux entre eux. Cette tradition serait probablement associ\u00e9e aux pr\u00e9sents que les Rois Mages avaient apport\u00e9s \u00e0 l\u2019enfant <a href=\"https:\/\/www.blognoel.com\/es\/personajes\/jesus\/\">Jes\u00fas<\/a> lors de sa naissance. Ce n\u2019est qu\u2019aux XVIIIe et XIXe si\u00e8cles, que la tradition des cadeaux a pris de l\u2019ampleur et \u00e0 commencer \u00e0 se r\u00e9pandre un peu partout, \u00e0 travers de nombreux pays. <\/p>\n<p><strong>La corona<\/strong><\/p>\n<p>La corona navide\u00f1a es un s\u00edmbolo antiguo con varios significados. Para los cristianos, se refiere a Cristo, pues les recuerda la corona que se le coloc\u00f3 durante su crucifixi\u00f3n. Para otros, la corona se cuelga para anunciar el regreso del sol. <\/p>","protected":false},"excerpt":{"rendered":"<p>Si hay un s\u00edmbolo que se asocia a menudo con la Navidad, es Pap\u00e1 Noel, inspirado en San Nicol\u00e1s. Debemos remontarnos al siglo XVII para rastrear sus or\u00edgenes. Se cree que inmigrantes alemanes u holandeses trajeron este personaje a Estados Unidos. Ciertamente, en aquellos tiempos lejanos\u2026<\/p>","protected":false},"author":2,"featured_media":0,"comment_status":"open","ping_status":"open","sticky":false,"template":"","format":"standard","meta":{"_kad_blocks_custom_css":"","_kad_blocks_head_custom_js":"","_kad_blocks_body_custom_js":"","_kad_blocks_footer_custom_js":"","_kadence_starter_templates_imported_post":false,"_kad_post_transparent":"","_kad_post_title":"","_kad_post_layout":"","_kad_post_sidebar_id":"","_kad_post_content_style":"","_kad_post_vertical_padding":"","_kad_post_feature":"","_kad_post_feature_position":"","_kad_post_header":false,"_kad_post_footer":false,"_kad_post_classname":"","_jetpack_newsletter_access":"","_jetpack_dont_email_post_to_subs":false,"_jetpack_newsletter_tier_id":0,"_jetpack_memberships_contains_paywalled_content":false,"_jetpack_feature_clip_id":0,"_jetpack_memberships_contains_paid_content":false,"footnotes":"","jetpack_publicize_message":"","jetpack_publicize_feature_enabled":true,"jetpack_social_post_already_shared":false,"jetpack_social_options":{"image_generator_settings":{"template":"highway","default_image_id":0,"font":"","enabled":false},"version":2},"jetpack_post_was_ever_published":false},"categories":[8,1,13],"tags":[29,24,23,90,35,68,86,31],"class_list":["post-928","post","type-post","status-publish","format-standard","hentry","category-a-la-une","category-top","category-traditions","tag-cadeaux-2","tag-fete","tag-noel","tag-origine","tag-pere-noel","tag-sapin","tag-symbole","tag-tradition"],"views":619,"jetpack_publicize_connections":[],"taxonomy_info":{"category":[{"value":8,"label":"A la Une"},{"value":1,"label":"Best of Christmas"},{"value":13,"label":"Traditions"}],"post_tag":[{"value":29,"label":"cadeaux"},{"value":24,"label":"f\u00eate"},{"value":23,"label":"no\u00ebl"},{"value":90,"label":"origine"},{"value":35,"label":"p\u00e8re no\u00ebl"},{"value":68,"label":"sapin"},{"value":86,"label":"symbole"},{"value":31,"label":"tradition"}]},"featured_image_src_large":false,"author_info":{"display_name":"missie","author_link":"https:\/\/www.blognoel.com\/es\/author\/missie\/"},"comment_info":0,"category_info":[{"term_id":8,"name":"A la Une","slug":"a-la-une","term_group":0,"term_taxonomy_id":8,"taxonomy":"category","description":"","parent":1,"count":265,"filter":"raw","cat_ID":8,"category_count":265,"category_description":"","cat_name":"A la Une","category_nicename":"a-la-une","category_parent":1},{"term_id":1,"name":"Best of Christmas","slug":"top","term_group":0,"term_taxonomy_id":1,"taxonomy":"category","description":"","parent":0,"count":242,"filter":"raw","cat_ID":1,"category_count":242,"category_description":"","cat_name":"Best of Christmas","category_nicename":"top","category_parent":0},{"term_id":13,"name":"Traditions","slug":"traditions","term_group":0,"term_taxonomy_id":13,"taxonomy":"category","description":"","parent":14,"count":87,"filter":"raw","cat_ID":13,"category_count":87,"category_description":"","cat_name":"Traditions","category_nicename":"traditions","category_parent":14}],"tag_info":[{"term_id":29,"name":"cadeaux","slug":"cadeaux-2","term_group":0,"term_taxonomy_id":29,"taxonomy":"post_tag","description":"","parent":0,"count":46,"filter":"raw"},{"term_id":24,"name":"f\u00eate","slug":"fete","term_group":0,"term_taxonomy_id":24,"taxonomy":"post_tag","description":"","parent":0,"count":33,"filter":"raw"},{"term_id":23,"name":"no\u00ebl","slug":"noel","term_group":0,"term_taxonomy_id":23,"taxonomy":"post_tag","description":"","parent":0,"count":146,"filter":"raw"},{"term_id":90,"name":"origine","slug":"origine","term_group":0,"term_taxonomy_id":90,"taxonomy":"post_tag","description":"","parent":0,"count":27,"filter":"raw"},{"term_id":35,"name":"p\u00e8re no\u00ebl","slug":"pere-noel","term_group":0,"term_taxonomy_id":35,"taxonomy":"post_tag","description":"","parent":0,"count":49,"filter":"raw"},{"term_id":68,"name":"sapin","slug":"sapin","term_group":0,"term_taxonomy_id":68,"taxonomy":"post_tag","description":"","parent":0,"count":29,"filter":"raw"},{"term_id":86,"name":"symbole","slug":"symbole","term_group":0,"term_taxonomy_id":86,"taxonomy":"post_tag","description":"","parent":0,"count":6,"filter":"raw"},{"term_id":31,"name":"tradition","slug":"tradition","term_group":0,"term_taxonomy_id":31,"taxonomy":"post_tag","description":"","parent":0,"count":64,"filter":"raw"}],"jetpack_sharing_enabled":true,"jetpack_featured_media_url":"","_links":{"self":[{"href":"https:\/\/www.blognoel.com\/es\/wp-json\/wp\/v2\/posts\/928","targetHints":{"allow":["GET"]}}],"collection":[{"href":"https:\/\/www.blognoel.com\/es\/wp-json\/wp\/v2\/posts"}],"about":[{"href":"https:\/\/www.blognoel.com\/es\/wp-json\/wp\/v2\/types\/post"}],"author":[{"embeddable":true,"href":"https:\/\/www.blognoel.com\/es\/wp-json\/wp\/v2\/users\/2"}],"replies":[{"embeddable":true,"href":"https:\/\/www.blognoel.com\/es\/wp-json\/wp\/v2\/comments?post=928"}],"version-history":[{"count":4,"href":"https:\/\/www.blognoel.com\/es\/wp-json\/wp\/v2\/posts\/928\/revisions"}],"predecessor-version":[{"id":932,"href":"https:\/\/www.blognoel.com\/es\/wp-json\/wp\/v2\/posts\/928\/revisions\/932"}],"wp:attachment":[{"href":"https:\/\/www.blognoel.com\/es\/wp-json\/wp\/v2\/media?parent=928"}],"wp:term":[{"taxonomy":"category","embeddable":true,"href":"https:\/\/www.blognoel.com\/es\/wp-json\/wp\/v2\/categories?post=928"},{"taxonomy":"post_tag","embeddable":true,"href":"https:\/\/www.blognoel.com\/es\/wp-json\/wp\/v2\/tags?post=928"}],"curies":[{"name":"wp","href":"https:\/\/api.w.org\/{rel}","templated":true}]}}