{"id":758,"date":"2014-09-05T23:08:53","date_gmt":"2014-09-05T23:08:53","guid":{"rendered":"http:\/\/www.blognoel.com\/?p=758"},"modified":"2014-09-05T23:08:53","modified_gmt":"2014-09-05T23:08:53","slug":"para-navidad-un-viaje-a-europa-park","status":"publish","type":"post","link":"https:\/\/www.blognoel.com\/es\/758\/para-navidad-un-viaje-a-europa-park\/","title":{"rendered":"Un viaje a Europa-Park para Navidad"},"content":{"rendered":"<p><a href=\"http:\/\/www.blognoel.com\/es\/758\/para-navidad-un-viaje-a-europa-park\/europa-park\/\" rel=\"attachment wp-att-759\"><img decoding=\"async\" class=\"alignleft size-thumbnail wp-image-759 lazyload\" title=\"Europa Park\" data-src=\"http:\/\/www.blognoel.com\/wp-content\/smush-webp\/2010\/12\/Europa-park-150x150.jpg.webp\" alt=\"\" width=\"150\" height=\"150\" src=\"data:image\/svg+xml;base64,PHN2ZyB3aWR0aD0iMSIgaGVpZ2h0PSIxIiB4bWxucz0iaHR0cDovL3d3dy53My5vcmcvMjAwMC9zdmciPjwvc3ZnPg==\" style=\"--smush-placeholder-width: 150px; --smush-placeholder-aspect-ratio: 150\/150;\" data-smush-webp-fallback=\"{&quot;data-src&quot;:&quot;http:\\\/\\\/www.blognoel.com\\\/wp-content\\\/uploads\\\/2010\\\/12\\\/Europa-park-150x150.jpg&quot;}\" \/><\/a><\/p>\n<p>En el coraz\u00f3n de Alemania, el parque de ocio de temporada l\u00edder en el mundo celebra su 35\u00ba aniversario y su 10\u00ba<sup>mi<\/sup> Temporada de invierno (del 27 de noviembre de 2010 al 9 de enero de 2011). Como en cada edici\u00f3n, habr\u00e1 espect\u00e1culos, entretenimiento, magia y magia. Pero hay algo nuevo.<\/p>\n<p><strong>Qu\u00e9 hay de nuevo<\/strong><\/p>\n<p>&nbsp;<\/p>\n<p>Un distrito island\u00e9s inaugur\u00f3 este a\u00f1o la noria &quot;Bellevue&quot;, de 55 metros de altura y con 42 cabinas. Desde arriba, se puede disfrutar de una vista impresionante del magn\u00edfico paisaje nevado del parque y de la exposici\u00f3n &quot;El mundo animal de Tomi Ungerer&quot; en el pabell\u00f3n Mercedes-Benz.<\/p>\n<p>Se han planeado numerosas atracciones, como la monta\u00f1a rusa &quot;Euro-Mir&quot; y la monta\u00f1a rusa en forma de ocho &quot;Eurosat&quot; para los m\u00e1s aventureros. Para los amantes de las actividades al aire libre, se han instalado especialmente para esta ocasi\u00f3n una gigantesca pista de hielo, una pista de trineo, una pista de esqu\u00ed (para ni\u00f1os, con posibilidad de aprender a esquiar), motos de nieve y el bar &quot;Glaciar&quot;, con una temperatura interior de -18 \u00b0C.<\/p>\n<p>D\u00e9di\u00e9s aux th\u00e8mes de l\u2019hiver et de <a href=\"https:\/\/www.blognoel.com\/es\/\">Navidad<\/a>, le public peut d\u00e9couvrir de somptueux spectacles, d\u00e9ambuler \u00e0 travers les diff\u00e9rents quartiers du parc richement d\u00e9cor\u00e9s ou encore faire une halte au march\u00e9 de No\u00ebl de l\u2019All\u00e9e Allemande et d\u00e9guster un bon vin chaud et quelques saucisses grill\u00e9es.<\/p>\n<p><strong>Para deslumbrar a los ni\u00f1os<\/strong><\/p>\n<p>&nbsp;<\/p>\n<p>Les plus jeunes seront \u00e9galement choy\u00e9s avec \u00ab Le monde des merveilles hivernales \u00bb\u00a0: un univers de jeux, de 2.500 m2, sur le th\u00e8me du cirque, dans lequel ils pourront aussi profiter de repr\u00e9sentations qui leurs sont sp\u00e9cialement consacr\u00e9es dont une premi\u00e8re : le spectacle multim\u00e9dia \u00ab Euromaus en Live chez le <a href=\"https:\/\/www.blognoel.com\/es\/personajes\/papa-noel\/\">Pap\u00e1 Noel<\/a> \u00bb. Cette nouvelle technologie pr\u00e9sente la mascotte de l\u2019\u00e9v\u00e9nement en 3D et offre la possibilit\u00e9 aux enfants de s\u2019entretenir avec elle.<\/p>\n<p>Por primera vez, la Tierra de Fuego y Hielo participa en la apertura invernal y ofrece a los visitantes 30.000 m\u00b2 adicionales de entretenimiento con atracciones familiares como &quot;Aventuras de Ballenas-Tours Acu\u00e1ticos&quot;, el parque infantil &quot;Isla Peque\u00f1a&quot; y &quot;Mundo GAZPROM&quot; (el milagro de la energ\u00eda adornado con mil luces), que este a\u00f1o se sumerge en el ambiente navide\u00f1o ruso. En el interior se han programado numerosas actividades diarias, como narraci\u00f3n de cuentos navide\u00f1os rusos, un taller de dibujo, un fotomat\u00f3n con env\u00edo de postales navide\u00f1as electr\u00f3nicas y muchas otras peque\u00f1as sorpresas navide\u00f1as. En el exterior del edificio, los paseos en poni por el Barrio Island\u00e9s har\u00e1n las delicias de los m\u00e1s peque\u00f1os.<\/p>\n<p><strong>La &quot;Rese\u00f1a del Circo&quot;<\/strong> \u00bb<\/p>\n<p>Dirigido por Joseph Bouglione, este colorido espect\u00e1culo presenta a varios artistas internacionales. Presentado bajo una aut\u00e9ntica carpa de circo en la Place des Festivals, La Revue ofrece al p\u00fablico los actos esenciales y tradicionales de acrobacia, magia, doma y humor.<\/p>\n<p><strong>El encantamiento de la noche<\/strong><\/p>\n<p>Cada noche, dos eventos crean un evento al caer la noche: el espect\u00e1culo \u201cLuna M\u00e1gica\u201d en el lago del Universo de Aventura donde se muestran luces, juegos de agua y efectos especiales, seguido del magn\u00edfico \u201cDesfile\u201d con mil guirnaldas de luz.<\/p>\n<p>Fechas y horarios de apertura para la temporada de invierno 2010\/2011:<\/p>\n<p>Del 27 de noviembre de 2010 al 9 de enero de 2011 (excepto el 24 y 25 de diciembre de 2010).<\/p>\n<p>Tarifa adulto: 29\u20ac \u2013 Tarifa ni\u00f1o (4 a 11 a\u00f1os): 26\u20ac.<\/p>\n<p>Tarifa \u201cEntrada de Noche\u201d (de 16:00 a 19:00 horas): adultos 16,50 \u20ac \u2013 ni\u00f1os (de 4 a 11 a\u00f1os) 13,50 \u20ac<\/p>\n<p>Para saber m\u00e1s<\/p>\n<p><a href=\"http:\/\/www.europapark\/\" target=\"_blank\" rel=\"noopener\">www.europapark<\/a>.<\/p>","protected":false},"excerpt":{"rendered":"<p>En el coraz\u00f3n de Alemania, el parque de atracciones de temporada l\u00edder en el mundo celebra su 35.\u00ba aniversario y su d\u00e9cima temporada de invierno (del 27 de noviembre de 2010 al 9 de enero de 2011). Como cada a\u00f1o, la agenda incluye espect\u00e1culos, entretenimiento, magia y magia. Pero hay algo nuevo. Novedades: Se ha inaugurado un distrito island\u00e9s...<\/p>","protected":false},"author":3,"featured_media":0,"comment_status":"open","ping_status":"open","sticky":false,"template":"","format":"standard","meta":{"_kad_blocks_custom_css":"","_kad_blocks_head_custom_js":"","_kad_blocks_body_custom_js":"","_kad_blocks_footer_custom_js":"","_kadence_starter_templates_imported_post":false,"_kad_post_transparent":"","_kad_post_title":"","_kad_post_layout":"","_kad_post_sidebar_id":"","_kad_post_content_style":"","_kad_post_vertical_padding":"","_kad_post_feature":"","_kad_post_feature_position":"","_kad_post_header":false,"_kad_post_footer":false,"_kad_post_classname":"","_jetpack_newsletter_access":"","_jetpack_dont_email_post_to_subs":false,"_jetpack_newsletter_tier_id":0,"_jetpack_memberships_contains_paywalled_content":false,"_jetpack_feature_clip_id":0,"_jetpack_memberships_contains_paid_content":false,"footnotes":"","jetpack_publicize_message":"","jetpack_publicize_feature_enabled":true,"jetpack_social_post_already_shared":false,"jetpack_social_options":{"image_generator_settings":{"template":"highway","default_image_id":0,"font":"","enabled":false},"version":2},"jetpack_post_was_ever_published":false},"categories":[14],"tags":[52,146,132,82,83],"class_list":["post-758","post","type-post","status-publish","format-standard","hentry","category-fete-de-noel","tag-enfants","tag-europe","tag-famille","tag-festivites-de-noel","tag-noel-dans-le-monde"],"views":285,"jetpack_publicize_connections":[],"taxonomy_info":{"category":[{"value":14,"label":"F\u00eate de No\u00ebl"}],"post_tag":[{"value":52,"label":"enfants"},{"value":146,"label":"Europe"},{"value":132,"label":"famille"},{"value":82,"label":"festivit\u00e9s de No\u00ebl"},{"value":83,"label":"No\u00ebl dans le monde"}]},"featured_image_src_large":false,"author_info":{"display_name":"plumelle","author_link":"https:\/\/www.blognoel.com\/es\/author\/plumelle\/"},"comment_info":0,"category_info":[{"term_id":14,"name":"F\u00eate de No\u00ebl","slug":"fete-de-noel","term_group":0,"term_taxonomy_id":14,"taxonomy":"category","description":"","parent":0,"count":194,"filter":"raw","cat_ID":14,"category_count":194,"category_description":"","cat_name":"F\u00eate de No\u00ebl","category_nicename":"fete-de-noel","category_parent":0}],"tag_info":[{"term_id":52,"name":"enfants","slug":"enfants","term_group":0,"term_taxonomy_id":52,"taxonomy":"post_tag","description":"","parent":0,"count":39,"filter":"raw"},{"term_id":146,"name":"Europe","slug":"europe","term_group":0,"term_taxonomy_id":146,"taxonomy":"post_tag","description":"","parent":0,"count":6,"filter":"raw"},{"term_id":132,"name":"famille","slug":"famille","term_group":0,"term_taxonomy_id":132,"taxonomy":"post_tag","description":"","parent":0,"count":30,"filter":"raw"},{"term_id":82,"name":"festivit\u00e9s de No\u00ebl","slug":"festivites-de-noel","term_group":0,"term_taxonomy_id":82,"taxonomy":"post_tag","description":"","parent":0,"count":59,"filter":"raw"},{"term_id":83,"name":"No\u00ebl dans le monde","slug":"noel-dans-le-monde","term_group":0,"term_taxonomy_id":83,"taxonomy":"post_tag","description":"","parent":0,"count":42,"filter":"raw"}],"jetpack_sharing_enabled":true,"jetpack_featured_media_url":"","_links":{"self":[{"href":"https:\/\/www.blognoel.com\/es\/wp-json\/wp\/v2\/posts\/758","targetHints":{"allow":["GET"]}}],"collection":[{"href":"https:\/\/www.blognoel.com\/es\/wp-json\/wp\/v2\/posts"}],"about":[{"href":"https:\/\/www.blognoel.com\/es\/wp-json\/wp\/v2\/types\/post"}],"author":[{"embeddable":true,"href":"https:\/\/www.blognoel.com\/es\/wp-json\/wp\/v2\/users\/3"}],"replies":[{"embeddable":true,"href":"https:\/\/www.blognoel.com\/es\/wp-json\/wp\/v2\/comments?post=758"}],"version-history":[{"count":6,"href":"https:\/\/www.blognoel.com\/es\/wp-json\/wp\/v2\/posts\/758\/revisions"}],"predecessor-version":[{"id":2487,"href":"https:\/\/www.blognoel.com\/es\/wp-json\/wp\/v2\/posts\/758\/revisions\/2487"}],"wp:attachment":[{"href":"https:\/\/www.blognoel.com\/es\/wp-json\/wp\/v2\/media?parent=758"}],"wp:term":[{"taxonomy":"category","embeddable":true,"href":"https:\/\/www.blognoel.com\/es\/wp-json\/wp\/v2\/categories?post=758"},{"taxonomy":"post_tag","embeddable":true,"href":"https:\/\/www.blognoel.com\/es\/wp-json\/wp\/v2\/tags?post=758"}],"curies":[{"name":"wp","href":"https:\/\/api.w.org\/{rel}","templated":true}]}}