{"id":672,"date":"2014-09-22T11:12:15","date_gmt":"2014-09-22T11:12:15","guid":{"rendered":"http:\/\/www.blognoel.com\/?p=672"},"modified":"2014-09-22T11:12:15","modified_gmt":"2014-09-22T11:12:15","slug":"leyenda-navidena-para-ninos","status":"publish","type":"post","link":"https:\/\/www.blognoel.com\/es\/672\/leyenda-navidena-para-ninos\/","title":{"rendered":"Leyenda navide\u00f1a para los m\u00e1s peque\u00f1os"},"content":{"rendered":"<p><a rel=\"attachment wp-att-673\" href=\"http:\/\/www.blognoel.com\/es\/672\/leyenda-navidena-para-ninos\/fond-ecran-pere-noel-et-ses-cadeaux\/\"><img decoding=\"async\" class=\"alignleft size-medium wp-image-673 lazyload\" title=\"Fondo de pantalla de Pap\u00e1 Noel y sus regalos\" data-src=\"http:\/\/www.blognoel.com\/wp-content\/smush-webp\/2010\/11\/fond-ecran-pere-noel-et-ses-cadeaux-300x225.jpg.webp\" alt=\"\" width=\"300\" height=\"225\" data-srcset=\"https:\/\/www.blognoel.com\/wp-content\/smush-webp\/2010\/11\/fond-ecran-pere-noel-et-ses-cadeaux-300x225.jpg.webp 300w, https:\/\/www.blognoel.com\/wp-content\/smush-webp\/2010\/11\/fond-ecran-pere-noel-et-ses-cadeaux-500x375.jpg.webp 500w, https:\/\/www.blognoel.com\/wp-content\/smush-webp\/2010\/11\/fond-ecran-pere-noel-et-ses-cadeaux.jpg.webp 600w\" data-sizes=\"(max-width: 300px) 100vw, 300px\" src=\"data:image\/svg+xml;base64,PHN2ZyB3aWR0aD0iMSIgaGVpZ2h0PSIxIiB4bWxucz0iaHR0cDovL3d3dy53My5vcmcvMjAwMC9zdmciPjwvc3ZnPg==\" style=\"--smush-placeholder-width: 300px; --smush-placeholder-aspect-ratio: 300\/225;\" data-smush-webp-fallback=\"{&quot;data-src&quot;:&quot;http:\\\/\\\/www.blognoel.com\\\/wp-content\\\/uploads\\\/2010\\\/11\\\/fond-ecran-pere-noel-et-ses-cadeaux-300x225.jpg&quot;,&quot;data-srcset&quot;:&quot;https:\\\/\\\/www.blognoel.com\\\/wp-content\\\/uploads\\\/2010\\\/11\\\/fond-ecran-pere-noel-et-ses-cadeaux-300x225.jpg 300w, https:\\\/\\\/www.blognoel.com\\\/wp-content\\\/uploads\\\/2010\\\/11\\\/fond-ecran-pere-noel-et-ses-cadeaux-500x375.jpg 500w, https:\\\/\\\/www.blognoel.com\\\/wp-content\\\/uploads\\\/2010\\\/11\\\/fond-ecran-pere-noel-et-ses-cadeaux.jpg 600w&quot;}\" \/><\/a>Voici un conte qui a fait le tour de bien des familles depuis des g\u00e9n\u00e9rations. Il est tout simple mais fait encore la joie des petits la veille de <a href=\"https:\/\/www.blognoel.com\/es\/\">Navidad<\/a>.<\/p>\n<p><em>\u00c9rase una vez una madre pobre con tres ni\u00f1os peque\u00f1os. Era Nochebuena cuando sus hijos le preguntaron si les gustar\u00eda tener un \u00e1rbol decorado este a\u00f1o. Con tristeza, la madre respondi\u00f3 que le habr\u00eda encantado regalarles uno, pero que eran demasiado pobres para permit\u00edrselo.<\/em><\/p>\n<p><em>Como los ni\u00f1os eran muy ingeniosos, decidieron ir al bosque a buscar un peque\u00f1o abeto. Desafortunadamente, la zona estaba cubierta de l\u00edquenes y \u00e1rboles raqu\u00edticos... no hab\u00eda ning\u00fan abeto a la vista. Regresaban a la casa cuando vieron una oveja que se hab\u00eda enganchado una pata en un tronco hueco. Tras mucho esfuerzo, lograron liberar al animal. Justo entonces, lleg\u00f3 un pastor, encantado de ver que los ni\u00f1os hab\u00edan encontrado a su oveja perdida.<\/em><\/p>\n<p><em>-Decidme, hijos m\u00edos, \u00bfqu\u00e9 hac\u00e9is en este gran bosque?<\/em><\/p>\n<p><em>-Estamos buscando un arbolito para Navidad, se\u00f1or, pero no hemos encontrado ninguno.<\/em><\/p>\n<p><em>-Bueno, ya que rescataste a mis ovejas, te ayudar\u00e9.<\/em><\/p>\n<p><em>El pastor, que conoc\u00eda el bosque de memoria, pronto descubri\u00f3 el peque\u00f1o abeto m\u00e1s hermoso y se lo regal\u00f3 a los ni\u00f1os. Llenos de alegr\u00eda, los ni\u00f1os regresaron a casa para mostrarle a su madre lo que hab\u00edan recibido.<br \/>\nLe soir, avant de se mettre au lit, ils plac\u00e8rent le petit sapin pr\u00e8s de la chemin\u00e9e et s\u2019endormirent en pensant au <a href=\"https:\/\/www.blognoel.com\/es\/personajes\/papa-noel\/\">Pap\u00e1 Noel<\/a>. \u00c0 leur r\u00e9veil, quelle fut leur surprise de constater que le sapin \u00e9tait tout d\u00e9cor\u00e9 et entour\u00e9 de cadeaux merveilleux!<\/em><\/p>\n<p><em>\u2014\u00a1Ay, aqu\u00ed tienes unos patines! \u2014grit\u00f3 el mayor\u2014. \u00a1Qu\u00e9 feliz estoy!<\/em><\/p>\n<p><em>\u2014\u00a1Y tengo un palo de hockey! \u2014a\u00f1adi\u00f3 el hermano menor, saltando de alegr\u00eda.<\/em><\/p>\n<p><em>\u2014En cuanto a m\u00ed \u2014dijo el m\u00e1s peque\u00f1o\u2014, recib\u00ed un peque\u00f1o helic\u00f3ptero y luego un hermoso libro de cuentos. \u00a1Genial!<\/em><\/p>\n<p><em>La madre se preguntaba qui\u00e9n habr\u00eda dado todos esos hermosos regalos a sus hijos cuando llamaron a la puerta. La mujer abri\u00f3 y de repente se encontr\u00f3 frente al mism\u00edsimo Pap\u00e1 Noel, con su barba blanca y su amplia sonrisa. \u00c9l le dijo: \u00abSe\u00f1ora, fui yo quien les trajo estos regalos a sus peque\u00f1os, porque son caritativos con los animales. Aprend\u00ed esto de mi buen amigo el pastor del bosque\u00bb. Entonces sac\u00f3 de su gran bolsa una gran caja llena de comida y dulces para que a la peque\u00f1a familia no le faltara nada durante el invierno.<\/em><\/p>\n<p><em>\u00a1Gracias Santa!<\/em><\/p>\n<p><em>\u00a1FELIZ NAVIDAD queridos peque\u00f1os!<\/em><\/p>","protected":false},"excerpt":{"rendered":"<p>Aqu\u00ed hay un cuento que muchas familias han contado durante generaciones. Es sencillo, pero a\u00fan alegra a los ni\u00f1os en Nochebuena. \u00c9rase una vez una madre pobre con tres ni\u00f1os peque\u00f1os. Era Nochebuena cuando sus hijos le pidieron...<\/p>","protected":false},"author":3,"featured_media":0,"comment_status":"open","ping_status":"open","sticky":false,"template":"","format":"standard","meta":{"_kad_blocks_custom_css":"","_kad_blocks_head_custom_js":"","_kad_blocks_body_custom_js":"","_kad_blocks_footer_custom_js":"","_kadence_starter_templates_imported_post":false,"_kad_post_transparent":"","_kad_post_title":"","_kad_post_layout":"","_kad_post_sidebar_id":"","_kad_post_content_style":"","_kad_post_vertical_padding":"","_kad_post_feature":"","_kad_post_feature_position":"","_kad_post_header":false,"_kad_post_footer":false,"_kad_post_classname":"","_jetpack_newsletter_access":"","_jetpack_dont_email_post_to_subs":false,"_jetpack_newsletter_tier_id":0,"_jetpack_memberships_contains_paywalled_content":false,"_jetpack_feature_clip_id":0,"_jetpack_memberships_contains_paid_content":false,"footnotes":"","jetpack_publicize_message":"","jetpack_publicize_feature_enabled":true,"jetpack_social_post_already_shared":false,"jetpack_social_options":{"image_generator_settings":{"template":"highway","default_image_id":0,"font":"","enabled":false},"version":2},"jetpack_post_was_ever_published":false},"categories":[14,11],"tags":[29,52,23,35,84],"class_list":["post-672","post","type-post","status-publish","format-standard","hentry","category-fete-de-noel","category-legendes","tag-cadeaux-2","tag-enfants","tag-noel","tag-pere-noel","tag-sapin-decore"],"views":569,"jetpack_publicize_connections":[],"taxonomy_info":{"category":[{"value":14,"label":"F\u00eate de No\u00ebl"},{"value":11,"label":"L\u00e9gendes"}],"post_tag":[{"value":29,"label":"cadeaux"},{"value":52,"label":"enfants"},{"value":23,"label":"no\u00ebl"},{"value":35,"label":"p\u00e8re no\u00ebl"},{"value":84,"label":"sapin d\u00e9cor\u00e9"}]},"featured_image_src_large":false,"author_info":{"display_name":"plumelle","author_link":"https:\/\/www.blognoel.com\/es\/author\/plumelle\/"},"comment_info":1,"category_info":[{"term_id":14,"name":"F\u00eate de No\u00ebl","slug":"fete-de-noel","term_group":0,"term_taxonomy_id":14,"taxonomy":"category","description":"","parent":0,"count":194,"filter":"raw","cat_ID":14,"category_count":194,"category_description":"","cat_name":"F\u00eate de No\u00ebl","category_nicename":"fete-de-noel","category_parent":0},{"term_id":11,"name":"L\u00e9gendes","slug":"legendes","term_group":0,"term_taxonomy_id":11,"taxonomy":"category","description":"","parent":9,"count":18,"filter":"raw","cat_ID":11,"category_count":18,"category_description":"","cat_name":"L\u00e9gendes","category_nicename":"legendes","category_parent":9}],"tag_info":[{"term_id":29,"name":"cadeaux","slug":"cadeaux-2","term_group":0,"term_taxonomy_id":29,"taxonomy":"post_tag","description":"","parent":0,"count":46,"filter":"raw"},{"term_id":52,"name":"enfants","slug":"enfants","term_group":0,"term_taxonomy_id":52,"taxonomy":"post_tag","description":"","parent":0,"count":39,"filter":"raw"},{"term_id":23,"name":"no\u00ebl","slug":"noel","term_group":0,"term_taxonomy_id":23,"taxonomy":"post_tag","description":"","parent":0,"count":146,"filter":"raw"},{"term_id":35,"name":"p\u00e8re no\u00ebl","slug":"pere-noel","term_group":0,"term_taxonomy_id":35,"taxonomy":"post_tag","description":"","parent":0,"count":49,"filter":"raw"},{"term_id":84,"name":"sapin d\u00e9cor\u00e9","slug":"sapin-decore","term_group":0,"term_taxonomy_id":84,"taxonomy":"post_tag","description":"","parent":0,"count":9,"filter":"raw"}],"jetpack_sharing_enabled":true,"jetpack_featured_media_url":"","_links":{"self":[{"href":"https:\/\/www.blognoel.com\/es\/wp-json\/wp\/v2\/posts\/672","targetHints":{"allow":["GET"]}}],"collection":[{"href":"https:\/\/www.blognoel.com\/es\/wp-json\/wp\/v2\/posts"}],"about":[{"href":"https:\/\/www.blognoel.com\/es\/wp-json\/wp\/v2\/types\/post"}],"author":[{"embeddable":true,"href":"https:\/\/www.blognoel.com\/es\/wp-json\/wp\/v2\/users\/3"}],"replies":[{"embeddable":true,"href":"https:\/\/www.blognoel.com\/es\/wp-json\/wp\/v2\/comments?post=672"}],"version-history":[{"count":2,"href":"https:\/\/www.blognoel.com\/es\/wp-json\/wp\/v2\/posts\/672\/revisions"}],"predecessor-version":[{"id":675,"href":"https:\/\/www.blognoel.com\/es\/wp-json\/wp\/v2\/posts\/672\/revisions\/675"}],"wp:attachment":[{"href":"https:\/\/www.blognoel.com\/es\/wp-json\/wp\/v2\/media?parent=672"}],"wp:term":[{"taxonomy":"category","embeddable":true,"href":"https:\/\/www.blognoel.com\/es\/wp-json\/wp\/v2\/categories?post=672"},{"taxonomy":"post_tag","embeddable":true,"href":"https:\/\/www.blognoel.com\/es\/wp-json\/wp\/v2\/tags?post=672"}],"curies":[{"name":"wp","href":"https:\/\/api.w.org\/{rel}","templated":true}]}}