{"id":5163,"date":"2025-12-19T22:47:57","date_gmt":"2025-12-19T21:47:57","guid":{"rendered":"https:\/\/www.blognoel.com\/5163\/ce-village-suisse-feerique-a-ete-elu-plus-beau-marche-de-noel-deurope\/"},"modified":"2025-12-19T22:47:57","modified_gmt":"2025-12-19T21:47:57","slug":"ce-village-suisse-feerique-a-ete-elu-plus-beau-marche-de-noel-deurope","status":"publish","type":"post","link":"https:\/\/www.blognoel.com\/es\/5163\/ce-village-suisse-feerique-a-ete-elu-plus-beau-marche-de-noel-deurope\/","title":{"rendered":"Ce village suisse f\u00e9erique a \u00e9t\u00e9 \u00e9lu plus beau march\u00e9 de No\u00ebl d\u2019Europe"},"content":{"rendered":"<p class=\"p3 wp-block-paragraph\"><\/p>\n\n\n\n<p class=\"p3 wp-block-paragraph\">\u00c0 l\u2019approche de No\u00ebl, la magie s\u2019invite partout et transforme nos villes en v\u00e9ritables d\u00e9cors de conte de f\u00e9es. \u00c0 quelques jours des f\u00eates, les march\u00e9s de No\u00ebl s\u2019imposent comme des rendez-vous incontournables pour s\u2019immerger dans cette atmosph\u00e8re chaleureuse et scintillante, entre illuminations, gourmandises et cr\u00e9ations artisanales.<\/p>\n\n\n\n<p class=\"p3 wp-block-paragraph\">En France, les march\u00e9s alsaciens de Strasbourg ou de Colmar figurent parmi les plus embl\u00e9matiques, tout comme celui de Montb\u00e9liard, seul march\u00e9 fran\u00e7ais \u00e0 avoir \u00e9t\u00e9 distingu\u00e9 par le prestigieux guide European Best Destinations. Mais cette ann\u00e9e, le jury a cr\u00e9\u00e9 la surprise en couronnant un march\u00e9\u2026 suisse. Et il se trouve \u00e0 seulement quelques heures de TGV de Paris. Cap sur Zurich, la ville qui sublime No\u00ebl avec \u00e9l\u00e9gance, sans jamais renier ses traditions.<\/p>\n\n\n\n<p class=\"p1 wp-block-paragraph\">Zurich, \u00e9lue plus beau march\u00e9 de No\u00ebl d\u2019Europe<\/p>\n\n\n\n<p class=\"p3 wp-block-paragraph\">C\u2019est d\u00e9sormais officiel : Zurich d\u00e9croche le titre de plus beau march\u00e9 de No\u00ebl d\u2019Europe et se hisse m\u00eame \u00e0 la deuxi\u00e8me place du classement continental toutes cat\u00e9gories confondues. C\u2019est plus pr\u00e9cis\u00e9ment le Wienachtsdorf, le village de No\u00ebl embl\u00e9matique de la ville, qui a s\u00e9duit voyageurs et professionnels du tourisme.<\/p>\n\n\n\n<p class=\"p3 wp-block-paragraph\">Install\u00e9 sur la majestueuse Sechsel\u00e4utenplatz, entre l\u2019Op\u00e9ra de Zurich et les rives scintillantes du lac, ce march\u00e9 offre un d\u00e9cor de carte postale. Pr\u00e8s de 100 chalets en bois, un immense sapin illumin\u00e9 et une ambiance chaleureuse composent ce village o\u00f9 la tradition alpine rencontre le raffinement urbain. On s\u2019y prom\u00e8ne, on y d\u00e9guste des sp\u00e9cialit\u00e9s locales, on y trouve des cadeaux originaux et l\u2019on d\u00e9couvre un No\u00ebl \u00e0 la suisse : chic, authentique et r\u00e9solument convivial.<\/p>\n\n\n\n<p class=\"p1 wp-block-paragraph\">Que faire au Wienachtsdorf de Zurich ?<\/p>\n\n\n\n<p class=\"p3 wp-block-paragraph\">La visite commence par une balade entre les chalets d\u00e9cor\u00e9s avec soin, avant une pause gourmande autour d\u2019une fondue typiquement zurichoise \u2013 diff\u00e9rente de la version savoyarde \u2013 ou de sp\u00e9cialit\u00e9s venues des quatre coins du monde. Le village s\u2019anime ensuite au rythme de performances artistiques, de spectacles de feu, de cr\u00e9atures fantastiques sur \u00e9chasses et d\u2019animations f\u00e9eriques.<\/p>\n\n\n\n<p class=\"p3 wp-block-paragraph\">Les enfants ne sont pas en reste avec l\u2019Elfend\u00f6rfli, le village des elfes, la maison en pain d\u2019\u00e9pices, le petit train, les personnages lumineux, les ateliers costum\u00e9s et les lectures de contes. Les amateurs de gastronomie, eux, pourront savourer des sp\u00e9cialit\u00e9s hongroises, des cr\u00eapes bretonnes, des beignets napolitains ou encore les traditionnels pizokels suisses.<\/p>\n\n\n\n<p class=\"p3 wp-block-paragraph\">Chaque recoin r\u00e9serve son lot de surprises et chaque soir\u00e9e offre une ambiance diff\u00e9rente. Ici, No\u00ebl se vit pleinement, se go\u00fbte et se contemple.<\/p>\n\n\n\n<p class=\"p3 wp-block-paragraph\">\ud83d\udcc5 Le Wienachtsdorf est ouvert du 20 novembre au 23 d\u00e9cembre, de 11h \u00e0 22h le samedi et de 11h \u00e0 20h le dimanche.<\/p>","protected":false},"excerpt":{"rendered":"<p>\u00c0 l\u2019approche de No\u00ebl, la magie s\u2019invite partout et transforme nos villes en v\u00e9ritables d\u00e9cors de conte de f\u00e9es. \u00c0 quelques jours des f\u00eates, les march\u00e9s de No\u00ebl s\u2019imposent comme des rendez-vous incontournables pour s\u2019immerger dans cette atmosph\u00e8re chaleureuse et scintillante, entre illuminations, gourmandises et cr\u00e9ations artisanales. En France, les march\u00e9s alsaciens de Strasbourg ou&#8230;<\/p>","protected":false},"author":1,"featured_media":5162,"comment_status":"open","ping_status":"","sticky":false,"template":"","format":"standard","meta":{"_kad_blocks_custom_css":"","_kad_blocks_head_custom_js":"","_kad_blocks_body_custom_js":"","_kad_blocks_footer_custom_js":"","_kadence_starter_templates_imported_post":false,"_kad_post_transparent":"","_kad_post_title":"","_kad_post_layout":"","_kad_post_sidebar_id":"","_kad_post_content_style":"","_kad_post_vertical_padding":"","_kad_post_feature":"","_kad_post_feature_position":"","_kad_post_header":false,"_kad_post_footer":false,"_kad_post_classname":"","_jetpack_newsletter_access":"","_jetpack_dont_email_post_to_subs":false,"_jetpack_newsletter_tier_id":0,"_jetpack_memberships_contains_paywalled_content":false,"_jetpack_feature_clip_id":0,"_jetpack_memberships_contains_paid_content":false,"footnotes":"","jetpack_publicize_message":"Ce village suisse f\u00e9erique a \u00e9t\u00e9 \u00e9lu plus beau march\u00e9 de No\u00ebl d\u2019Europe","jetpack_publicize_feature_enabled":true,"jetpack_social_post_already_shared":true,"jetpack_social_options":{"image_generator_settings":{"template":"highway","default_image_id":0,"font":"","enabled":false},"version":2},"jetpack_post_was_ever_published":false},"categories":[275],"tags":[118],"class_list":["post-5163","post","type-post","status-publish","format-standard","has-post-thumbnail","hentry","category-marche","tag-suisse"],"views":68,"jetpack_publicize_connections":[],"taxonomy_info":{"category":[{"value":275,"label":"March\u00e9"}],"post_tag":[{"value":118,"label":"Suisse"}]},"featured_image_src_large":["https:\/\/www.blognoel.com\/wp-content\/uploads\/2025\/12\/img_9645.jpg",510,288,false],"author_info":{"display_name":"Jean-Michel","author_link":"https:\/\/www.blognoel.com\/es\/author\/admin\/"},"comment_info":0,"category_info":[{"term_id":275,"name":"March\u00e9","slug":"marche","term_group":0,"term_taxonomy_id":275,"taxonomy":"category","description":"","parent":14,"count":12,"filter":"raw","cat_ID":275,"category_count":12,"category_description":"","cat_name":"March\u00e9","category_nicename":"marche","category_parent":14}],"tag_info":[{"term_id":118,"name":"Suisse","slug":"suisse","term_group":0,"term_taxonomy_id":118,"taxonomy":"post_tag","description":"","parent":0,"count":7,"filter":"raw"}],"jetpack_sharing_enabled":true,"jetpack_featured_media_url":"https:\/\/www.blognoel.com\/wp-content\/uploads\/2025\/12\/img_9645.jpg","_links":{"self":[{"href":"https:\/\/www.blognoel.com\/es\/wp-json\/wp\/v2\/posts\/5163","targetHints":{"allow":["GET"]}}],"collection":[{"href":"https:\/\/www.blognoel.com\/es\/wp-json\/wp\/v2\/posts"}],"about":[{"href":"https:\/\/www.blognoel.com\/es\/wp-json\/wp\/v2\/types\/post"}],"author":[{"embeddable":true,"href":"https:\/\/www.blognoel.com\/es\/wp-json\/wp\/v2\/users\/1"}],"replies":[{"embeddable":true,"href":"https:\/\/www.blognoel.com\/es\/wp-json\/wp\/v2\/comments?post=5163"}],"version-history":[{"count":0,"href":"https:\/\/www.blognoel.com\/es\/wp-json\/wp\/v2\/posts\/5163\/revisions"}],"wp:featuredmedia":[{"embeddable":true,"href":"https:\/\/www.blognoel.com\/es\/wp-json\/wp\/v2\/media\/5162"}],"wp:attachment":[{"href":"https:\/\/www.blognoel.com\/es\/wp-json\/wp\/v2\/media?parent=5163"}],"wp:term":[{"taxonomy":"category","embeddable":true,"href":"https:\/\/www.blognoel.com\/es\/wp-json\/wp\/v2\/categories?post=5163"},{"taxonomy":"post_tag","embeddable":true,"href":"https:\/\/www.blognoel.com\/es\/wp-json\/wp\/v2\/tags?post=5163"}],"curies":[{"name":"wp","href":"https:\/\/api.w.org\/{rel}","templated":true}]}}