{"id":496,"date":"2014-06-23T23:09:25","date_gmt":"2014-06-23T23:09:25","guid":{"rendered":"http:\/\/www.blognoel.com\/?p=496"},"modified":"2014-06-23T23:09:25","modified_gmt":"2014-06-23T23:09:25","slug":"un-mercado-navideno-inusual-el-de-las-cuevas-de-wonck","status":"publish","type":"post","link":"https:\/\/www.blognoel.com\/es\/496\/un-mercado-navideno-inusual-el-de-las-cuevas-de-wonck\/","title":{"rendered":"\u00bfUn mercado navide\u00f1o inusual? El de las Cuevas de Wonck."},"content":{"rendered":"<p><strong><br \/>\n<\/strong><\/p>\n<p><a rel=\"attachment wp-att-497\" href=\"http:\/\/www.blognoel.com\/es\/496\/un-mercado-navideno-inusual-el-de-las-cuevas-de-wonck\/bassenge\/\"><img decoding=\"async\" class=\"alignleft size-thumbnail wp-image-497 lazyload\" title=\"bajo\" data-src=\"http:\/\/www.blognoel.com\/wp-content\/smush-webp\/2010\/11\/bassenge-150x150.jpg.webp\" alt=\"\" width=\"171\" height=\"171\" src=\"data:image\/svg+xml;base64,PHN2ZyB3aWR0aD0iMSIgaGVpZ2h0PSIxIiB4bWxucz0iaHR0cDovL3d3dy53My5vcmcvMjAwMC9zdmciPjwvc3ZnPg==\" style=\"--smush-placeholder-width: 171px; --smush-placeholder-aspect-ratio: 171\/171;\" data-smush-webp-fallback=\"{&quot;data-src&quot;:&quot;http:\\\/\\\/www.blognoel.com\\\/wp-content\\\/uploads\\\/2010\\\/11\\\/bassenge-150x150.jpg&quot;}\" \/><\/a><\/p>\n<p>Il s\u2019agit du march\u00e9 artisanal de <a href=\"https:\/\/www.blognoel.com\/es\/\">Navidad<\/a> le plus original de Belgique, du fait qu\u2019il se d\u00e9roule dans de v\u00e9ritables cavernes, des grottes autrefois utilis\u00e9es pour y cultiver des champignons et qui totalisent plus de 700 m\u00e8tres de galeries. Chaque ann\u00e9e, 70 artisans et artistes s\u2019y donnent rendez-vous et attirent 12\u00a0000 visiteurs.<\/p>\n<p>Si les artisans sont s\u00e9lectionn\u00e9s pour l\u2019originalit\u00e9 de leurs cr\u00e9ations, les animations et les personnages qui y participent rel\u00e8vent du conte et de la fantaisie. Parmi les \u00e9tals, vous rencontrerez des f\u00e9es, des trolls, des gnomes, des monstres sympathiques et des sorci\u00e8res de toutes sortes. Sans oublier le <a href=\"https:\/\/www.blognoel.com\/es\/personajes\/papa-noel\/\">Pap\u00e1 Noel<\/a> qui, pour rien au monde, ne raterait cet \u00e9v\u00e9nement.\u00a0 Le March\u00e9 de No\u00ebl de Wonck, c\u2019est le lieu des tr\u00e9sors, de la magie et des myst\u00e8res.\u00a0 Ne soyez pas surpris de voir voleter de v\u00e9ritables chauves-souris, pacifiques mais un peu \u00e9tourdies devant autant d\u2019activit\u00e9 et de lumi\u00e8res.<\/p>\n<p>Este mercado navide\u00f1o, siempre abierto a pesar del tiempo, exhibe artesan\u00edas, ya sean simples aficiones, art\u00edsticas, profesionales o gastron\u00f3micas. Los art\u00edculos expuestos son siempre de alta calidad y hay opciones para todos los bolsillos. Varios puestos de comida ofrecen algo para satisfacer incluso a los m\u00e1s exigentes.<\/p>\n<p><strong>Referencia hist\u00f3rica<\/strong><\/p>\n<p>Las cuevas, que son, m\u00e1s precisamente, antiguas canteras de s\u00edlex y toba, tienen m\u00e1s de dos mil a\u00f1os de antig\u00fcedad, como todas las dem\u00e1s de la regi\u00f3n. Peque\u00f1as excavaciones realizadas para extraer arena y marga, han crecido a lo largo de los siglos. Los senderos se entrecruzan y se descruzan formando un aut\u00e9ntico laberinto.<\/p>\n<p>Tras la marcha de los romanos, los ind\u00edgenas continuaron extrayendo toba y s\u00edlex, que utilizaban principalmente para la construcci\u00f3n, convirti\u00e9ndolo en una industria floreciente.<\/p>\n<p>Las cuevas de Wonck siempre han albergado a los aldeanos durante las numerosas guerras que tuvieron lugar en la regi\u00f3n. Hacia finales del siglo XIX,<sup>mi<\/sup> A partir del siglo XIX, las cuevas se convirtieron en un aut\u00e9ntico laboratorio natural para el cultivo de las famosas setas de Par\u00eds.<\/p>\n<p><em>Abierto el viernes 10 de diciembre de 2010, de 19.30 a 23.00 horas, el s\u00e1bado 11 de diciembre, de 10.00 a 23.00 horas, y el domingo 12 de diciembre, de 10.00 a 20.00 horas. <\/em><\/p>\n<p><em>Precio: 3 euros\/adulto y gratis para ni\u00f1os menores de 13 a\u00f1os.<\/em><em>.<\/em><\/p>","protected":false},"excerpt":{"rendered":"<p>Este es el mercado navide\u00f1o de artesan\u00eda m\u00e1s original de B\u00e9lgica. Se celebra en cuevas aut\u00e9nticas, anta\u00f1o utilizadas para el cultivo de setas, y cuenta con m\u00e1s de 700 metros de galer\u00edas. Cada a\u00f1o, se re\u00fanen all\u00ed 70 artesanos y artistas, que atraen a 12.000 visitantes. Si los artesanos\u2026<\/p>","protected":false},"author":3,"featured_media":0,"comment_status":"open","ping_status":"open","sticky":false,"template":"","format":"standard","meta":{"_kad_blocks_custom_css":"","_kad_blocks_head_custom_js":"","_kad_blocks_body_custom_js":"","_kad_blocks_footer_custom_js":"","_kadence_starter_templates_imported_post":false,"_kad_post_transparent":"","_kad_post_title":"","_kad_post_layout":"","_kad_post_sidebar_id":"","_kad_post_content_style":"","_kad_post_vertical_padding":"","_kad_post_feature":"","_kad_post_feature_position":"","_kad_post_header":false,"_kad_post_footer":false,"_kad_post_classname":"","_jetpack_newsletter_access":"","_jetpack_dont_email_post_to_subs":false,"_jetpack_newsletter_tier_id":0,"_jetpack_memberships_contains_paywalled_content":false,"_jetpack_feature_clip_id":0,"_jetpack_memberships_contains_paid_content":false,"footnotes":"","jetpack_publicize_message":"","jetpack_publicize_feature_enabled":true,"jetpack_social_post_already_shared":false,"jetpack_social_options":{"image_generator_settings":{"template":"highway","default_image_id":0,"font":"","enabled":false},"version":2},"jetpack_post_was_ever_published":false},"categories":[14,6],"tags":[142,144,145],"class_list":["post-496","post","type-post","status-publish","format-standard","hentry","category-fete-de-noel","category-original","tag-les-grottes-de-wonck","tag-marche-de-noel-de-bassenge","tag-marches-de-noel-en-belgique"],"views":657,"jetpack_publicize_connections":[],"taxonomy_info":{"category":[{"value":14,"label":"F\u00eate de No\u00ebl"},{"value":6,"label":"Original"}],"post_tag":[{"value":142,"label":"les grottes de Wonck"},{"value":144,"label":"march\u00e9 de No\u00ebl de Bassenge"},{"value":145,"label":"march\u00e9s de No\u00ebl en Belgique"}]},"featured_image_src_large":false,"author_info":{"display_name":"plumelle","author_link":"https:\/\/www.blognoel.com\/es\/author\/plumelle\/"},"comment_info":1,"category_info":[{"term_id":14,"name":"F\u00eate de No\u00ebl","slug":"fete-de-noel","term_group":0,"term_taxonomy_id":14,"taxonomy":"category","description":"","parent":0,"count":194,"filter":"raw","cat_ID":14,"category_count":194,"category_description":"","cat_name":"F\u00eate de No\u00ebl","category_nicename":"fete-de-noel","category_parent":0},{"term_id":6,"name":"Original","slug":"original","term_group":0,"term_taxonomy_id":6,"taxonomy":"category","description":"","parent":4,"count":21,"filter":"raw","cat_ID":6,"category_count":21,"category_description":"","cat_name":"Original","category_nicename":"original","category_parent":4}],"tag_info":[{"term_id":142,"name":"les grottes de Wonck","slug":"les-grottes-de-wonck","term_group":0,"term_taxonomy_id":142,"taxonomy":"post_tag","description":"","parent":0,"count":1,"filter":"raw"},{"term_id":144,"name":"march\u00e9 de No\u00ebl de Bassenge","slug":"marche-de-noel-de-bassenge","term_group":0,"term_taxonomy_id":144,"taxonomy":"post_tag","description":"","parent":0,"count":1,"filter":"raw"},{"term_id":145,"name":"march\u00e9s de No\u00ebl en Belgique","slug":"marches-de-noel-en-belgique","term_group":0,"term_taxonomy_id":145,"taxonomy":"post_tag","description":"","parent":0,"count":1,"filter":"raw"}],"jetpack_sharing_enabled":true,"jetpack_featured_media_url":"","_links":{"self":[{"href":"https:\/\/www.blognoel.com\/es\/wp-json\/wp\/v2\/posts\/496","targetHints":{"allow":["GET"]}}],"collection":[{"href":"https:\/\/www.blognoel.com\/es\/wp-json\/wp\/v2\/posts"}],"about":[{"href":"https:\/\/www.blognoel.com\/es\/wp-json\/wp\/v2\/types\/post"}],"author":[{"embeddable":true,"href":"https:\/\/www.blognoel.com\/es\/wp-json\/wp\/v2\/users\/3"}],"replies":[{"embeddable":true,"href":"https:\/\/www.blognoel.com\/es\/wp-json\/wp\/v2\/comments?post=496"}],"version-history":[{"count":5,"href":"https:\/\/www.blognoel.com\/es\/wp-json\/wp\/v2\/posts\/496\/revisions"}],"predecessor-version":[{"id":502,"href":"https:\/\/www.blognoel.com\/es\/wp-json\/wp\/v2\/posts\/496\/revisions\/502"}],"wp:attachment":[{"href":"https:\/\/www.blognoel.com\/es\/wp-json\/wp\/v2\/media?parent=496"}],"wp:term":[{"taxonomy":"category","embeddable":true,"href":"https:\/\/www.blognoel.com\/es\/wp-json\/wp\/v2\/categories?post=496"},{"taxonomy":"post_tag","embeddable":true,"href":"https:\/\/www.blognoel.com\/es\/wp-json\/wp\/v2\/tags?post=496"}],"curies":[{"name":"wp","href":"https:\/\/api.w.org\/{rel}","templated":true}]}}