{"id":4910,"date":"2025-10-31T15:47:35","date_gmt":"2025-10-31T14:47:35","guid":{"rendered":"https:\/\/www.blognoel.com\/?p=4910"},"modified":"2025-10-31T15:48:15","modified_gmt":"2025-10-31T14:48:15","slug":"noel-en-france-une-celebration-des-traditions-dans-la-culture-francaise","status":"publish","type":"post","link":"https:\/\/www.blognoel.com\/es\/4910\/noel-en-france-une-celebration-des-traditions-dans-la-culture-francaise\/","title":{"rendered":"\ud83c\udf84 No\u00ebl en France : traditions, histoire et esprit de f\u00eate \u00e0 la fran\u00e7aise"},"content":{"rendered":"<h2 class=\"wp-block-heading\">Une c\u00e9l\u00e9bration qui unit culture, gastronomie et patrimoine<\/h2>\n\n\n\n<p class=\"wp-block-paragraph\">En France,&nbsp;<strong><a href=\"https:\/\/www.blognoel.com\/es\/\">Navidad<\/a><\/strong>&nbsp;est bien plus qu\u2019une simple f\u00eate religieuse : c\u2019est une v\u00e9ritable institution culturelle, c\u00e9l\u00e9br\u00e9e avec ferveur dans chaque r\u00e9gion. Entre&nbsp;<strong>foyers illumin\u00e9s, repas d\u2019exception, march\u00e9s artisanaux et chants traditionnels<\/strong>, cette p\u00e9riode de l\u2019ann\u00e9e symbolise la chaleur humaine et la convivialit\u00e9. Les Fran\u00e7ais, profond\u00e9ment attach\u00e9s \u00e0 leurs coutumes, ont su pr\u00e9server un art de vivre unique autour de cette f\u00eate, m\u00ealant&nbsp;<strong>histoire, spiritualit\u00e9 et plaisir des sens<\/strong>.<\/p>\n\n\n\n<hr class=\"wp-block-separator has-alpha-channel-opacity\"\/>\n\n\n\n<h2 class=\"wp-block-heading\">\ud83c\udf1f L\u2019Avent : la douce attente de No\u00ebl<\/h2>\n\n\n\n<p class=\"wp-block-paragraph\">La p\u00e9riode de&nbsp;<strong>l\u2019Avent<\/strong>, qui pr\u00e9c\u00e8de No\u00ebl, d\u00e9bute le quatri\u00e8me dimanche avant le 25 d\u00e9cembre. C\u2019est un moment de&nbsp;<strong>pr\u00e9paration spirituelle et familiale<\/strong>.<br>Dans les maisons, on installe&nbsp;<strong>la couronne de l\u2019Avent<\/strong>, d\u00e9cor\u00e9e de branches de sapin et de quatre bougies. Chaque dimanche, une nouvelle flamme est allum\u00e9e, symbole d\u2019esp\u00e9rance, de paix, de joie et d\u2019amour. Cette tradition remonte \u00e0 l\u2019Allemagne du XIX\u1d49 si\u00e8cle, mais s\u2019est r\u00e9pandue en Alsace et dans tout le pays.<\/p>\n\n\n\n<p class=\"wp-block-paragraph\">Les enfants attendent avec impatience le&nbsp;<strong>calendrier de l\u2019Avent<\/strong>, apparu en France dans les ann\u00e9es 1950. Au d\u00e9part compos\u00e9 d\u2019images pieuses, il offre aujourd\u2019hui chocolats, jouets ou messages bienveillants. Dans certaines r\u00e9gions, comme en Franche-Comt\u00e9 ou en Lorraine, les familles d\u00e9corent aussi les fen\u00eatres avec des bougies et des guirlandes visibles depuis la rue, rappelant la lumi\u00e8re qui guide vers No\u00ebl.<\/p>\n\n\n\n<p class=\"wp-block-paragraph\">Dans les \u00e9coles, les enfants apprennent des&nbsp;<strong>chants traditionnels<\/strong>&nbsp;et participent \u00e0 des ateliers de d\u00e9coration, tandis que les villages commencent \u00e0 se parer de lumi\u00e8res. Cette p\u00e9riode marque la mont\u00e9e progressive de la magie, un compte \u00e0 rebours lumineux vers la f\u00eate la plus chaleureuse de l\u2019ann\u00e9e.<\/p>\n\n\n\n<hr class=\"wp-block-separator has-alpha-channel-opacity\"\/>\n\n\n\n<h2 class=\"wp-block-heading\">\ud83c\udf7d\ufe0f Le R\u00e9veillon : un festin de traditions et de terroirs<\/h2>\n\n\n\n<p class=\"wp-block-paragraph\">En France, le&nbsp;<strong>R\u00e9veillon de No\u00ebl<\/strong>, c\u00e9l\u00e9br\u00e9 le 24 d\u00e9cembre, est un moment sacr\u00e9. C\u2019est l\u2019occasion de r\u00e9unir la famille autour d\u2019une table g\u00e9n\u00e9reuse, d\u00e9cor\u00e9e de bougies, de branches de houx et de serviettes rouges et dor\u00e9es.<\/p>\n\n\n\n<p class=\"wp-block-paragraph\">Le menu varie selon les r\u00e9gions, mais certains mets sont devenus embl\u00e9matiques :<\/p>\n\n\n\n<ul class=\"wp-block-list\">\n<li>EL\u00a0<strong>foie gras<\/strong>, symbole de f\u00eate et de raffinement, originaire du Sud-Ouest.<\/li>\n\n\n\n<li>Les\u00a0<strong>hu\u00eetres<\/strong>, fra\u00eeches ou gratin\u00e9es, incontournables sur les c\u00f4tes atlantiques.<\/li>\n\n\n\n<li>All\u00e1\u00a0<strong>dinde aux marrons<\/strong>\u00a0o el\u00a0<strong>chapon farci<\/strong>, plats festifs servis avec des l\u00e9gumes d\u2019hiver.<\/li>\n\n\n\n<li>All\u00e1\u00a0<strong>b\u00fbche de No\u00ebl<\/strong>, dessert incontournable inspir\u00e9 d\u2019un ancien rite pa\u00efen consistant \u00e0 br\u00fbler une b\u00fbche dans l\u2019\u00e2tre pour assurer chance et prosp\u00e9rit\u00e9.<\/li>\n<\/ul>\n\n\n\n<p class=\"wp-block-paragraph\">Dans le Sud de la France, notamment en Provence, le repas prend une dimension unique avec la tradition des&nbsp;<strong>treize desserts<\/strong>. Ces mets symbolisent <a href=\"https:\/\/www.blognoel.com\/es\/personajes\/jesus\/\">Jes\u00fas<\/a> et ses douze ap\u00f4tres : on y retrouve&nbsp;<strong>les quatre mendiants<\/strong>&nbsp;(figues, noix, amandes et raisins secs), la&nbsp;<strong>pompe \u00e0 l\u2019huile<\/strong>, les&nbsp;<strong>calissons<\/strong>, les&nbsp;<strong>nougats<\/strong>&nbsp;et les fruits confits.<br>Chaque dessert raconte une part de l\u2019histoire r\u00e9gionale et religieuse, m\u00ealant saveurs et symboles.<\/p>\n\n\n\n<p class=\"wp-block-paragraph\">La soir\u00e9e s\u2019ach\u00e8ve souvent par la&nbsp;<strong>misa del gallo<\/strong>, encore tr\u00e8s suivie dans les villages. \u00c0 la sortie de l\u2019\u00e9glise, les habitants se retrouvent pour partager un dernier verre de vin chaud ou de chocolat chaud, renfor\u00e7ant la dimension communautaire du R\u00e9veillon.<\/p>\n\n\n\n<hr class=\"wp-block-separator has-alpha-channel-opacity\"\/>\n\n\n\n<h2 class=\"wp-block-heading\">\ud83d\udd6f\ufe0f La cr\u00e8che et les santons : entre foi et patrimoine<\/h2>\n\n\n\n<p class=\"wp-block-paragraph\">All\u00e1&nbsp;<strong>cr\u00e8che de No\u00ebl<\/strong>&nbsp;est l\u2019un des \u00e9l\u00e9ments les plus embl\u00e9matiques de la culture fran\u00e7aise. Introduite au XIII\u1d49 si\u00e8cle par&nbsp;<strong>Saint Fran\u00e7ois d\u2019Assise<\/strong>, elle est devenue une v\u00e9ritable tradition dans les foyers et les \u00e9glises.<br>Mais c\u2019est en&nbsp;<strong>Provence<\/strong>, au XVIII\u1d49 si\u00e8cle, que cette tradition prend toute son ampleur avec l\u2019apparition des&nbsp;<strong>santones<\/strong>, ces figurines en argile peintes \u00e0 la main repr\u00e9sentant non seulement la Sainte Famille, mais aussi les habitants du village \u2014 le meunier, le berger, la poissonni\u00e8re ou encore le r\u00e9mouleur.<\/p>\n\n\n\n<p class=\"wp-block-paragraph\">Chaque santon incarne&nbsp;<strong>une facette du quotidien proven\u00e7al<\/strong>, et leur fabrication est aujourd\u2019hui consid\u00e9r\u00e9e comme un&nbsp;<strong>savoir-faire artisanal fran\u00e7ais<\/strong>. \u00c0 Marseille, Aubagne ou Arles, des&nbsp;<strong>foires aux santons<\/strong>&nbsp;se tiennent chaque ann\u00e9e d\u00e8s novembre, attirant collectionneurs et curieux.<\/p>\n\n\n\n<p class=\"wp-block-paragraph\">Dans d\u2019autres r\u00e9gions, la cr\u00e8che se modernise : certaines familles ajoutent des lumi\u00e8res, des d\u00e9cors miniatures ou des figurines contemporaines, tout en conservant le sens profond de cette repr\u00e9sentation \u2014&nbsp;<strong>la paix et la simplicit\u00e9 de la naissance de J\u00e9sus<\/strong>.<\/p>\n\n\n\n<hr class=\"wp-block-separator has-alpha-channel-opacity\"\/>\n\n\n\n<h2 class=\"wp-block-heading\">\ud83c\udf81 Les march\u00e9s de No\u00ebl : traditions, senteurs et artisanat<\/h2>\n\n\n\n<p class=\"wp-block-paragraph\">Les&nbsp;<strong>Mercados navide\u00f1os<\/strong>&nbsp;sont devenus un symbole incontournable de la p\u00e9riode festive. Leur origine remonte au&nbsp;<strong>XVe si\u00e8cle<\/strong>, avec le fameux&nbsp;<strong>Christkindelsm\u00e4rik de Strasbourg<\/strong>&nbsp;en 1570 \u2014 le plus ancien march\u00e9 de No\u00ebl en Europe occidentale.<br>Aujourd\u2019hui, des dizaines de villes fran\u00e7aises perp\u00e9tuent cette tradition, chacune avec son atmosph\u00e8re propre.<\/p>\n\n\n\n<ul class=\"wp-block-list\">\n<li><strong><a href=\"https:\/\/www.blognoel.com\/es\/4785\/strasbourg-la-capitale-mondiale-de-noel\/\" data-type=\"post\" data-id=\"4785\">Strasbourg<\/a><\/strong>, surnomm\u00e9e \u00ab capitale de No\u00ebl \u00bb, attire plus de deux millions de visiteurs avec ses 300 chalets et sa majestueuse cath\u00e9drale.<\/li>\n\n\n\n<li><strong><a href=\"https:\/\/www.blognoel.com\/es\/5002\/%f0%9f%8e%84-le-marche-de-noel-de-colmar-histoire-traditions-et-magie-alsacienne\/\" data-type=\"post\" data-id=\"5002\">Colmar<\/a><\/strong>, c\u00e9l\u00e8bre pour ses cinq march\u00e9s reli\u00e9s par les canaux, propose un d\u00e9cor f\u00e9erique de maisons \u00e0 colombages et d\u2019illuminations dor\u00e9es.<\/li>\n\n\n\n<li>\u00c0\u00a0<strong>Lyon<\/strong>, all\u00e1\u00a0<strong>F\u00eate des Lumi\u00e8res<\/strong>\u00a0se m\u00eale \u00e0 la magie de No\u00ebl, offrant un spectacle visuel exceptionnel.<\/li>\n\n\n\n<li><strong>Par\u00eds<\/strong>\u00a0multiplie les petits march\u00e9s dans chaque quartier, du Jardin des Tuileries \u00e0 Montmartre.<\/li>\n\n\n\n<li><a href=\"https:\/\/www.blognoel.com\/es\/5008\/%f0%9f%8e%84-noel-a-disneyland-paris-la-feerie-absolue-entre-magie-lumiere-et-reve-denfant\/\" data-type=\"post\" data-id=\"5008\">Navidad en Disneyland Par\u00eds<\/a>, cela vaut la peine de vivre une fois l&rsquo;exp\u00e9rience magique d&rsquo;un No\u00ebl \u00e0 Disneyland. <\/li>\n<\/ul>\n\n\n\n<p class=\"wp-block-paragraph\">On y trouve&nbsp;<strong>objets artisanaux<\/strong>,&nbsp;<strong>jouets en bois<\/strong>,&nbsp;<strong>bougies parfum\u00e9es<\/strong>,&nbsp;<strong>d\u00e9corations de sapin<\/strong>, mais aussi les&nbsp;<strong>sp\u00e9cialit\u00e9s gastronomiques locales<\/strong>&nbsp;: vin chaud, bretzels, pain d\u2019\u00e9pices, fromage fondu, gaufres et chocolat chaud.<br>Ces march\u00e9s ne sont pas seulement des lieux de commerce, mais des espaces de rencontre et de convivialit\u00e9 o\u00f9 l\u2019on c\u00e9l\u00e8bre&nbsp;<strong>le savoir-faire fran\u00e7ais et la magie de l\u2019hiver<\/strong>.<\/p>\n\n\n\n<hr class=\"wp-block-separator has-alpha-channel-opacity\"\/>\n\n\n\n<h2 class=\"wp-block-heading\">\ud83c\udfb6 Les chants et la musique de No\u00ebl : la bande-son de la f\u00eate<\/h2>\n\n\n\n<p class=\"wp-block-paragraph\">Les&nbsp;<strong>chants de No\u00ebl<\/strong>, appel\u00e9s&nbsp;<em>chants de No\u00ebl<\/em>&nbsp;O&nbsp;<em>himnos<\/em>, sont omnipr\u00e9sents dans les foyers et les \u00e9glises fran\u00e7aises. Parmi les plus c\u00e9l\u00e8bres,&nbsp;<em>Il est n\u00e9 le divin Enfant<\/em>,&nbsp;<em>\u00c1ngeles en nuestro campo<\/em>&nbsp;Y&nbsp;<em>Medianoche, cristianos<\/em>&nbsp;\u00e9voquent \u00e0 la fois la foi et la po\u00e9sie.<br>Ces m\u00e9lodies sont transmises de g\u00e9n\u00e9ration en g\u00e9n\u00e9ration, symbolisant la continuit\u00e9 des traditions.<\/p>\n\n\n\n<p class=\"wp-block-paragraph\">Dans les villes, les&nbsp;<strong>chorales<\/strong>&nbsp;Y&nbsp;<strong>concerts de No\u00ebl<\/strong>&nbsp;animent les rues et les cath\u00e9drales. Certaines r\u00e9gions, comme la Bretagne ou la Savoie, poss\u00e8dent leurs propres chants en dialecte local.<br>La musique de No\u00ebl fran\u00e7aise refl\u00e8te ainsi la diversit\u00e9 linguistique et culturelle du pays.<\/p>\n\n\n\n<p class=\"wp-block-paragraph\">Aujourd\u2019hui, les playlists m\u00ealant&nbsp;<strong>chants traditionnels<\/strong>&nbsp;Y&nbsp;<strong>titres modernes francophones<\/strong>&nbsp;(comme ceux de Tino Rossi ou Chim\u00e8ne Badi) unissent pass\u00e9 et pr\u00e9sent dans une m\u00eame atmosph\u00e8re festive.<\/p>\n\n\n\n<hr class=\"wp-block-separator has-alpha-channel-opacity\"\/>\n\n\n\n<h2 class=\"wp-block-heading\">\ud83d\udd4a\ufe0f No\u00ebl, miroir de la soci\u00e9t\u00e9 fran\u00e7aise<\/h2>\n\n\n\n<p class=\"wp-block-paragraph\">No\u00ebl en France est une f\u00eate profond\u00e9ment&nbsp;<strong>familiale et interg\u00e9n\u00e9rationnelle<\/strong>. C\u2019est le moment de se retrouver, parfois apr\u00e8s des mois d\u2019\u00e9loignement, autour d\u2019un repas et d\u2019un sapin d\u00e9cor\u00e9.<br>Mais c\u2019est aussi une p\u00e9riode de&nbsp;<strong>solidarit\u00e9<\/strong>&nbsp;: les associations caritatives organisent des collectes de jouets, des repas pour les plus d\u00e9munis et des distributions de colis alimentaires. Des initiatives comme les&nbsp;<strong>Restos du C\u0153ur<\/strong>&nbsp;ou la&nbsp;<strong>Croix-Rouge fran\u00e7aise<\/strong>&nbsp;rappellent que l\u2019esprit de No\u00ebl, c\u2019est aussi&nbsp;<strong>le partage et la bienveillance<\/strong>.<\/p>\n\n\n\n<p class=\"wp-block-paragraph\">Les Fran\u00e7ais sont \u00e9galement attach\u00e9s \u00e0 la&nbsp;<strong>dimension esth\u00e9tique<\/strong>&nbsp;de cette f\u00eate : vitrines anim\u00e9es \u00e0 Paris, concours de d\u00e9corations dans les villages, illumination des monuments historiques&#8230; chaque lieu rivalise de cr\u00e9ativit\u00e9 pour magnifier cette p\u00e9riode.<\/p>\n\n\n\n<hr class=\"wp-block-separator has-alpha-channel-opacity\"\/>\n\n\n\n<h2 class=\"wp-block-heading\">\ud83c\udf84 un No\u00ebl \u00e0 la fran\u00e7aise, entre h\u00e9ritage et modernit\u00e9<\/h2>\n\n\n\n<p class=\"wp-block-paragraph\">C\u00e9l\u00e9brer No\u00ebl en France, c\u2019est plonger dans un monde o\u00f9&nbsp;<strong>la tradition rencontre la modernit\u00e9<\/strong>. C\u2019est partager un repas g\u00e9n\u00e9reux, s\u2019\u00e9merveiller devant une cr\u00e8che proven\u00e7ale, fl\u00e2ner dans un march\u00e9 illumin\u00e9 ou chanter sous les \u00e9toiles d\u2019hiver.<br>Chaque r\u00e9gion, chaque famille apporte sa touche, mais toutes ont en commun le&nbsp;<strong>go\u00fbt du partage, du beau et du bon<\/strong>.<\/p>\n\n\n\n<p class=\"wp-block-paragraph\">Ainsi, No\u00ebl en France demeure une exp\u00e9rience profond\u00e9ment humaine, o\u00f9\u00a0<strong>la culture, la gastronomie et la foi<\/strong> s\u2019entrelacent pour cr\u00e9er une atmosph\u00e8re unique au monde \u2014 une c\u00e9l\u00e9bration de la\u00a0<strong>vie, de la famille et de la lumi\u00e8re au c\u0153ur de l\u2019hiver.<\/strong><\/p>","protected":false},"excerpt":{"rendered":"<p>Une c\u00e9l\u00e9bration qui unit culture, gastronomie et patrimoine En France,&nbsp;No\u00ebl&nbsp;est bien plus qu\u2019une simple f\u00eate religieuse : c\u2019est une v\u00e9ritable institution culturelle, c\u00e9l\u00e9br\u00e9e avec ferveur dans chaque r\u00e9gion. Entre&nbsp;foyers illumin\u00e9s, repas d\u2019exception, march\u00e9s artisanaux et chants traditionnels, cette p\u00e9riode de l\u2019ann\u00e9e symbolise la chaleur humaine et la convivialit\u00e9. Les Fran\u00e7ais, profond\u00e9ment attach\u00e9s \u00e0 leurs coutumes,&#8230;<\/p>","protected":false},"author":1,"featured_media":5001,"comment_status":"open","ping_status":"closed","sticky":false,"template":"","format":"standard","meta":{"_kad_blocks_custom_css":"","_kad_blocks_head_custom_js":"","_kad_blocks_body_custom_js":"","_kad_blocks_footer_custom_js":"","_kadence_starter_templates_imported_post":false,"_kad_post_transparent":"","_kad_post_title":"","_kad_post_layout":"","_kad_post_sidebar_id":"","_kad_post_content_style":"","_kad_post_vertical_padding":"","_kad_post_feature":"","_kad_post_feature_position":"","_kad_post_header":false,"_kad_post_footer":false,"_kad_post_classname":"","_jetpack_newsletter_access":"","_jetpack_dont_email_post_to_subs":false,"_jetpack_newsletter_tier_id":0,"_jetpack_memberships_contains_paywalled_content":false,"_jetpack_feature_clip_id":0,"_jetpack_memberships_contains_paid_content":false,"footnotes":"","jetpack_publicize_message":"","jetpack_publicize_feature_enabled":true,"jetpack_social_post_already_shared":true,"jetpack_social_options":{"image_generator_settings":{"template":"highway","default_image_id":0,"font":"","enabled":false},"version":2},"jetpack_post_was_ever_published":false},"categories":[14],"tags":[],"class_list":["post-4910","post","type-post","status-publish","format-standard","has-post-thumbnail","hentry","category-fete-de-noel"],"views":276,"jetpack_publicize_connections":[],"taxonomy_info":{"category":[{"value":14,"label":"F\u00eate de No\u00ebl"}]},"featured_image_src_large":["https:\/\/www.blognoel.com\/wp-content\/uploads\/2025\/10\/noel-en-France-.jpg",1024,1024,false],"author_info":{"display_name":"Jean-Michel","author_link":"https:\/\/www.blognoel.com\/es\/author\/admin\/"},"comment_info":0,"category_info":[{"term_id":14,"name":"F\u00eate de No\u00ebl","slug":"fete-de-noel","term_group":0,"term_taxonomy_id":14,"taxonomy":"category","description":"","parent":0,"count":194,"filter":"raw","cat_ID":14,"category_count":194,"category_description":"","cat_name":"F\u00eate de No\u00ebl","category_nicename":"fete-de-noel","category_parent":0}],"tag_info":false,"jetpack_sharing_enabled":true,"jetpack_featured_media_url":"https:\/\/www.blognoel.com\/wp-content\/uploads\/2025\/10\/noel-en-France-.jpg","_links":{"self":[{"href":"https:\/\/www.blognoel.com\/es\/wp-json\/wp\/v2\/posts\/4910","targetHints":{"allow":["GET"]}}],"collection":[{"href":"https:\/\/www.blognoel.com\/es\/wp-json\/wp\/v2\/posts"}],"about":[{"href":"https:\/\/www.blognoel.com\/es\/wp-json\/wp\/v2\/types\/post"}],"author":[{"embeddable":true,"href":"https:\/\/www.blognoel.com\/es\/wp-json\/wp\/v2\/users\/1"}],"replies":[{"embeddable":true,"href":"https:\/\/www.blognoel.com\/es\/wp-json\/wp\/v2\/comments?post=4910"}],"version-history":[{"count":3,"href":"https:\/\/www.blognoel.com\/es\/wp-json\/wp\/v2\/posts\/4910\/revisions"}],"predecessor-version":[{"id":5018,"href":"https:\/\/www.blognoel.com\/es\/wp-json\/wp\/v2\/posts\/4910\/revisions\/5018"}],"wp:featuredmedia":[{"embeddable":true,"href":"https:\/\/www.blognoel.com\/es\/wp-json\/wp\/v2\/media\/5001"}],"wp:attachment":[{"href":"https:\/\/www.blognoel.com\/es\/wp-json\/wp\/v2\/media?parent=4910"}],"wp:term":[{"taxonomy":"category","embeddable":true,"href":"https:\/\/www.blognoel.com\/es\/wp-json\/wp\/v2\/categories?post=4910"},{"taxonomy":"post_tag","embeddable":true,"href":"https:\/\/www.blognoel.com\/es\/wp-json\/wp\/v2\/tags?post=4910"}],"curies":[{"name":"wp","href":"https:\/\/api.w.org\/{rel}","templated":true}]}}