{"id":4891,"date":"2025-10-27T16:47:39","date_gmt":"2025-10-27T15:47:39","guid":{"rendered":"https:\/\/www.blognoel.com\/?p=4891"},"modified":"2025-10-21T16:51:24","modified_gmt":"2025-10-21T14:51:24","slug":"envisager-un-avenir-festif-celebrer-noel-2025","status":"publish","type":"post","link":"https:\/\/www.blognoel.com\/es\/4891\/envisager-un-avenir-festif-celebrer-noel-2025\/","title":{"rendered":"Envisager un avenir festif\u00a0: c\u00e9l\u00e9brer No\u00ebl 2025"},"content":{"rendered":"<p class=\"wp-block-paragraph\"><\/p>\n\n\n\n\n\n<p class=\"wp-block-paragraph\"><\/p>\n\n\n\n<section><p><\/p>\n<h2>L&rsquo;esprit de No\u00ebl<\/h2>\n<p><\/p>\n<p><a href=\"https:\/\/www.blognoel.com\/es\/\">Navidad<\/a>, moment de joie, de g\u00e9n\u00e9rosit\u00e9 et de convivialit\u00e9, a toujours occup\u00e9 une place particuli\u00e8re dans nos c\u0153urs. \u00c0 l&rsquo;approche de 2025, il est essentiel non seulement de ch\u00e9rir les traditions du pass\u00e9, mais \u00e9galement d&rsquo;envisager de nouvelles fa\u00e7ons de c\u00e9l\u00e9brer cette saison magique.<\/p>\n<p>\n<\/p><\/section>\n\n\n\n<p class=\"wp-block-paragraph\"><\/p>\n\n\n\n<section><p><\/p>\n<h2>C\u00e9l\u00e9brations innovantes<\/h2>\n<p><\/p>\n<h3>1. Communaut\u00e9s num\u00e9riques<\/h3>\n<p><\/p>\n<p>L\u2019essor de la technologie a ouvert les portes d\u2019une connectivit\u00e9 g\u00e9n\u00e9ralis\u00e9e. En 2025, attendez-vous \u00e0 voir des \u00e9v\u00e9nements virtuels permettant aux familles et aux amis du <a href=\"https:\/\/www.blognoel.com\/es\/gira-mundial-de-fiestas-navidenas\/\">monde<\/a> entier de participer \u00e0 des c\u00e9l\u00e9brations communes. Les march\u00e9s de No\u00ebl virtuels, les chants de No\u00ebl en ligne et les s\u00e9ances de contes interactives am\u00e9lioreront notre exp\u00e9rience des f\u00eates.<\/p>\n<p><\/p>\n<h3>2. Des festivit\u00e9s respectueuses de l&rsquo;environnement<\/h3>\n<p><\/p>\n<p>Alors que la durabilit\u00e9 reste une priorit\u00e9, No\u00ebl 2025 pourrait ouvrir la voie \u00e0 des c\u00e9l\u00e9brations plus vertes. Attendez-vous \u00e0 voir davantage de familles opter pour des d\u00e9corations respectueuses de l&rsquo;environnement, des cadeaux durables et des f\u00eates de fin d&rsquo;ann\u00e9e \u00e0 base de plantes. L\u2019accent sera d\u00e9sormais mis sur la c\u00e9l\u00e9bration avec un impact minimal sur l\u2019environnement.<\/p>\n<p><\/p>\n<h3>3. Exp\u00e9riences personnalis\u00e9es<\/h3>\n<p><\/p>\n<p>Avec les progr\u00e8s technologiques, les exp\u00e9riences de No\u00ebl personnalis\u00e9es deviendront la norme. Des coffrets cadeaux s\u00e9lectionn\u00e9s adapt\u00e9s aux pr\u00e9f\u00e9rences individuelles aux exp\u00e9riences adapt\u00e9es aux traditions uniques d&rsquo;une famille, chaque Noel se sentira sp\u00e9cial et adapt\u00e9 \u00e0 chacun.<\/p>\n<p>\n<\/p><\/section>\n\n\n\n<p class=\"wp-block-paragraph\"><\/p>\n\n\n\n<section><p><\/p>\n<h2>Le retour de la communaut\u00e9<\/h2>\n<p><\/p>\n<p>Alors que nous envisageons No\u00ebl 2025, l\u2019importance de la communaut\u00e9 devient encore plus forte. Attendez-vous \u00e0 des \u00e9v\u00e9nements \u00e0 grande \u00e9chelle, inclusifs et con\u00e7us pour rassembler les gens, comme des expositions de lumi\u00e8res communautaires, des campagnes caritatives et des rassemblements festifs qui mettent l&rsquo;accent sur la convivialit\u00e9 et le don.<\/p>\n<p>\n<\/p><\/section>\n\n\n\n<p class=\"wp-block-paragraph\"><\/p>\n\n\n\n<section><p><\/p>\n<h2>Conclusion&nbsp;: un avenir radieux \u00e0 venir<\/h2>\n<p><\/p>\n<p>No\u00ebl 2025 promet d&rsquo;\u00eatre un beau m\u00e9lange de traditions ch\u00e8res et de c\u00e9l\u00e9brations innovantes. \u00c0 mesure que nous nous adaptons aux temps changeants, l\u2019essence de l\u2019amour, de la gentillesse et de la joie qui d\u00e9finit cette saison transpara\u00eetra sans aucun doute, nous rappelant \u00e0 tous l\u2019esprit de convivialit\u00e9 qui rend Noel vraiment sp\u00e9cial.<\/p>\n<p>\n<\/p><\/section>\n\n\n\n<p class=\"wp-block-paragraph\"><\/p>\n\n\n\n\n\n<p class=\"wp-block-paragraph\"><\/p>","protected":false},"excerpt":{"rendered":"<p>L&rsquo;esprit de No\u00ebl No\u00ebl, moment de joie, de g\u00e9n\u00e9rosit\u00e9 et de convivialit\u00e9, a toujours occup\u00e9 une place particuli\u00e8re dans nos c\u0153urs. \u00c0 l&rsquo;approche de 2025, il est essentiel non seulement de ch\u00e9rir les traditions du pass\u00e9, mais \u00e9galement d&rsquo;envisager de nouvelles fa\u00e7ons de c\u00e9l\u00e9brer cette saison magique. C\u00e9l\u00e9brations innovantes 1. Communaut\u00e9s num\u00e9riques L\u2019essor de la&#8230;<\/p>","protected":false},"author":1,"featured_media":4894,"comment_status":"open","ping_status":"closed","sticky":false,"template":"","format":"standard","meta":{"_kad_blocks_custom_css":"","_kad_blocks_head_custom_js":"","_kad_blocks_body_custom_js":"","_kad_blocks_footer_custom_js":"","_kadence_starter_templates_imported_post":false,"_kad_post_transparent":"","_kad_post_title":"","_kad_post_layout":"","_kad_post_sidebar_id":"","_kad_post_content_style":"","_kad_post_vertical_padding":"","_kad_post_feature":"","_kad_post_feature_position":"","_kad_post_header":false,"_kad_post_footer":false,"_kad_post_classname":"","_jetpack_newsletter_access":"","_jetpack_dont_email_post_to_subs":false,"_jetpack_newsletter_tier_id":0,"_jetpack_memberships_contains_paywalled_content":false,"_jetpack_feature_clip_id":0,"_jetpack_memberships_contains_paid_content":false,"footnotes":"","jetpack_publicize_message":"","jetpack_publicize_feature_enabled":true,"jetpack_social_post_already_shared":true,"jetpack_social_options":{"image_generator_settings":{"template":"highway","default_image_id":0,"font":"","enabled":false},"version":2},"jetpack_post_was_ever_published":false},"categories":[14],"tags":[],"class_list":["post-4891","post","type-post","status-publish","format-standard","has-post-thumbnail","hentry","category-fete-de-noel"],"views":65,"jetpack_publicize_connections":[],"taxonomy_info":{"category":[{"value":14,"label":"F\u00eate de No\u00ebl"}]},"featured_image_src_large":["https:\/\/www.blognoel.com\/wp-content\/uploads\/2025\/10\/noel-fete-2025-5469820-800x1200.jpg",800,1200,true],"author_info":{"display_name":"Jean-Michel","author_link":"https:\/\/www.blognoel.com\/es\/author\/admin\/"},"comment_info":0,"category_info":[{"term_id":14,"name":"F\u00eate de No\u00ebl","slug":"fete-de-noel","term_group":0,"term_taxonomy_id":14,"taxonomy":"category","description":"","parent":0,"count":194,"filter":"raw","cat_ID":14,"category_count":194,"category_description":"","cat_name":"F\u00eate de No\u00ebl","category_nicename":"fete-de-noel","category_parent":0}],"tag_info":false,"jetpack_sharing_enabled":true,"jetpack_featured_media_url":"https:\/\/www.blognoel.com\/wp-content\/uploads\/2025\/10\/noel-fete-2025-5469820-scaled.jpg","_links":{"self":[{"href":"https:\/\/www.blognoel.com\/es\/wp-json\/wp\/v2\/posts\/4891","targetHints":{"allow":["GET"]}}],"collection":[{"href":"https:\/\/www.blognoel.com\/es\/wp-json\/wp\/v2\/posts"}],"about":[{"href":"https:\/\/www.blognoel.com\/es\/wp-json\/wp\/v2\/types\/post"}],"author":[{"embeddable":true,"href":"https:\/\/www.blognoel.com\/es\/wp-json\/wp\/v2\/users\/1"}],"replies":[{"embeddable":true,"href":"https:\/\/www.blognoel.com\/es\/wp-json\/wp\/v2\/comments?post=4891"}],"version-history":[{"count":1,"href":"https:\/\/www.blognoel.com\/es\/wp-json\/wp\/v2\/posts\/4891\/revisions"}],"predecessor-version":[{"id":4895,"href":"https:\/\/www.blognoel.com\/es\/wp-json\/wp\/v2\/posts\/4891\/revisions\/4895"}],"wp:featuredmedia":[{"embeddable":true,"href":"https:\/\/www.blognoel.com\/es\/wp-json\/wp\/v2\/media\/4894"}],"wp:attachment":[{"href":"https:\/\/www.blognoel.com\/es\/wp-json\/wp\/v2\/media?parent=4891"}],"wp:term":[{"taxonomy":"category","embeddable":true,"href":"https:\/\/www.blognoel.com\/es\/wp-json\/wp\/v2\/categories?post=4891"},{"taxonomy":"post_tag","embeddable":true,"href":"https:\/\/www.blognoel.com\/es\/wp-json\/wp\/v2\/tags?post=4891"}],"curies":[{"name":"wp","href":"https:\/\/api.w.org\/{rel}","templated":true}]}}