{"id":4886,"date":"2025-10-21T16:22:15","date_gmt":"2025-10-21T14:22:15","guid":{"rendered":"https:\/\/www.blognoel.com\/4886\/le-tableau-nativite-une-representation-intemporelle-de-la-creche\/"},"modified":"2025-10-21T16:22:15","modified_gmt":"2025-10-21T14:22:15","slug":"le-tableau-nativite-une-representation-intemporelle-de-la-creche","status":"publish","type":"post","link":"https:\/\/www.blognoel.com\/es\/4886\/le-tableau-nativite-une-representation-intemporelle-de-la-creche\/","title":{"rendered":"Le Tableau Nativit\u00e9 : une repr\u00e9sentation intemporelle de la cr\u00e8che"},"content":{"rendered":"<p><br \/>\n<\/p>\n<div class=\"container\"><img decoding=\"async\" src=\"nativity-scene.jpg\" alt=\"Tableau Nativit\u00e9\"><\/p>\n<p>Le Tableau Nativit\u00e9, ou sc\u00e8ne de la Nativit\u00e9, est une repr\u00e9sentation pr\u00e9cieuse de la naissance de <a href=\"https:\/\/www.blognoel.com\/es\/personajes\/jesus\/\">Jes\u00fas<\/a>-Christ qui a transcend\u00e9 les g\u00e9n\u00e9rations et les cultures. Avec ses figures complexes et son design d\u00e9taill\u00e9, il capture le moment sacr\u00e9 d&rsquo;une mani\u00e8re qui r\u00e9sonne chez beaucoup pendant la p\u00e9riode des f\u00eates.<\/p>\n<p><\/p>\n<h2>Une riche tradition historique<\/h2>\n<p><\/p>\n<p>On pense que la tradition de cr\u00e9er des cr\u00e8ches a commenc\u00e9 au XIIIe si\u00e8cle, lorsque Saint Fran\u00e7ois d&rsquo;Assise a install\u00e9 la premi\u00e8re cr\u00e8che vivante pour c\u00e9l\u00e9brer No\u00ebl. Le Tableau Nativit\u00e9, cependant, a \u00e9volu\u00e9 pour inclure divers styles et interpr\u00e9tations artistiques \u00e0 travers le <a href=\"https:\/\/www.blognoel.com\/es\/gira-mundial-de-fiestas-navidenas\/\">monde<\/a>. Des simples figurines en bois aux d\u00e9corations \u00e9labor\u00e9es, la cr\u00e8che est devenue un symbole universel de chaleur, d&rsquo;amour et de foi.<\/p>\n<p><\/p>\n<h2>\u00c9l\u00e9ments artistiques<\/h2>\n<p><\/p>\n<p>L&rsquo;un des aspects remarquables du Tableau Nativit\u00e9 est sa repr\u00e9sentation artistique, qui varie consid\u00e9rablement selon les r\u00e9gions. Les personnages courants incluent Marie, Joseph, l&rsquo;enfant J\u00e9sus, les anges, les bergers et les mages. Les artistes utilisent souvent des couleurs vives pour donner vie \u00e0 ces personnages, cr\u00e9ant ainsi un r\u00e9cit visuel qui \u00e9voque un sentiment de paix et d&rsquo;\u00e9merveillement.<\/p>\n<p><\/p>\n<h2>Importance culturelle<\/h2>\n<p><\/p>\n<p>La cr\u00e8che rev\u00eat une profonde signification culturelle au-del\u00e0 de ses connotations religieuses. Dans de nombreuses cultures, l\u2019installation d\u2019une cr\u00e8che est une tradition de f\u00eate tr\u00e8s appr\u00e9ci\u00e9e qui rassemble les familles. Il rappelle l\u2019esprit de g\u00e9n\u00e9rosit\u00e9, de compassion et de communaut\u00e9, transcendant la simple d\u00e9coration.<\/p>\n<p><\/p>\n<h2>Interpr\u00e9tations modernes<\/h2>\n<p><\/p>\n<p>\u00c0 l\u2019\u00e9poque contemporaine, le Tableau Nativit\u00e9 est toujours d\u2019actualit\u00e9. Les artistes et cr\u00e9ateurs exp\u00e9rimentent diff\u00e9rents mat\u00e9riaux et styles, des c\u00e9ramiques peintes \u00e0 la main aux \u00e9crans de haute technologie utilisant la lumi\u00e8re et le son. Des cr\u00e8ches virtuelles ont \u00e9galement vu le jour, permettant aux gens de vivre l\u2019histoire de mani\u00e8re innovante.<\/p>\n<p><\/p>\n<h2>Conclusion<\/h2>\n<p><\/p>\n<p>Le Tableau Nativit\u00e9 reste une repr\u00e9sentation intemporelle de la cr\u00e8che, symbolisant l&rsquo;espoir et la joie. Qu&rsquo;il soit expos\u00e9 dans les maisons, les \u00e9glises ou les places communautaires, il continue d&rsquo;inspirer et de rassembler les gens, nous rappelant l&rsquo;essence de la saison.<\/p>\n<p>\n<\/div>","protected":false},"excerpt":{"rendered":"<p>Le Tableau Nativit\u00e9, ou sc\u00e8ne de la Nativit\u00e9, est une repr\u00e9sentation pr\u00e9cieuse de la naissance de J\u00e9sus-Christ qui a transcend\u00e9 les g\u00e9n\u00e9rations et les cultures. Avec ses figures complexes et son design d\u00e9taill\u00e9, il capture le moment sacr\u00e9 d&rsquo;une mani\u00e8re qui r\u00e9sonne chez beaucoup pendant la p\u00e9riode des f\u00eates. Une riche tradition historique On pense&#8230;<\/p>","protected":false},"author":1,"featured_media":0,"comment_status":"open","ping_status":"","sticky":false,"template":"","format":"standard","meta":{"_kad_blocks_custom_css":"","_kad_blocks_head_custom_js":"","_kad_blocks_body_custom_js":"","_kad_blocks_footer_custom_js":"","_kadence_starter_templates_imported_post":false,"_kad_post_transparent":"","_kad_post_title":"","_kad_post_layout":"","_kad_post_sidebar_id":"","_kad_post_content_style":"","_kad_post_vertical_padding":"","_kad_post_feature":"","_kad_post_feature_position":"","_kad_post_header":false,"_kad_post_footer":false,"_kad_post_classname":"","_jetpack_newsletter_access":"","_jetpack_dont_email_post_to_subs":false,"_jetpack_newsletter_tier_id":0,"_jetpack_memberships_contains_paywalled_content":false,"_jetpack_feature_clip_id":0,"_jetpack_memberships_contains_paid_content":false,"footnotes":"","jetpack_publicize_message":"","jetpack_publicize_feature_enabled":true,"jetpack_social_post_already_shared":true,"jetpack_social_options":{"image_generator_settings":{"template":"highway","default_image_id":0,"font":"","enabled":false},"version":2},"jetpack_post_was_ever_published":false},"categories":[14],"tags":[],"class_list":["post-4886","post","type-post","status-publish","format-standard","hentry","category-fete-de-noel"],"views":65,"jetpack_publicize_connections":[],"taxonomy_info":{"category":[{"value":14,"label":"F\u00eate de No\u00ebl"}]},"featured_image_src_large":false,"author_info":{"display_name":"Jean-Michel","author_link":"https:\/\/www.blognoel.com\/es\/author\/admin\/"},"comment_info":0,"category_info":[{"term_id":14,"name":"F\u00eate de No\u00ebl","slug":"fete-de-noel","term_group":0,"term_taxonomy_id":14,"taxonomy":"category","description":"","parent":0,"count":194,"filter":"raw","cat_ID":14,"category_count":194,"category_description":"","cat_name":"F\u00eate de No\u00ebl","category_nicename":"fete-de-noel","category_parent":0}],"tag_info":false,"jetpack_sharing_enabled":true,"jetpack_featured_media_url":"","_links":{"self":[{"href":"https:\/\/www.blognoel.com\/es\/wp-json\/wp\/v2\/posts\/4886","targetHints":{"allow":["GET"]}}],"collection":[{"href":"https:\/\/www.blognoel.com\/es\/wp-json\/wp\/v2\/posts"}],"about":[{"href":"https:\/\/www.blognoel.com\/es\/wp-json\/wp\/v2\/types\/post"}],"author":[{"embeddable":true,"href":"https:\/\/www.blognoel.com\/es\/wp-json\/wp\/v2\/users\/1"}],"replies":[{"embeddable":true,"href":"https:\/\/www.blognoel.com\/es\/wp-json\/wp\/v2\/comments?post=4886"}],"version-history":[{"count":0,"href":"https:\/\/www.blognoel.com\/es\/wp-json\/wp\/v2\/posts\/4886\/revisions"}],"wp:attachment":[{"href":"https:\/\/www.blognoel.com\/es\/wp-json\/wp\/v2\/media?parent=4886"}],"wp:term":[{"taxonomy":"category","embeddable":true,"href":"https:\/\/www.blognoel.com\/es\/wp-json\/wp\/v2\/categories?post=4886"},{"taxonomy":"post_tag","embeddable":true,"href":"https:\/\/www.blognoel.com\/es\/wp-json\/wp\/v2\/tags?post=4886"}],"curies":[{"name":"wp","href":"https:\/\/api.w.org\/{rel}","templated":true}]}}