{"id":4268,"date":"2020-12-01T11:00:16","date_gmt":"2020-12-01T11:00:16","guid":{"rendered":"http:\/\/www.blognoel.com\/?p=4268"},"modified":"2020-12-01T12:20:51","modified_gmt":"2020-12-01T12:20:51","slug":"reuniones-con-mascarillas-por-coronavirus-en-navidad-2020","status":"publish","type":"post","link":"https:\/\/www.blognoel.com\/es\/4268\/reuniones-con-mascarillas-por-coronavirus-en-navidad-2020\/","title":{"rendered":"Navidad 2020 \u2013 Reuniones con mascarillas por el coronavirus"},"content":{"rendered":"<p class=\"wp-block-paragraph\">Les f\u00eates de <a href=\"https:\/\/www.blognoel.com\/es\/\">Navidad<\/a> 2020 seront de toute fa\u00e7on particuli\u00e8re. Que votre pays soit encore en confinement ou en post confinement. La f\u00eate ne sera plus pareil, loin de la simplicit\u00e9 des f\u00eates en famille de 2019 et avant. <\/p>\n\n\n\n<p class=\"wp-block-paragraph\">Seg\u00fan una encuesta, uno de cada dos franceses renunciar\u00e1 a celebrar la Navidad con su familia.<a rel=\"noreferrer noopener\" href=\"https:\/\/www.ladepeche.fr\/2020\/11\/11\/coronavirus-un-francais-sur-deux-ne-fetera-pas-noel-en-famille-par-peur-de-la-contamination-selon-un-sondage-9194998.php\" target=\"_blank\">fuente ladep\u00eache<\/a>). Habr\u00e1 quienes intenten vivir el momento a distancia v\u00eda Skype, Zoom u otros medios y otros que simplemente se dar\u00e1n por vencidos. <\/p>\n\n\n\n<p class=\"wp-block-paragraph\">Se supone que la Navidad es un evento familiar, pero el coronavirus ha llegado, trastocando a toda la sociedad en un a\u00f1o inesperado. El ocio, el deporte y el turismo se han visto tan afectados que solo puede haber una era pos-COVID, que transformar\u00e1 por completo la sociedad occidental. Si bien la solidaridad ha sido ejemplar en muchas ocasiones, prestando servicios o apoyando a las familias afectadas por el virus, la sociedad tendr\u00e1 que esforzarse a\u00fan m\u00e1s para absorber las p\u00e9rdidas sufridas por los estados y las empresas durante esta crisis.<\/p>\n\n\n\n<p class=\"wp-block-paragraph\"><\/p>\n\n\n\n<p class=\"wp-block-paragraph\">Navidad enmascarada<\/p>\n\n\n\n<figure class=\"wp-block-gallery columns-3 is-cropped wp-block-gallery-1 is-layout-flex wp-block-gallery-is-layout-flex\"><ul class=\"blocks-gallery-grid\"><li class=\"blocks-gallery-item\"><figure><img decoding=\"async\" width=\"500\" height=\"334\" data-src=\"http:\/\/www.blognoel.com\/wp-content\/smush-webp\/2020\/12\/noel-coronavirus-sapin-masque\u0301-500x334.jpg.webp\" alt=\"\" data-id=\"4269\" data-full-url=\"http:\/\/www.blognoel.com\/wp-content\/uploads\/2020\/12\/noel-coronavirus-sapin-masque\u0301.jpg\" data-link=\"http:\/\/www.blognoel.com\/?attachment_id=4269\" class=\"wp-image-4269 lazyload\" data-srcset=\"https:\/\/www.blognoel.com\/wp-content\/smush-webp\/2020\/12\/noel-coronavirus-sapin-masque\u0301-500x334.jpg.webp 500w, https:\/\/www.blognoel.com\/wp-content\/smush-webp\/2020\/12\/noel-coronavirus-sapin-masque\u0301-300x200.jpg.webp 300w, https:\/\/www.blognoel.com\/wp-content\/smush-webp\/2020\/12\/noel-coronavirus-sapin-masque\u0301-768x512.jpg.webp 768w, https:\/\/www.blognoel.com\/wp-content\/smush-webp\/2020\/12\/noel-coronavirus-sapin-masque\u0301.jpg.webp 1000w\" data-sizes=\"(max-width: 500px) 100vw, 500px\" src=\"data:image\/svg+xml;base64,PHN2ZyB3aWR0aD0iMSIgaGVpZ2h0PSIxIiB4bWxucz0iaHR0cDovL3d3dy53My5vcmcvMjAwMC9zdmciPjwvc3ZnPg==\" style=\"--smush-placeholder-width: 500px; --smush-placeholder-aspect-ratio: 500\/334;\" data-smush-webp-fallback=\"{&quot;data-src&quot;:&quot;http:\\\/\\\/www.blognoel.com\\\/wp-content\\\/uploads\\\/2020\\\/12\\\/noel-coronavirus-sapin-masque\\u0301-500x334.jpg&quot;,&quot;data-srcset&quot;:&quot;https:\\\/\\\/www.blognoel.com\\\/wp-content\\\/uploads\\\/2020\\\/12\\\/noel-coronavirus-sapin-masque\\u0301-500x334.jpg 500w, https:\\\/\\\/www.blognoel.com\\\/wp-content\\\/uploads\\\/2020\\\/12\\\/noel-coronavirus-sapin-masque\\u0301-300x200.jpg 300w, https:\\\/\\\/www.blognoel.com\\\/wp-content\\\/uploads\\\/2020\\\/12\\\/noel-coronavirus-sapin-masque\\u0301-768x512.jpg 768w, https:\\\/\\\/www.blognoel.com\\\/wp-content\\\/uploads\\\/2020\\\/12\\\/noel-coronavirus-sapin-masque\\u0301.jpg 1000w&quot;}\" \/><figcaption class=\"blocks-gallery-item__caption\">Abeto de coronavirus<\/figcaption><\/figure><\/li><li class=\"blocks-gallery-item\"><figure><img decoding=\"async\" width=\"500\" height=\"333\" data-src=\"http:\/\/www.blognoel.com\/wp-content\/smush-webp\/2020\/12\/masque-de-noel-design-500x333.jpg.webp\" alt=\"\" data-id=\"4270\" data-full-url=\"http:\/\/www.blognoel.com\/wp-content\/uploads\/2020\/12\/masque-de-noel-design.jpg\" data-link=\"http:\/\/www.blognoel.com\/?attachment_id=4270\" class=\"wp-image-4270 lazyload\" data-srcset=\"https:\/\/www.blognoel.com\/wp-content\/smush-webp\/2020\/12\/masque-de-noel-design-500x333.jpg.webp 500w, https:\/\/www.blognoel.com\/wp-content\/smush-webp\/2020\/12\/masque-de-noel-design-300x200.jpg.webp 300w, https:\/\/www.blognoel.com\/wp-content\/smush-webp\/2020\/12\/masque-de-noel-design-768x512.jpg.webp 768w, https:\/\/www.blognoel.com\/wp-content\/smush-webp\/2020\/12\/masque-de-noel-design.jpg.webp 824w\" data-sizes=\"(max-width: 500px) 100vw, 500px\" src=\"data:image\/svg+xml;base64,PHN2ZyB3aWR0aD0iMSIgaGVpZ2h0PSIxIiB4bWxucz0iaHR0cDovL3d3dy53My5vcmcvMjAwMC9zdmciPjwvc3ZnPg==\" style=\"--smush-placeholder-width: 500px; --smush-placeholder-aspect-ratio: 500\/333;\" data-smush-webp-fallback=\"{&quot;data-src&quot;:&quot;http:\\\/\\\/www.blognoel.com\\\/wp-content\\\/uploads\\\/2020\\\/12\\\/masque-de-noel-design-500x333.jpg&quot;,&quot;data-srcset&quot;:&quot;https:\\\/\\\/www.blognoel.com\\\/wp-content\\\/uploads\\\/2020\\\/12\\\/masque-de-noel-design-500x333.jpg 500w, https:\\\/\\\/www.blognoel.com\\\/wp-content\\\/uploads\\\/2020\\\/12\\\/masque-de-noel-design-300x200.jpg 300w, https:\\\/\\\/www.blognoel.com\\\/wp-content\\\/uploads\\\/2020\\\/12\\\/masque-de-noel-design-768x512.jpg 768w, https:\\\/\\\/www.blognoel.com\\\/wp-content\\\/uploads\\\/2020\\\/12\\\/masque-de-noel-design.jpg 824w&quot;}\" \/><figcaption class=\"blocks-gallery-item__caption\">Mascarilla navide\u00f1a anti-Covid<\/figcaption><\/figure><\/li><li class=\"blocks-gallery-item\"><figure><img decoding=\"async\" width=\"500\" height=\"326\" data-src=\"http:\/\/www.blognoel.com\/wp-content\/smush-webp\/2020\/12\/noel-en-famille-virtuelle-par-zoom-ou-skype-500x326.jpg.webp\" alt=\"\" data-id=\"4273\" data-full-url=\"http:\/\/www.blognoel.com\/wp-content\/uploads\/2020\/12\/noel-en-famille-virtuelle-par-zoom-ou-skype.jpg\" data-link=\"http:\/\/www.blognoel.com\/?attachment_id=4273\" class=\"wp-image-4273 lazyload\" data-srcset=\"https:\/\/www.blognoel.com\/wp-content\/smush-webp\/2020\/12\/noel-en-famille-virtuelle-par-zoom-ou-skype-500x326.jpg.webp 500w, https:\/\/www.blognoel.com\/wp-content\/smush-webp\/2020\/12\/noel-en-famille-virtuelle-par-zoom-ou-skype-300x197.jpg.webp 300w, https:\/\/www.blognoel.com\/wp-content\/smush-webp\/2020\/12\/noel-en-famille-virtuelle-par-zoom-ou-skype-768x500.jpg.webp 768w, https:\/\/www.blognoel.com\/wp-content\/uploads\/2020\/12\/noel-en-famille-virtuelle-par-zoom-ou-skype-145x95.jpg 145w, https:\/\/www.blognoel.com\/wp-content\/uploads\/2020\/12\/noel-en-famille-virtuelle-par-zoom-ou-skype.jpg 980w\" data-sizes=\"(max-width: 500px) 100vw, 500px\" src=\"data:image\/svg+xml;base64,PHN2ZyB3aWR0aD0iMSIgaGVpZ2h0PSIxIiB4bWxucz0iaHR0cDovL3d3dy53My5vcmcvMjAwMC9zdmciPjwvc3ZnPg==\" style=\"--smush-placeholder-width: 500px; --smush-placeholder-aspect-ratio: 500\/326;\" data-smush-webp-fallback=\"{&quot;data-src&quot;:&quot;http:\\\/\\\/www.blognoel.com\\\/wp-content\\\/uploads\\\/2020\\\/12\\\/noel-en-famille-virtuelle-par-zoom-ou-skype-500x326.jpg&quot;,&quot;data-srcset&quot;:&quot;https:\\\/\\\/www.blognoel.com\\\/wp-content\\\/uploads\\\/2020\\\/12\\\/noel-en-famille-virtuelle-par-zoom-ou-skype-500x326.jpg 500w, https:\\\/\\\/www.blognoel.com\\\/wp-content\\\/uploads\\\/2020\\\/12\\\/noel-en-famille-virtuelle-par-zoom-ou-skype-300x197.jpg 300w, https:\\\/\\\/www.blognoel.com\\\/wp-content\\\/uploads\\\/2020\\\/12\\\/noel-en-famille-virtuelle-par-zoom-ou-skype-768x500.jpg 768w, https:\\\/\\\/www.blognoel.com\\\/wp-content\\\/uploads\\\/2020\\\/12\\\/noel-en-famille-virtuelle-par-zoom-ou-skype-145x95.jpg 145w, https:\\\/\\\/www.blognoel.com\\\/wp-content\\\/uploads\\\/2020\\\/12\\\/noel-en-famille-virtuelle-par-zoom-ou-skype.jpg 980w&quot;}\" \/><figcaption class=\"blocks-gallery-item__caption\">Viviendo las celebraciones navide\u00f1as en familia a distancia...<\/figcaption><\/figure><\/li><\/ul><\/figure>\n\n\n\n<p class=\"wp-block-paragraph\"><div class=\"jetpack-video-wrapper\"><iframe title=\"HUMOR - Villancicos durante el confinamiento por Willy Rovelli\" width=\"720\" height=\"405\" data-src=\"https:\/\/www.youtube.com\/embed\/ceILR-uieoI?feature=oembed\" frameborder=\"0\" allow=\"accelerometer; autoplay; clipboard-write; encrypted-media; gyroscope; picture-in-picture; web-share\" referrerpolicy=\"strict-origin-when-cross-origin\" allowfullscreen src=\"data:image\/svg+xml;base64,PHN2ZyB3aWR0aD0iMSIgaGVpZ2h0PSIxIiB4bWxucz0iaHR0cDovL3d3dy53My5vcmcvMjAwMC9zdmciPjwvc3ZnPg==\" class=\"lazyload\" data-load-mode=\"1\"><\/iframe><\/div> <\/p>\n\n\n\n<p class=\"wp-block-paragraph\"><\/p>\n\n\n\n<p class=\"wp-block-paragraph\"><a href=\"https:\/\/www.blognoel.com\/es\/canciones-navidenas\/\">Chanson<\/a> de No\u00ebl COVID 19<\/p>\n\n\n\n<figure class=\"wp-block-embed\"><div class=\"wp-block-embed__wrapper\">\n<iframe title=\"La canci\u00f3n de Navidad 2020 A\u00f1o del Covid19\" width=\"720\" height=\"405\" data-src=\"https:\/\/www.youtube.com\/embed\/6t2RZEGXvb0?feature=oembed\" frameborder=\"0\" allow=\"accelerometer; autoplay; clipboard-write; encrypted-media; gyroscope; picture-in-picture; web-share\" referrerpolicy=\"strict-origin-when-cross-origin\" allowfullscreen src=\"data:image\/svg+xml;base64,PHN2ZyB3aWR0aD0iMSIgaGVpZ2h0PSIxIiB4bWxucz0iaHR0cDovL3d3dy53My5vcmcvMjAwMC9zdmciPjwvc3ZnPg==\" class=\"lazyload\" data-load-mode=\"1\"><\/iframe>\n<\/div><\/figure>\n\n\n\n<p class=\"wp-block-paragraph\">Las parodias est\u00e1n en pleno auge con una versi\u00f3n de Frozen 2 de Disney &quot;Me gustar\u00eda celebrar la Navidad&quot; <\/p>\n\n\n\n<figure class=\"wp-block-embed\"><div class=\"wp-block-embed__wrapper\">\n<iframe title=\"ME GUSTAR\u00cdA CELEBRAR LA NAVIDAD - PARODIA DE ANTICIPACI\u00d3N - FROZEN - SAORI JO\" width=\"720\" height=\"405\" data-src=\"https:\/\/www.youtube.com\/embed\/xLz0yB4ObFQ?feature=oembed\" frameborder=\"0\" allow=\"accelerometer; autoplay; clipboard-write; encrypted-media; gyroscope; picture-in-picture; web-share\" referrerpolicy=\"strict-origin-when-cross-origin\" allowfullscreen src=\"data:image\/svg+xml;base64,PHN2ZyB3aWR0aD0iMSIgaGVpZ2h0PSIxIiB4bWxucz0iaHR0cDovL3d3dy53My5vcmcvMjAwMC9zdmciPjwvc3ZnPg==\" class=\"lazyload\" data-load-mode=\"1\"><\/iframe>\n<\/div><\/figure>","protected":false},"excerpt":{"rendered":"<p>Las fiestas navide\u00f1as de 2020 ser\u00e1n especiales en cualquier caso. Tanto si tu pa\u00eds sigue en confinamiento como si lo ha superado, las celebraciones nunca ser\u00e1n las mismas, lejos de la sencillez de las celebraciones familiares de 2019 y anteriores. Seg\u00fan una encuesta, uno de cada dos franceses dejar\u00e1 de celebrar la Navidad en familia. (Fuente: ladep\u00eache).<\/p>","protected":false},"author":18,"featured_media":4270,"comment_status":"open","ping_status":"open","sticky":false,"template":"","format":"standard","meta":{"_kad_blocks_custom_css":"","_kad_blocks_head_custom_js":"","_kad_blocks_body_custom_js":"","_kad_blocks_footer_custom_js":"","_kadence_starter_templates_imported_post":false,"_kad_post_transparent":"","_kad_post_title":"","_kad_post_layout":"","_kad_post_sidebar_id":"","_kad_post_content_style":"","_kad_post_vertical_padding":"","_kad_post_feature":"","_kad_post_feature_position":"","_kad_post_header":false,"_kad_post_footer":false,"_kad_post_classname":"","_jetpack_newsletter_access":"","_jetpack_dont_email_post_to_subs":false,"_jetpack_newsletter_tier_id":0,"_jetpack_memberships_contains_paywalled_content":false,"_jetpack_feature_clip_id":0,"_jetpack_memberships_contains_paid_content":false,"footnotes":"","jetpack_publicize_message":"","jetpack_publicize_feature_enabled":true,"jetpack_social_post_already_shared":false,"jetpack_social_options":{"image_generator_settings":{"template":"highway","default_image_id":0,"font":"","enabled":false},"version":2},"jetpack_post_was_ever_published":false},"categories":[1],"tags":[97,132,156,83,204,50],"class_list":["post-4268","post","type-post","status-publish","format-standard","has-post-thumbnail","hentry","category-top","tag-chanson","tag-famille","tag-finance","tag-noel-dans-le-monde","tag-voeux","tag-youtube"],"views":255,"jetpack_publicize_connections":[],"taxonomy_info":{"category":[{"value":1,"label":"Best of Christmas"}],"post_tag":[{"value":97,"label":"chanson"},{"value":132,"label":"famille"},{"value":156,"label":"finance"},{"value":83,"label":"No\u00ebl dans le monde"},{"value":204,"label":"voeux"},{"value":50,"label":"Youtube"}]},"featured_image_src_large":["https:\/\/www.blognoel.com\/wp-content\/uploads\/2020\/12\/masque-de-noel-design-500x333.jpg",500,333,true],"author_info":{"display_name":"Jean","author_link":"https:\/\/www.blognoel.com\/es\/author\/bcbg12\/"},"comment_info":0,"category_info":[{"term_id":1,"name":"Best of Christmas","slug":"top","term_group":0,"term_taxonomy_id":1,"taxonomy":"category","description":"","parent":0,"count":242,"filter":"raw","cat_ID":1,"category_count":242,"category_description":"","cat_name":"Best of Christmas","category_nicename":"top","category_parent":0}],"tag_info":[{"term_id":97,"name":"chanson","slug":"chanson","term_group":0,"term_taxonomy_id":97,"taxonomy":"post_tag","description":"","parent":0,"count":43,"filter":"raw"},{"term_id":132,"name":"famille","slug":"famille","term_group":0,"term_taxonomy_id":132,"taxonomy":"post_tag","description":"","parent":0,"count":30,"filter":"raw"},{"term_id":156,"name":"finance","slug":"finance","term_group":0,"term_taxonomy_id":156,"taxonomy":"post_tag","description":"","parent":0,"count":3,"filter":"raw"},{"term_id":83,"name":"No\u00ebl dans le monde","slug":"noel-dans-le-monde","term_group":0,"term_taxonomy_id":83,"taxonomy":"post_tag","description":"","parent":0,"count":42,"filter":"raw"},{"term_id":204,"name":"voeux","slug":"voeux","term_group":0,"term_taxonomy_id":204,"taxonomy":"post_tag","description":"","parent":0,"count":6,"filter":"raw"},{"term_id":50,"name":"Youtube","slug":"youtube","term_group":0,"term_taxonomy_id":50,"taxonomy":"post_tag","description":"","parent":0,"count":74,"filter":"raw"}],"jetpack_sharing_enabled":true,"jetpack_featured_media_url":"https:\/\/www.blognoel.com\/wp-content\/uploads\/2020\/12\/masque-de-noel-design.jpg","_links":{"self":[{"href":"https:\/\/www.blognoel.com\/es\/wp-json\/wp\/v2\/posts\/4268","targetHints":{"allow":["GET"]}}],"collection":[{"href":"https:\/\/www.blognoel.com\/es\/wp-json\/wp\/v2\/posts"}],"about":[{"href":"https:\/\/www.blognoel.com\/es\/wp-json\/wp\/v2\/types\/post"}],"author":[{"embeddable":true,"href":"https:\/\/www.blognoel.com\/es\/wp-json\/wp\/v2\/users\/18"}],"replies":[{"embeddable":true,"href":"https:\/\/www.blognoel.com\/es\/wp-json\/wp\/v2\/comments?post=4268"}],"version-history":[{"count":4,"href":"https:\/\/www.blognoel.com\/es\/wp-json\/wp\/v2\/posts\/4268\/revisions"}],"predecessor-version":[{"id":4276,"href":"https:\/\/www.blognoel.com\/es\/wp-json\/wp\/v2\/posts\/4268\/revisions\/4276"}],"wp:featuredmedia":[{"embeddable":true,"href":"https:\/\/www.blognoel.com\/es\/wp-json\/wp\/v2\/media\/4270"}],"wp:attachment":[{"href":"https:\/\/www.blognoel.com\/es\/wp-json\/wp\/v2\/media?parent=4268"}],"wp:term":[{"taxonomy":"category","embeddable":true,"href":"https:\/\/www.blognoel.com\/es\/wp-json\/wp\/v2\/categories?post=4268"},{"taxonomy":"post_tag","embeddable":true,"href":"https:\/\/www.blognoel.com\/es\/wp-json\/wp\/v2\/tags?post=4268"}],"curies":[{"name":"wp","href":"https:\/\/api.w.org\/{rel}","templated":true}]}}