{"id":411,"date":"2014-10-01T11:11:28","date_gmt":"2014-10-01T11:11:28","guid":{"rendered":"http:\/\/www.blognoel.com\/?p=411"},"modified":"2014-10-01T11:11:28","modified_gmt":"2014-10-01T11:11:28","slug":"mercados-navidenos-en-europa-7-metz","status":"publish","type":"post","link":"https:\/\/www.blognoel.com\/es\/411\/mercados-navidenos-en-europa-7-metz\/","title":{"rendered":"Mercados navide\u00f1os en Europa 7. Metz"},"content":{"rendered":"<p><a href=\"http:\/\/www.blognoel.com\/es\/411\/mercados-navidenos-en-europa-7-metz\/metz\/\" rel=\"attachment wp-att-412\"><img decoding=\"async\" data-src=\"http:\/\/www.blognoel.com\/wp-content\/smush-webp\/2010\/11\/Metz-198x300.jpg.webp\" alt=\"\" title=\"Metz\" width=\"198\" height=\"300\" class=\"alignnone size-medium wp-image-412 lazyload\" data-srcset=\"https:\/\/www.blognoel.com\/wp-content\/smush-webp\/2010\/11\/Metz-198x300.jpg.webp 198w, https:\/\/www.blognoel.com\/wp-content\/smush-webp\/2010\/11\/Metz.jpg.webp 210w\" data-sizes=\"(max-width: 198px) 100vw, 198px\" src=\"data:image\/svg+xml;base64,PHN2ZyB3aWR0aD0iMSIgaGVpZ2h0PSIxIiB4bWxucz0iaHR0cDovL3d3dy53My5vcmcvMjAwMC9zdmciPjwvc3ZnPg==\" style=\"--smush-placeholder-width: 198px; --smush-placeholder-aspect-ratio: 198\/300;\" data-smush-webp-fallback=\"{&quot;data-src&quot;:&quot;http:\\\/\\\/www.blognoel.com\\\/wp-content\\\/uploads\\\/2010\\\/11\\\/Metz-198x300.jpg&quot;,&quot;data-srcset&quot;:&quot;https:\\\/\\\/www.blognoel.com\\\/wp-content\\\/uploads\\\/2010\\\/11\\\/Metz-198x300.jpg 198w, https:\\\/\\\/www.blognoel.com\\\/wp-content\\\/uploads\\\/2010\\\/11\\\/Metz.jpg 210w&quot;}\" \/><\/a>La ville de Metz est r\u00e9put\u00e9e notamment pour la richesse de <a href=\"https:\/\/www.blognoel.com\/es\/canciones-navidenas\/\">son<\/a> architecture et pour son magnifique march\u00e9 de <a href=\"https:\/\/www.blognoel.com\/es\/\">Navidad<\/a>. Cette ann\u00e9e, le March\u00e9 se fait pluriel\u00a0car les activit\u00e9s se d\u00e9rouleront dans plus d\u2019un endroit de la ville\u00a0: \u00e0 la Place Saint-Louis et \u00e0 la Place de la R\u00e9publique, \u00e0 la Place de la Gare, \u00e0 la Place Saint-Jacques et sur la rue des Clercs. <\/p>\n<p>La inauguraci\u00f3n de la Place de la R\u00e9publique, la plaza emblem\u00e1tica de Metz, recientemente peatonalizada, est\u00e1 prevista para el 20 de noviembre, fecha que anuncia el inicio de las festividades navide\u00f1as en Metz.<\/p>\n<p>Desde hace 15 a\u00f1os, la capital de la regi\u00f3n de Lorena forma parte de la tradici\u00f3n de los grandes y populares mercados navide\u00f1os del este de Francia. M\u00e1s de 90 chalets ofrecen productos locales y una amplia gama de art\u00edculos artesanales para todos los gustos, sin olvidar el vino caliente, una de las tradiciones invernales del mercado.<\/p>\n<p><strong>Atracciones tur\u00edsticas<\/strong>\u00a0:la noria m\u00e1s grande de Europa, la pista de hielo gigante, el \u00e1rbol m\u00e1gico y un magn\u00edfico carrusel de caballos de madera.<\/p>\n<p><strong>Acceso :<\/strong><br \/>\n<strong>En avi\u00f3n<\/strong> : aeropuertos: Metz-Nancy Lorraine, Luxemburgo, Saarbr\u00fccken, Estrasburgo \u2013 Entzheim, Frankfurt Hahn, Zweibr\u00fccken.<br \/>\n<strong>Por carretera<\/strong> : Autopistas A4 (Par\u00eds\/Estrasburgo\/Frankfurt) y A31 (Luxemburgo\/Lyon),<br \/>\n<strong>En tren<\/strong> : TGV directo Par\u00eds-Metz en 82 min, desde la estaci\u00f3n TGV de Lorraine hasta el aeropuerto <strong>de Roissy, Estrasburgo, Lille, Nantes, Rennes, Burdeos, Frankfurt\/Main.<br \/>\nPor v\u00edas navegables<\/strong> Canal del Este, Canal Marne-Rin, Mosela-Mosa. Puerto deportivo en pleno centro de la ciudad con Bandera Azul.<\/p>\n<p>Del 20 de noviembre al 29 de diciembre de 2010.<\/p>\n<p><strong>Para m\u00e1s informaci\u00f3n:<\/strong><\/p>\n<p>Sitio : <a href=\"http:\/\/www.tourisme-metz.com\/\" target=\"_blank\" rel=\"noopener\">www.turismo-metz.com<\/a><\/p>","protected":false},"excerpt":{"rendered":"<p>La ciudad de Metz es famosa por su rica arquitectura y su magn\u00edfico mercado navide\u00f1o. Este a\u00f1o, el mercado es diverso, con actividades en varios lugares de la ciudad: la Place Saint-Louis, la Place de la R\u00e9publique, la Place de la Gare y muchas m\u00e1s.<\/p>","protected":false},"author":3,"featured_media":0,"comment_status":"open","ping_status":"open","sticky":false,"template":"","format":"standard","meta":{"_kad_blocks_custom_css":"","_kad_blocks_head_custom_js":"","_kad_blocks_body_custom_js":"","_kad_blocks_footer_custom_js":"","_kadence_starter_templates_imported_post":false,"_kad_post_transparent":"","_kad_post_title":"","_kad_post_layout":"","_kad_post_sidebar_id":"","_kad_post_content_style":"","_kad_post_vertical_padding":"","_kad_post_feature":"","_kad_post_feature_position":"","_kad_post_header":false,"_kad_post_footer":false,"_kad_post_classname":"","_jetpack_newsletter_access":"","_jetpack_dont_email_post_to_subs":false,"_jetpack_newsletter_tier_id":0,"_jetpack_memberships_contains_paywalled_content":false,"_jetpack_feature_clip_id":0,"_jetpack_memberships_contains_paid_content":false,"footnotes":"","jetpack_publicize_message":"","jetpack_publicize_feature_enabled":true,"jetpack_social_post_already_shared":false,"jetpack_social_options":{"image_generator_settings":{"template":"highway","default_image_id":0,"font":"","enabled":false},"version":2},"jetpack_post_was_ever_published":false},"categories":[14,13],"tags":[44,111,127,83],"class_list":["post-411","post","type-post","status-publish","format-standard","hentry","category-fete-de-noel","category-traditions","tag-cadeaux-de-noel","tag-marches-de-noel","tag-marches-de-noel-en-lorraine","tag-noel-dans-le-monde"],"views":338,"jetpack_publicize_connections":[],"taxonomy_info":{"category":[{"value":14,"label":"F\u00eate de No\u00ebl"},{"value":13,"label":"Traditions"}],"post_tag":[{"value":44,"label":"cadeaux de no\u00ebl"},{"value":111,"label":"march\u00e9s de No\u00ebl"},{"value":127,"label":"march\u00e9s de No\u00ebl en Lorraine"},{"value":83,"label":"No\u00ebl dans le monde"}]},"featured_image_src_large":false,"author_info":{"display_name":"plumelle","author_link":"https:\/\/www.blognoel.com\/es\/author\/plumelle\/"},"comment_info":1,"category_info":[{"term_id":14,"name":"F\u00eate de No\u00ebl","slug":"fete-de-noel","term_group":0,"term_taxonomy_id":14,"taxonomy":"category","description":"","parent":0,"count":194,"filter":"raw","cat_ID":14,"category_count":194,"category_description":"","cat_name":"F\u00eate de No\u00ebl","category_nicename":"fete-de-noel","category_parent":0},{"term_id":13,"name":"Traditions","slug":"traditions","term_group":0,"term_taxonomy_id":13,"taxonomy":"category","description":"","parent":14,"count":87,"filter":"raw","cat_ID":13,"category_count":87,"category_description":"","cat_name":"Traditions","category_nicename":"traditions","category_parent":14}],"tag_info":[{"term_id":44,"name":"cadeaux de no\u00ebl","slug":"cadeaux-de-noel","term_group":0,"term_taxonomy_id":44,"taxonomy":"post_tag","description":"","parent":0,"count":61,"filter":"raw"},{"term_id":111,"name":"march\u00e9s de No\u00ebl","slug":"marches-de-noel","term_group":0,"term_taxonomy_id":111,"taxonomy":"post_tag","description":"","parent":0,"count":13,"filter":"raw"},{"term_id":127,"name":"march\u00e9s de No\u00ebl en Lorraine","slug":"marches-de-noel-en-lorraine","term_group":0,"term_taxonomy_id":127,"taxonomy":"post_tag","description":"","parent":0,"count":1,"filter":"raw"},{"term_id":83,"name":"No\u00ebl dans le monde","slug":"noel-dans-le-monde","term_group":0,"term_taxonomy_id":83,"taxonomy":"post_tag","description":"","parent":0,"count":42,"filter":"raw"}],"jetpack_sharing_enabled":true,"jetpack_featured_media_url":"","_links":{"self":[{"href":"https:\/\/www.blognoel.com\/es\/wp-json\/wp\/v2\/posts\/411","targetHints":{"allow":["GET"]}}],"collection":[{"href":"https:\/\/www.blognoel.com\/es\/wp-json\/wp\/v2\/posts"}],"about":[{"href":"https:\/\/www.blognoel.com\/es\/wp-json\/wp\/v2\/types\/post"}],"author":[{"embeddable":true,"href":"https:\/\/www.blognoel.com\/es\/wp-json\/wp\/v2\/users\/3"}],"replies":[{"embeddable":true,"href":"https:\/\/www.blognoel.com\/es\/wp-json\/wp\/v2\/comments?post=411"}],"version-history":[{"count":4,"href":"https:\/\/www.blognoel.com\/es\/wp-json\/wp\/v2\/posts\/411\/revisions"}],"predecessor-version":[{"id":416,"href":"https:\/\/www.blognoel.com\/es\/wp-json\/wp\/v2\/posts\/411\/revisions\/416"}],"wp:attachment":[{"href":"https:\/\/www.blognoel.com\/es\/wp-json\/wp\/v2\/media?parent=411"}],"wp:term":[{"taxonomy":"category","embeddable":true,"href":"https:\/\/www.blognoel.com\/es\/wp-json\/wp\/v2\/categories?post=411"},{"taxonomy":"post_tag","embeddable":true,"href":"https:\/\/www.blognoel.com\/es\/wp-json\/wp\/v2\/tags?post=411"}],"curies":[{"name":"wp","href":"https:\/\/api.w.org\/{rel}","templated":true}]}}