{"id":399,"date":"2014-11-09T23:11:54","date_gmt":"2014-11-09T23:11:54","guid":{"rendered":"http:\/\/www.blognoel.com\/?p=399"},"modified":"2014-11-09T23:11:54","modified_gmt":"2014-11-09T23:11:54","slug":"mercados-navidenos-en-europa-6-bruselas","status":"publish","type":"post","link":"https:\/\/www.blognoel.com\/es\/399\/mercados-navidenos-en-europa-6-bruselas\/","title":{"rendered":"Mercados navide\u00f1os en Europa 6. Bruselas"},"content":{"rendered":"<p><a rel=\"attachment wp-att-401\" href=\"http:\/\/www.blognoel.com\/es\/399\/mercados-navidenos-en-europa-6-bruselas\/bruxelles-marche\/\"><img decoding=\"async\" class=\"alignnone size-medium wp-image-401 lazyload\" title=\"Mercado de Bruselas\" data-src=\"http:\/\/www.blognoel.com\/wp-content\/smush-webp\/2010\/11\/bruxelles-march\u00e9-300x235.jpg.webp\" alt=\"\" width=\"300\" height=\"235\" data-srcset=\"https:\/\/www.blognoel.com\/wp-content\/smush-webp\/2010\/11\/bruxelles-march\u00e9-300x235.jpg.webp 300w, https:\/\/www.blognoel.com\/wp-content\/smush-webp\/2010\/11\/bruxelles-march\u00e9.jpg.webp 400w\" data-sizes=\"(max-width: 300px) 100vw, 300px\" src=\"data:image\/svg+xml;base64,PHN2ZyB3aWR0aD0iMSIgaGVpZ2h0PSIxIiB4bWxucz0iaHR0cDovL3d3dy53My5vcmcvMjAwMC9zdmciPjwvc3ZnPg==\" style=\"--smush-placeholder-width: 300px; --smush-placeholder-aspect-ratio: 300\/235;\" data-smush-webp-fallback=\"{&quot;data-src&quot;:&quot;http:\\\/\\\/www.blognoel.com\\\/wp-content\\\/uploads\\\/2010\\\/11\\\/bruxelles-march\\u00e9-300x235.jpg&quot;,&quot;data-srcset&quot;:&quot;https:\\\/\\\/www.blognoel.com\\\/wp-content\\\/uploads\\\/2010\\\/11\\\/bruxelles-march\\u00e9-300x235.jpg 300w, https:\\\/\\\/www.blognoel.com\\\/wp-content\\\/uploads\\\/2010\\\/11\\\/bruxelles-march\\u00e9.jpg 400w&quot;}\" \/><\/a><\/p>\n<p>\u00c0 la diff\u00e9rence de l\u2019Allemagne et de l\u2019Alsace, le march\u00e9 de <a href=\"https:\/\/www.blognoel.com\/es\/\">Navidad<\/a> de Bruxelles est une tradition relativement r\u00e9cente. En 2003 il a n\u00e9anmoins \u00e9t\u00e9 \u00e9lu par les tours operators britanniques \u00ab march\u00e9 de No\u00ebl le plus original d\u2019Europe \u00bb.<\/p>\n<p>El Mercado Navide\u00f1o de Bruselas (llamado &quot;Placeres de Invierno&quot;) se compone de unos 240 chalets repartidos desde la Place Saint Jean hasta el Mercado del Pescado, pasando por la iluminada Grand Place, el barrio de la Bolsa y la Place Sainte-Catherine. En cuanto a exquisiteces gourmet, las pocas especialidades belgas son imprescindibles: por ejemplo, las &quot;caricoles&quot;, caracoles o b\u00edgaros cocinados en un caldo picante, o los &quot;croustillons&quot;, peque\u00f1os bocados de masa frita crujiente espolvoreados con az\u00facar glas. Los puestos exhiben productos artesanales t\u00edpicos de varios pa\u00edses europeos, desde santones de Provenza hasta coronas de Adviento de Austria, Suiza e Irlanda. Sin olvidar las exquisiteces de otros lugares: el gl\u00f6gg escandinavo (vino caliente), el panettone italiano y el pud\u00edn navide\u00f1o ingl\u00e9s. Entretenimientos, espect\u00e1culos y coros animan la Place Sainte-Catherine y se ofrecen conciertos en la Place du March\u00e9 aux poissons.<\/p>\n<p>Para su sexta edici\u00f3n de &quot;Maravillas de Invierno&quot;, la ciudad ofrece un recorrido a pie iluminado por el centro hist\u00f3rico y el mercado. Si tiene la suerte de estar en Bruselas durante las festividades, la famosa pista de hielo iluminada del Quai aux Brigues merece una visita, sin olvidar el inmenso \u00e1rbol de Navidad y la noria.<br \/>\n\u201cPlaceres de Invierno\u201d del 26 de noviembre de 2010 al 2 de enero de 2011.<\/p>","protected":false},"excerpt":{"rendered":"<p>A diferencia de Alemania y Alsacia, el mercado navide\u00f1o de Bruselas es una tradici\u00f3n relativamente reciente. Sin embargo, en 2003, fue elegido &quot;el mercado navide\u00f1o m\u00e1s original de Europa&quot; por los operadores tur\u00edsticos brit\u00e1nicos. El Mercado Navide\u00f1o de Bruselas (conocido como &quot;Maravillas de Invierno&quot;) consta de unos 240 chalets...<\/p>","protected":false},"author":3,"featured_media":0,"comment_status":"open","ping_status":"open","sticky":false,"template":"","format":"standard","meta":{"_kad_blocks_custom_css":"","_kad_blocks_head_custom_js":"","_kad_blocks_body_custom_js":"","_kad_blocks_footer_custom_js":"","_kadence_starter_templates_imported_post":false,"_kad_post_transparent":"","_kad_post_title":"","_kad_post_layout":"","_kad_post_sidebar_id":"","_kad_post_content_style":"","_kad_post_vertical_padding":"","_kad_post_feature":"","_kad_post_feature_position":"","_kad_post_header":false,"_kad_post_footer":false,"_kad_post_classname":"","_jetpack_newsletter_access":"","_jetpack_dont_email_post_to_subs":false,"_jetpack_newsletter_tier_id":0,"_jetpack_memberships_contains_paywalled_content":false,"_jetpack_feature_clip_id":0,"_jetpack_memberships_contains_paid_content":false,"footnotes":"","jetpack_publicize_message":"","jetpack_publicize_feature_enabled":true,"jetpack_social_post_already_shared":false,"jetpack_social_options":{"image_generator_settings":{"template":"highway","default_image_id":0,"font":"","enabled":false},"version":2},"jetpack_post_was_ever_published":false},"categories":[14,13],"tags":[111,83,124],"class_list":["post-399","post","type-post","status-publish","format-standard","hentry","category-fete-de-noel","category-traditions","tag-marches-de-noel","tag-noel-dans-le-monde","tag-plaisirs-dhiver-a-bruxelles"],"views":524,"jetpack_publicize_connections":[],"taxonomy_info":{"category":[{"value":14,"label":"F\u00eate de No\u00ebl"},{"value":13,"label":"Traditions"}],"post_tag":[{"value":111,"label":"march\u00e9s de No\u00ebl"},{"value":83,"label":"No\u00ebl dans le monde"},{"value":124,"label":"Plaisirs d'Hiver \u00e0 Bruxelles"}]},"featured_image_src_large":false,"author_info":{"display_name":"plumelle","author_link":"https:\/\/www.blognoel.com\/es\/author\/plumelle\/"},"comment_info":0,"category_info":[{"term_id":14,"name":"F\u00eate de No\u00ebl","slug":"fete-de-noel","term_group":0,"term_taxonomy_id":14,"taxonomy":"category","description":"","parent":0,"count":194,"filter":"raw","cat_ID":14,"category_count":194,"category_description":"","cat_name":"F\u00eate de No\u00ebl","category_nicename":"fete-de-noel","category_parent":0},{"term_id":13,"name":"Traditions","slug":"traditions","term_group":0,"term_taxonomy_id":13,"taxonomy":"category","description":"","parent":14,"count":87,"filter":"raw","cat_ID":13,"category_count":87,"category_description":"","cat_name":"Traditions","category_nicename":"traditions","category_parent":14}],"tag_info":[{"term_id":111,"name":"march\u00e9s de No\u00ebl","slug":"marches-de-noel","term_group":0,"term_taxonomy_id":111,"taxonomy":"post_tag","description":"","parent":0,"count":13,"filter":"raw"},{"term_id":83,"name":"No\u00ebl dans le monde","slug":"noel-dans-le-monde","term_group":0,"term_taxonomy_id":83,"taxonomy":"post_tag","description":"","parent":0,"count":42,"filter":"raw"},{"term_id":124,"name":"Plaisirs d'Hiver \u00e0 Bruxelles","slug":"plaisirs-dhiver-a-bruxelles","term_group":0,"term_taxonomy_id":124,"taxonomy":"post_tag","description":"","parent":0,"count":1,"filter":"raw"}],"jetpack_sharing_enabled":true,"jetpack_featured_media_url":"","_links":{"self":[{"href":"https:\/\/www.blognoel.com\/es\/wp-json\/wp\/v2\/posts\/399","targetHints":{"allow":["GET"]}}],"collection":[{"href":"https:\/\/www.blognoel.com\/es\/wp-json\/wp\/v2\/posts"}],"about":[{"href":"https:\/\/www.blognoel.com\/es\/wp-json\/wp\/v2\/types\/post"}],"author":[{"embeddable":true,"href":"https:\/\/www.blognoel.com\/es\/wp-json\/wp\/v2\/users\/3"}],"replies":[{"embeddable":true,"href":"https:\/\/www.blognoel.com\/es\/wp-json\/wp\/v2\/comments?post=399"}],"version-history":[{"count":5,"href":"https:\/\/www.blognoel.com\/es\/wp-json\/wp\/v2\/posts\/399\/revisions"}],"predecessor-version":[{"id":406,"href":"https:\/\/www.blognoel.com\/es\/wp-json\/wp\/v2\/posts\/399\/revisions\/406"}],"wp:attachment":[{"href":"https:\/\/www.blognoel.com\/es\/wp-json\/wp\/v2\/media?parent=399"}],"wp:term":[{"taxonomy":"category","embeddable":true,"href":"https:\/\/www.blognoel.com\/es\/wp-json\/wp\/v2\/categories?post=399"},{"taxonomy":"post_tag","embeddable":true,"href":"https:\/\/www.blognoel.com\/es\/wp-json\/wp\/v2\/tags?post=399"}],"curies":[{"name":"wp","href":"https:\/\/api.w.org\/{rel}","templated":true}]}}