{"id":360,"date":"2014-11-26T11:08:42","date_gmt":"2014-11-26T11:08:42","guid":{"rendered":"http:\/\/www.blognoel.com\/?p=360"},"modified":"2014-11-26T11:08:42","modified_gmt":"2014-11-26T11:08:42","slug":"360","status":"publish","type":"post","link":"https:\/\/www.blognoel.com\/es\/360\/360\/","title":{"rendered":"Mercados navide\u00f1os en Europa \u2013 4. Estrasburgo"},"content":{"rendered":"<h2><a rel=\"attachment wp-att-361\" href=\"http:\/\/www.blognoel.com\/es\/360\/360\/marche_noel\/\"><img decoding=\"async\" class=\"alignnone size-thumbnail wp-image-361 lazyload\" title=\"Mercado navide\u00f1o\" data-src=\"http:\/\/www.blognoel.com\/wp-content\/smush-webp\/2010\/11\/marche_noel-150x150.jpg.webp\" alt=\"\" width=\"150\" height=\"150\" src=\"data:image\/svg+xml;base64,PHN2ZyB3aWR0aD0iMSIgaGVpZ2h0PSIxIiB4bWxucz0iaHR0cDovL3d3dy53My5vcmcvMjAwMC9zdmciPjwvc3ZnPg==\" style=\"--smush-placeholder-width: 150px; --smush-placeholder-aspect-ratio: 150\/150;\" data-smush-webp-fallback=\"{&quot;data-src&quot;:&quot;http:\\\/\\\/www.blognoel.com\\\/wp-content\\\/uploads\\\/2010\\\/11\\\/marche_noel-150x150.jpg&quot;}\" \/><\/a><\/h2>\n<p>Les march\u00e9s de <a href=\"https:\/\/www.blognoel.com\/es\/\">Navidad<\/a> en Europe \u2013 4. Strasbourg<\/p>\n<p>Depuis 1570 Strasbourg d\u00e9ploie <a href=\"https:\/\/www.blognoel.com\/es\/canciones-navidenas\/\">son<\/a> march\u00e9 de No\u00ebl autour de sa prestigieuse Cath\u00e9drale. Depuis, son rayonnement en Europe n\u2019a fait que cro\u00eetre, gr\u00e2ce \u00e0 sa tradition de commerce et \u00e0 son esprit de tol\u00e9rance et d\u2019humanisme, qui constituent la base de son histoire et son identit\u00e9. Cette ann\u00e9e, le c\u00e9l\u00e8bre march\u00e9 f\u00eatera sa 441<sup>mi<\/sup> edici\u00f3n.<\/p>\n<p>Cuando llega el anochecer, comienza la magia: los adornos adornan las fachadas de las casas, los escaparates brillan, el aire se llena de especias y canela y los villancicos resuenan desde lo profundo de las iglesias.<\/p>\n<p>El Mercado Navide\u00f1o se extiende por varias calles y plazas del centro de la ciudad, en particular la Place Broglie y la Place de la Cath\u00e9drale. Cientos de comerciantes ofrecen a los paseantes una amplia gama de regalos originales y art\u00edculos tradicionales para decorar su \u00e1rbol de Navidad y bel\u00e9n. Como en cualquier mercado navide\u00f1o que se precie, tambi\u00e9n hay algo para deleitarse: dulces, vino caliente, rosquillas y otras delicias.<\/p>\n<p>Cada a\u00f1o, se instala un enorme \u00e1rbol de Navidad en la plaza Kl\u00e9ber y numerosos conciertos permiten a los visitantes apreciar la belleza de la catedral y las iglesias de la ciudad, adem\u00e1s de una gran variedad de actividades que muestran las ricas tradiciones alsacianas. La Aldea Infantil, otra atracci\u00f3n favorita de las familias, transporta a peque\u00f1os y mayores a un mundo m\u00e1gico y encantador a trav\u00e9s de cuentos y espect\u00e1culos. En Estrasburgo, la Navidad tambi\u00e9n significa exposiciones para descubrir en las calles y plazas de su centro hist\u00f3rico.<\/p>\n<p>Con motivo del 60\u00ba aniversario del Convenio Europeo de Derechos Humanos, la Ciudad ha decidido invitar al Consejo de Europa, al Tribunal Europeo de Derechos Humanos y al Parlamento Europeo como &quot;anfitriones&quot; de la edici\u00f3n 2010 de Estrasburgo, Capital de la Navidad.<\/p>\n<p>Del 27 de noviembre al 31 de diciembre de 2010<\/p>\n<p>Para obtener m\u00e1s informaci\u00f3n, visite el siguiente sitio web: <a href=\"http:\/\/www.noel.strasbourg.eu\/\" target=\"_blank\" rel=\"noopener\">http:\/\/www.noel.strasbourg.eu\/<\/a><\/p>\n<p>Ma\u00f1ana: Navidad en Praga<\/p>","protected":false},"excerpt":{"rendered":"<p>Mercados navide\u00f1os en Europa \u2013 4. Estrasburgo. Desde 1570, Estrasburgo celebra su mercado navide\u00f1o en torno a su prestigiosa catedral. Desde entonces, su influencia en Europa no ha hecho m\u00e1s que crecer gracias a su tradici\u00f3n comercial y a su esp\u00edritu de tolerancia y humanismo, que constituyen la base de su historia e identidad.<\/p>","protected":false},"author":3,"featured_media":0,"comment_status":"open","ping_status":"open","sticky":false,"template":"","format":"standard","meta":{"_kad_blocks_custom_css":"","_kad_blocks_head_custom_js":"","_kad_blocks_body_custom_js":"","_kad_blocks_footer_custom_js":"","_kadence_starter_templates_imported_post":false,"_kad_post_transparent":"","_kad_post_title":"","_kad_post_layout":"","_kad_post_sidebar_id":"","_kad_post_content_style":"","_kad_post_vertical_padding":"","_kad_post_feature":"","_kad_post_feature_position":"","_kad_post_header":false,"_kad_post_footer":false,"_kad_post_classname":"","_jetpack_newsletter_access":"","_jetpack_dont_email_post_to_subs":false,"_jetpack_newsletter_tier_id":0,"_jetpack_memberships_contains_paywalled_content":false,"_jetpack_feature_clip_id":0,"_jetpack_memberships_contains_paid_content":false,"footnotes":"","jetpack_publicize_message":"","jetpack_publicize_feature_enabled":true,"jetpack_social_post_already_shared":false,"jetpack_social_options":{"image_generator_settings":{"template":"highway","default_image_id":0,"font":"","enabled":false},"version":2},"jetpack_post_was_ever_published":false},"categories":[1,14,13],"tags":[117,44,115,82,122,121,111,83,68,31],"class_list":["post-360","post","type-post","status-publish","format-standard","hentry","category-top","category-fete-de-noel","category-traditions","tag-art","tag-cadeaux-de-noel","tag-christkindlmarkt","tag-festivites-de-noel","tag-lumiere","tag-marche","tag-marches-de-noel","tag-noel-dans-le-monde","tag-sapin","tag-tradition"],"views":415,"jetpack_publicize_connections":[],"taxonomy_info":{"category":[{"value":1,"label":"Best of Christmas"},{"value":14,"label":"F\u00eate de No\u00ebl"},{"value":13,"label":"Traditions"}],"post_tag":[{"value":117,"label":"art"},{"value":44,"label":"cadeaux de no\u00ebl"},{"value":115,"label":"christkindlmarkt"},{"value":82,"label":"festivit\u00e9s de No\u00ebl"},{"value":122,"label":"lumi\u00e8re"},{"value":121,"label":"march\u00e9"},{"value":111,"label":"march\u00e9s de No\u00ebl"},{"value":83,"label":"No\u00ebl dans le monde"},{"value":68,"label":"sapin"},{"value":31,"label":"tradition"}]},"featured_image_src_large":false,"author_info":{"display_name":"plumelle","author_link":"https:\/\/www.blognoel.com\/es\/author\/plumelle\/"},"comment_info":2,"category_info":[{"term_id":1,"name":"Best of Christmas","slug":"top","term_group":0,"term_taxonomy_id":1,"taxonomy":"category","description":"","parent":0,"count":242,"filter":"raw","cat_ID":1,"category_count":242,"category_description":"","cat_name":"Best of Christmas","category_nicename":"top","category_parent":0},{"term_id":14,"name":"F\u00eate de No\u00ebl","slug":"fete-de-noel","term_group":0,"term_taxonomy_id":14,"taxonomy":"category","description":"","parent":0,"count":194,"filter":"raw","cat_ID":14,"category_count":194,"category_description":"","cat_name":"F\u00eate de No\u00ebl","category_nicename":"fete-de-noel","category_parent":0},{"term_id":13,"name":"Traditions","slug":"traditions","term_group":0,"term_taxonomy_id":13,"taxonomy":"category","description":"","parent":14,"count":87,"filter":"raw","cat_ID":13,"category_count":87,"category_description":"","cat_name":"Traditions","category_nicename":"traditions","category_parent":14}],"tag_info":[{"term_id":117,"name":"art","slug":"art","term_group":0,"term_taxonomy_id":117,"taxonomy":"post_tag","description":"","parent":0,"count":7,"filter":"raw"},{"term_id":44,"name":"cadeaux de no\u00ebl","slug":"cadeaux-de-noel","term_group":0,"term_taxonomy_id":44,"taxonomy":"post_tag","description":"","parent":0,"count":61,"filter":"raw"},{"term_id":115,"name":"christkindlmarkt","slug":"christkindlmarkt","term_group":0,"term_taxonomy_id":115,"taxonomy":"post_tag","description":"","parent":0,"count":2,"filter":"raw"},{"term_id":82,"name":"festivit\u00e9s de No\u00ebl","slug":"festivites-de-noel","term_group":0,"term_taxonomy_id":82,"taxonomy":"post_tag","description":"","parent":0,"count":59,"filter":"raw"},{"term_id":122,"name":"lumi\u00e8re","slug":"lumiere","term_group":0,"term_taxonomy_id":122,"taxonomy":"post_tag","description":"","parent":0,"count":6,"filter":"raw"},{"term_id":121,"name":"march\u00e9","slug":"marche","term_group":0,"term_taxonomy_id":121,"taxonomy":"post_tag","description":"","parent":0,"count":3,"filter":"raw"},{"term_id":111,"name":"march\u00e9s de No\u00ebl","slug":"marches-de-noel","term_group":0,"term_taxonomy_id":111,"taxonomy":"post_tag","description":"","parent":0,"count":13,"filter":"raw"},{"term_id":83,"name":"No\u00ebl dans le monde","slug":"noel-dans-le-monde","term_group":0,"term_taxonomy_id":83,"taxonomy":"post_tag","description":"","parent":0,"count":42,"filter":"raw"},{"term_id":68,"name":"sapin","slug":"sapin","term_group":0,"term_taxonomy_id":68,"taxonomy":"post_tag","description":"","parent":0,"count":29,"filter":"raw"},{"term_id":31,"name":"tradition","slug":"tradition","term_group":0,"term_taxonomy_id":31,"taxonomy":"post_tag","description":"","parent":0,"count":64,"filter":"raw"}],"jetpack_sharing_enabled":true,"jetpack_featured_media_url":"","_links":{"self":[{"href":"https:\/\/www.blognoel.com\/es\/wp-json\/wp\/v2\/posts\/360","targetHints":{"allow":["GET"]}}],"collection":[{"href":"https:\/\/www.blognoel.com\/es\/wp-json\/wp\/v2\/posts"}],"about":[{"href":"https:\/\/www.blognoel.com\/es\/wp-json\/wp\/v2\/types\/post"}],"author":[{"embeddable":true,"href":"https:\/\/www.blognoel.com\/es\/wp-json\/wp\/v2\/users\/3"}],"replies":[{"embeddable":true,"href":"https:\/\/www.blognoel.com\/es\/wp-json\/wp\/v2\/comments?post=360"}],"version-history":[{"count":10,"href":"https:\/\/www.blognoel.com\/es\/wp-json\/wp\/v2\/posts\/360\/revisions"}],"predecessor-version":[{"id":388,"href":"https:\/\/www.blognoel.com\/es\/wp-json\/wp\/v2\/posts\/360\/revisions\/388"}],"wp:attachment":[{"href":"https:\/\/www.blognoel.com\/es\/wp-json\/wp\/v2\/media?parent=360"}],"wp:term":[{"taxonomy":"category","embeddable":true,"href":"https:\/\/www.blognoel.com\/es\/wp-json\/wp\/v2\/categories?post=360"},{"taxonomy":"post_tag","embeddable":true,"href":"https:\/\/www.blognoel.com\/es\/wp-json\/wp\/v2\/tags?post=360"}],"curies":[{"name":"wp","href":"https:\/\/api.w.org\/{rel}","templated":true}]}}