{"id":352,"date":"2014-06-12T11:08:39","date_gmt":"2014-06-12T11:08:39","guid":{"rendered":"http:\/\/www.blognoel.com\/?p=352"},"modified":"2014-06-12T11:08:39","modified_gmt":"2014-06-12T11:08:39","slug":"mercados-navidenos-en-europa-3-berna","status":"publish","type":"post","link":"https:\/\/www.blognoel.com\/es\/352\/mercados-navidenos-en-europa-3-berna\/","title":{"rendered":"Mercados navide\u00f1os en Europa \u2013 3. Berna"},"content":{"rendered":"<p><a rel=\"attachment wp-att-353\" href=\"http:\/\/www.blognoel.com\/es\/352\/mercados-navidenos-en-europa-3-berna\/noel_berne\/\"><img decoding=\"async\" class=\"alignnone size-thumbnail wp-image-353 lazyload\" title=\"noel_berne\" data-src=\"http:\/\/www.blognoel.com\/wp-content\/smush-webp\/2010\/11\/noel_berne-150x150.jpg.webp\" alt=\"Plaza Waisenhaus\" width=\"150\" height=\"150\" src=\"data:image\/svg+xml;base64,PHN2ZyB3aWR0aD0iMSIgaGVpZ2h0PSIxIiB4bWxucz0iaHR0cDovL3d3dy53My5vcmcvMjAwMC9zdmciPjwvc3ZnPg==\" style=\"--smush-placeholder-width: 150px; --smush-placeholder-aspect-ratio: 150\/150;\" data-smush-webp-fallback=\"{&quot;data-src&quot;:&quot;http:\\\/\\\/www.blognoel.com\\\/wp-content\\\/uploads\\\/2010\\\/11\\\/noel_berne-150x150.jpg&quot;}\" \/><\/a><\/p>\n<p>Il y a vingt ans environ, que la tradition du march\u00e9 de <a href=\"https:\/\/www.blognoel.com\/es\/\">Navidad<\/a> est devenue populaire dans la jolie ville de Berne en Suisse. Depuis ce temps, la <strong><em>Plaza Waisenhaus<\/em><\/strong> Recibe cada a\u00f1o unas 50 casas de madera, enmarcadas con ramas de abeto y decoradas de forma \u00fanica. All\u00ed encontrar\u00e1s art\u00edculos navide\u00f1os tradicionales y artesan\u00edas, entre las que seguro encontrar\u00e1s regalos especiales hechos a mano. Sin olvidar las especialidades: pasteles y el famoso pan de jengibre, caramelos, zumo de manzana casero y vino caliente.<\/p>\n<p>A diez minutos de la <em>Plaza Waisenhaus<\/em>Cerca de la Catedral de Berna hay otro mercado m\u00e1s reciente, llamado <strong><em>Plaza M\u00fcnster<\/em><\/strong> Donde artesanos y sopladores de vidrio demuestran su maestr\u00eda. \u00bfPor qu\u00e9 no aprovechar la oportunidad de hacer una pausa en el legendario caf\u00e9 de la capital? <em>Casa Korn Keller<\/em> que existe desde hace 350 a\u00f1os.<\/p>\n<p>Las casas del casco antiguo, construidas entre los siglos XV y XVI.<sup>mi<\/sup> y el 17<sup>mi<\/sup> si\u00e8cle, constituent le d\u00e9cor unique et merveilleux des march\u00e9s de No\u00ebl bernois. Rappelons que la vieille ville a \u00e9t\u00e9 class\u00e9e au patrimoine mondial de l\u2019Unesco pour la grande unit\u00e9 architecturale et urbanistique de son centre m\u00e9di\u00e9val. Il suffit de plonger dans ses ruelles aux arcades illumin\u00e9es, aux fa\u00e7ades d\u00e9cor\u00e9es de petits sapins de No\u00ebl, et de se laisser envo\u00fbter par la <a href=\"https:\/\/www.blognoel.com\/es\/canciones-navidenas\/\">m\u00fasica<\/a> des nombreux musiciens animant le centre, pour vivre un moment de la magie f\u00e9\u00e9rique de No\u00ebl \u00e0 Berne.<\/p>\n<p>Del 29 de noviembre al 24 de diciembre <em>(Plaza M\u00fcnster)<\/em> y el 27 de diciembre <em>(Plaza de la Casa Waisen).<\/em><\/p>","protected":false},"excerpt":{"rendered":"<p>Hace unos veinte a\u00f1os, la tradici\u00f3n del mercado navide\u00f1o se populariz\u00f3 en la hermosa ciudad de Berna, Suiza. Desde entonces, la Waisenhausplatz alberga cada a\u00f1o unas 50 casas de madera, enmarcadas con ramas de abeto y decoradas individualmente. All\u00ed se pueden encontrar art\u00edculos navide\u00f1os tradicionales...<\/p>","protected":false},"author":3,"featured_media":0,"comment_status":"open","ping_status":"open","sticky":false,"template":"","format":"standard","meta":{"_kad_blocks_custom_css":"","_kad_blocks_head_custom_js":"","_kad_blocks_body_custom_js":"","_kad_blocks_footer_custom_js":"","_kadence_starter_templates_imported_post":false,"_kad_post_transparent":"","_kad_post_title":"","_kad_post_layout":"","_kad_post_sidebar_id":"","_kad_post_content_style":"","_kad_post_vertical_padding":"","_kad_post_feature":"","_kad_post_feature_position":"","_kad_post_header":false,"_kad_post_footer":false,"_kad_post_classname":"","_jetpack_newsletter_access":"","_jetpack_dont_email_post_to_subs":false,"_jetpack_newsletter_tier_id":0,"_jetpack_memberships_contains_paywalled_content":false,"_jetpack_feature_clip_id":0,"_jetpack_memberships_contains_paid_content":false,"footnotes":"","jetpack_publicize_message":"","jetpack_publicize_feature_enabled":true,"jetpack_social_post_already_shared":false,"jetpack_social_options":{"image_generator_settings":{"template":"highway","default_image_id":0,"font":"","enabled":false},"version":2},"jetpack_post_was_ever_published":false},"categories":[1,14],"tags":[120,111,23,83,118,106,119],"class_list":["post-352","post","type-post","status-publish","format-standard","hentry","category-top","category-fete-de-noel","tag-commerce","tag-marches-de-noel","tag-noel","tag-noel-dans-le-monde","tag-suisse","tag-traditions-2","tag-ville"],"views":461,"jetpack_publicize_connections":[],"taxonomy_info":{"category":[{"value":1,"label":"Best of Christmas"},{"value":14,"label":"F\u00eate de No\u00ebl"}],"post_tag":[{"value":120,"label":"commerce"},{"value":111,"label":"march\u00e9s de No\u00ebl"},{"value":23,"label":"no\u00ebl"},{"value":83,"label":"No\u00ebl dans le monde"},{"value":118,"label":"Suisse"},{"value":106,"label":"traditions"},{"value":119,"label":"ville"}]},"featured_image_src_large":false,"author_info":{"display_name":"plumelle","author_link":"https:\/\/www.blognoel.com\/es\/author\/plumelle\/"},"comment_info":0,"category_info":[{"term_id":1,"name":"Best of Christmas","slug":"top","term_group":0,"term_taxonomy_id":1,"taxonomy":"category","description":"","parent":0,"count":242,"filter":"raw","cat_ID":1,"category_count":242,"category_description":"","cat_name":"Best of Christmas","category_nicename":"top","category_parent":0},{"term_id":14,"name":"F\u00eate de No\u00ebl","slug":"fete-de-noel","term_group":0,"term_taxonomy_id":14,"taxonomy":"category","description":"","parent":0,"count":194,"filter":"raw","cat_ID":14,"category_count":194,"category_description":"","cat_name":"F\u00eate de No\u00ebl","category_nicename":"fete-de-noel","category_parent":0}],"tag_info":[{"term_id":120,"name":"commerce","slug":"commerce","term_group":0,"term_taxonomy_id":120,"taxonomy":"post_tag","description":"","parent":0,"count":7,"filter":"raw"},{"term_id":111,"name":"march\u00e9s de No\u00ebl","slug":"marches-de-noel","term_group":0,"term_taxonomy_id":111,"taxonomy":"post_tag","description":"","parent":0,"count":13,"filter":"raw"},{"term_id":23,"name":"no\u00ebl","slug":"noel","term_group":0,"term_taxonomy_id":23,"taxonomy":"post_tag","description":"","parent":0,"count":146,"filter":"raw"},{"term_id":83,"name":"No\u00ebl dans le monde","slug":"noel-dans-le-monde","term_group":0,"term_taxonomy_id":83,"taxonomy":"post_tag","description":"","parent":0,"count":42,"filter":"raw"},{"term_id":118,"name":"Suisse","slug":"suisse","term_group":0,"term_taxonomy_id":118,"taxonomy":"post_tag","description":"","parent":0,"count":7,"filter":"raw"},{"term_id":106,"name":"traditions","slug":"traditions-2","term_group":0,"term_taxonomy_id":106,"taxonomy":"post_tag","description":"","parent":0,"count":61,"filter":"raw"},{"term_id":119,"name":"ville","slug":"ville","term_group":0,"term_taxonomy_id":119,"taxonomy":"post_tag","description":"","parent":0,"count":4,"filter":"raw"}],"jetpack_sharing_enabled":true,"jetpack_featured_media_url":"","_links":{"self":[{"href":"https:\/\/www.blognoel.com\/es\/wp-json\/wp\/v2\/posts\/352","targetHints":{"allow":["GET"]}}],"collection":[{"href":"https:\/\/www.blognoel.com\/es\/wp-json\/wp\/v2\/posts"}],"about":[{"href":"https:\/\/www.blognoel.com\/es\/wp-json\/wp\/v2\/types\/post"}],"author":[{"embeddable":true,"href":"https:\/\/www.blognoel.com\/es\/wp-json\/wp\/v2\/users\/3"}],"replies":[{"embeddable":true,"href":"https:\/\/www.blognoel.com\/es\/wp-json\/wp\/v2\/comments?post=352"}],"version-history":[{"count":9,"href":"https:\/\/www.blognoel.com\/es\/wp-json\/wp\/v2\/posts\/352\/revisions"}],"predecessor-version":[{"id":378,"href":"https:\/\/www.blognoel.com\/es\/wp-json\/wp\/v2\/posts\/352\/revisions\/378"}],"wp:attachment":[{"href":"https:\/\/www.blognoel.com\/es\/wp-json\/wp\/v2\/media?parent=352"}],"wp:term":[{"taxonomy":"category","embeddable":true,"href":"https:\/\/www.blognoel.com\/es\/wp-json\/wp\/v2\/categories?post=352"},{"taxonomy":"post_tag","embeddable":true,"href":"https:\/\/www.blognoel.com\/es\/wp-json\/wp\/v2\/tags?post=352"}],"curies":[{"name":"wp","href":"https:\/\/api.w.org\/{rel}","templated":true}]}}