{"id":342,"date":"2014-11-19T23:08:41","date_gmt":"2014-11-19T23:08:41","guid":{"rendered":"http:\/\/www.blognoel.com\/?p=342"},"modified":"2014-11-19T23:08:41","modified_gmt":"2014-11-19T23:08:41","slug":"mercados-navidenos-en-europa-2-viena","status":"publish","type":"post","link":"https:\/\/www.blognoel.com\/es\/342\/mercados-navidenos-en-europa-2-viena\/","title":{"rendered":"Mercados navide\u00f1os en Europa \u2013 2. Viena"},"content":{"rendered":"<p><a rel=\"attachment wp-att-343\" href=\"http:\/\/www.blognoel.com\/es\/342\/mercados-navidenos-en-europa-2-viena\/noel_vienne\/\"><img decoding=\"async\" class=\"alignnone size-thumbnail wp-image-343 lazyload\" title=\"noel_vienne\" data-src=\"http:\/\/www.blognoel.com\/wp-content\/smush-webp\/2010\/11\/noel_vienne-150x150.jpg.webp\" alt=\"\" width=\"150\" height=\"150\" src=\"data:image\/svg+xml;base64,PHN2ZyB3aWR0aD0iMSIgaGVpZ2h0PSIxIiB4bWxucz0iaHR0cDovL3d3dy53My5vcmcvMjAwMC9zdmciPjwvc3ZnPg==\" style=\"--smush-placeholder-width: 150px; --smush-placeholder-aspect-ratio: 150\/150;\" data-smush-webp-fallback=\"{&quot;data-src&quot;:&quot;http:\\\/\\\/www.blognoel.com\\\/wp-content\\\/uploads\\\/2010\\\/11\\\/noel_vienne-150x150.jpg&quot;}\" \/><\/a><\/p>\n<p>Dans la capitale autrichienne, la tradition des march\u00e9s de <a href=\"https:\/\/www.blognoel.com\/es\/\">Navidad<\/a> existe depuis des si\u00e8cles; apr\u00e8s avoir \u00e9t\u00e9 appel\u00e9s \u00ab march\u00e9s de d\u00e9cembre \u00bb puis \u00ab march\u00e9s de Thomas \u00bb, ils gardent leur nom de \u00ab March\u00e9s de No\u00ebl \u00bb depuis le 18e si\u00e8cle. Les Autrichiens aiment tellement la f\u00eate de No\u00ebl qu\u2019on la c\u00e9l\u00e8bre, entre autres, dans les neufs march\u00e9s qui se tiennent dans diff\u00e9rents coins de la ville.<\/p>\n<p><strong>El m\u00e1s grande<\/strong><\/p>\n<p>El principal mercado navide\u00f1o se celebra en la Plaza del Ayuntamiento (Rathausplatz en alem\u00e1n). Consta de m\u00e1s de 130 puestos que venden una amplia variedad de art\u00edculos, como adornos navide\u00f1os, juguetes, artesan\u00eda y ropa, adem\u00e1s de delicias tradicionales de temporada como vino caliente y pan de jengibre, dulces y casta\u00f1as asadas, y productos locales. Numerosas atracciones para toda la familia y entretenimiento infantil se celebran durante las fiestas.<\/p>\n<p><strong>Algunos otros mercados<\/strong><\/p>\n<p>En el centro de la ciudad se encuentran el mercado de arte Am Hof, el antiguo mercado navide\u00f1o en Freyung y los pueblos navide\u00f1os en el Palacio Belvedere y en Maria-Theresien-Platz.<\/p>\n<p>El evento m\u00e1s original es, sin duda, el Mercado de Arte, organizado por la asociaci\u00f3n Divina Art, que tiene lugar frente a la Iglesia de San Carlos. Presenta obras artesanales de toda Europa Central, y cada a\u00f1o participan alrededor de sesenta artesanos. Durante el mes de diciembre, adem\u00e1s de puestos de venta y talleres, se ofrecen conciertos y recitales de poes\u00eda.<\/p>\n<p>Del 29 de noviembre al 24 de diciembre de 2010.<\/p>\n<p>Para m\u00e1s detalles:<br \/>\nLa p\u00e1gina web m\u00e1s completa sobre el principal mercado navide\u00f1o: www.christkindlmarkt.at.<\/p>","protected":false},"excerpt":{"rendered":"<p>En la capital austriaca, la tradici\u00f3n de los mercados navide\u00f1os existe desde hace siglos; tras llamarse &quot;mercados de diciembre&quot; y luego &quot;mercados de Thomas&quot;, conservan su nombre de &quot;mercados de Navidad&quot; desde el siglo XVIII. Los austriacos aman tanto la Navidad que la celebran, entre otras cosas...<\/p>","protected":false},"author":3,"featured_media":0,"comment_status":"open","ping_status":"open","sticky":false,"template":"","format":"standard","meta":{"_kad_blocks_custom_css":"","_kad_blocks_head_custom_js":"","_kad_blocks_body_custom_js":"","_kad_blocks_footer_custom_js":"","_kadence_starter_templates_imported_post":false,"_kad_post_transparent":"","_kad_post_title":"","_kad_post_layout":"","_kad_post_sidebar_id":"","_kad_post_content_style":"","_kad_post_vertical_padding":"","_kad_post_feature":"","_kad_post_feature_position":"","_kad_post_header":false,"_kad_post_footer":false,"_kad_post_classname":"","_jetpack_newsletter_access":"","_jetpack_dont_email_post_to_subs":false,"_jetpack_newsletter_tier_id":0,"_jetpack_memberships_contains_paywalled_content":false,"_jetpack_feature_clip_id":0,"_jetpack_memberships_contains_paid_content":false,"footnotes":"","jetpack_publicize_message":"","jetpack_publicize_feature_enabled":true,"jetpack_social_post_already_shared":false,"jetpack_social_options":{"image_generator_settings":{"template":"highway","default_image_id":0,"font":"","enabled":false},"version":2},"jetpack_post_was_ever_published":false},"categories":[14,13],"tags":[115,111,114,83],"class_list":["post-342","post","type-post","status-publish","format-standard","hentry","category-fete-de-noel","category-traditions","tag-christkindlmarkt","tag-marches-de-noel","tag-noel-a-vienne","tag-noel-dans-le-monde"],"views":164,"jetpack_publicize_connections":[],"taxonomy_info":{"category":[{"value":14,"label":"F\u00eate de No\u00ebl"},{"value":13,"label":"Traditions"}],"post_tag":[{"value":115,"label":"christkindlmarkt"},{"value":111,"label":"march\u00e9s de No\u00ebl"},{"value":114,"label":"No\u00ebl \u00e0 Vienne"},{"value":83,"label":"No\u00ebl dans le monde"}]},"featured_image_src_large":false,"author_info":{"display_name":"plumelle","author_link":"https:\/\/www.blognoel.com\/es\/author\/plumelle\/"},"comment_info":0,"category_info":[{"term_id":14,"name":"F\u00eate de No\u00ebl","slug":"fete-de-noel","term_group":0,"term_taxonomy_id":14,"taxonomy":"category","description":"","parent":0,"count":194,"filter":"raw","cat_ID":14,"category_count":194,"category_description":"","cat_name":"F\u00eate de No\u00ebl","category_nicename":"fete-de-noel","category_parent":0},{"term_id":13,"name":"Traditions","slug":"traditions","term_group":0,"term_taxonomy_id":13,"taxonomy":"category","description":"","parent":14,"count":87,"filter":"raw","cat_ID":13,"category_count":87,"category_description":"","cat_name":"Traditions","category_nicename":"traditions","category_parent":14}],"tag_info":[{"term_id":115,"name":"christkindlmarkt","slug":"christkindlmarkt","term_group":0,"term_taxonomy_id":115,"taxonomy":"post_tag","description":"","parent":0,"count":2,"filter":"raw"},{"term_id":111,"name":"march\u00e9s de No\u00ebl","slug":"marches-de-noel","term_group":0,"term_taxonomy_id":111,"taxonomy":"post_tag","description":"","parent":0,"count":13,"filter":"raw"},{"term_id":114,"name":"No\u00ebl \u00e0 Vienne","slug":"noel-a-vienne","term_group":0,"term_taxonomy_id":114,"taxonomy":"post_tag","description":"","parent":0,"count":2,"filter":"raw"},{"term_id":83,"name":"No\u00ebl dans le monde","slug":"noel-dans-le-monde","term_group":0,"term_taxonomy_id":83,"taxonomy":"post_tag","description":"","parent":0,"count":42,"filter":"raw"}],"jetpack_sharing_enabled":true,"jetpack_featured_media_url":"","_links":{"self":[{"href":"https:\/\/www.blognoel.com\/es\/wp-json\/wp\/v2\/posts\/342","targetHints":{"allow":["GET"]}}],"collection":[{"href":"https:\/\/www.blognoel.com\/es\/wp-json\/wp\/v2\/posts"}],"about":[{"href":"https:\/\/www.blognoel.com\/es\/wp-json\/wp\/v2\/types\/post"}],"author":[{"embeddable":true,"href":"https:\/\/www.blognoel.com\/es\/wp-json\/wp\/v2\/users\/3"}],"replies":[{"embeddable":true,"href":"https:\/\/www.blognoel.com\/es\/wp-json\/wp\/v2\/comments?post=342"}],"version-history":[{"count":4,"href":"https:\/\/www.blognoel.com\/es\/wp-json\/wp\/v2\/posts\/342\/revisions"}],"predecessor-version":[{"id":347,"href":"https:\/\/www.blognoel.com\/es\/wp-json\/wp\/v2\/posts\/342\/revisions\/347"}],"wp:attachment":[{"href":"https:\/\/www.blognoel.com\/es\/wp-json\/wp\/v2\/media?parent=342"}],"wp:term":[{"taxonomy":"category","embeddable":true,"href":"https:\/\/www.blognoel.com\/es\/wp-json\/wp\/v2\/categories?post=342"},{"taxonomy":"post_tag","embeddable":true,"href":"https:\/\/www.blognoel.com\/es\/wp-json\/wp\/v2\/tags?post=342"}],"curies":[{"name":"wp","href":"https:\/\/api.w.org\/{rel}","templated":true}]}}