{"id":323,"date":"2014-10-05T23:11:07","date_gmt":"2014-10-05T23:11:07","guid":{"rendered":"http:\/\/www.blognoel.com\/?p=323"},"modified":"2014-10-05T23:11:07","modified_gmt":"2014-10-05T23:11:07","slug":"mercados-tradicionales-en-europa-1-nuremberg","status":"publish","type":"post","link":"https:\/\/www.blognoel.com\/es\/323\/mercados-tradicionales-en-europa-1-nuremberg\/","title":{"rendered":"Mercados tradicionales en Europa \u2013 1. N\u00faremberg"},"content":{"rendered":"<p>Chaque ann\u00e9e, durant la p\u00e9riode de l\u2019Avent (quatre semaines pr\u00e9c\u00e9dant la veille de <a href=\"https:\/\/www.blognoel.com\/es\/\">Navidad<\/a>), les march\u00e9s de No\u00ebl se d\u00e9roulent dans les centres de nombreuses villes d\u2019Europe. L\u2019\u00e9volution commerciale r\u00e9cente et la diffusion \u00e0 une large \u00e9chelle de ces march\u00e9s en font aujourd\u2019hui une attraction touristique des plus r\u00e9pandues.<\/p>\n<p>Estos mercados, compuestos por peque\u00f1os puestos de madera agrupados, ofrecen productos culinarios, artesanales y decorativos locales. Las demostraciones y el entretenimiento in situ para grandes y peque\u00f1os tambi\u00e9n forman parte de la magia de esta actividad festiva. Este es el primero de una serie de art\u00edculos sobre los mercados navide\u00f1os en Europa.<\/p>\n<p><a rel=\"attachment wp-att-324\" href=\"http:\/\/www.blognoel.com\/es\/323\/mercados-tradicionales-en-europa-1-nuremberg\/noel_nuremberg\/\"><img decoding=\"async\" class=\"alignnone size-thumbnail wp-image-324 lazyload\" title=\"Navidad en N\u00faremberg\" data-src=\"http:\/\/www.blognoel.com\/wp-content\/smush-webp\/2010\/11\/noel_nuremberg-150x150.jpg.webp\" alt=\"\" width=\"150\" height=\"150\" src=\"data:image\/svg+xml;base64,PHN2ZyB3aWR0aD0iMSIgaGVpZ2h0PSIxIiB4bWxucz0iaHR0cDovL3d3dy53My5vcmcvMjAwMC9zdmciPjwvc3ZnPg==\" style=\"--smush-placeholder-width: 150px; --smush-placeholder-aspect-ratio: 150\/150;\" data-smush-webp-fallback=\"{&quot;data-src&quot;:&quot;http:\\\/\\\/www.blognoel.com\\\/wp-content\\\/uploads\\\/2010\\\/11\\\/noel_nuremberg-150x150.jpg&quot;}\" \/><\/a><\/p>\n<p><strong>El Ma<\/strong><strong>Arco de N\u00faremberg <\/strong>(<em>Mercado de Navidad<\/em> en alem\u00e1n)<\/p>\n<p>El Mercado Navide\u00f1o de N\u00faremberg, en Alemania, es el evento m\u00e1s importante de la ciudad y uno de los m\u00e1s famosos del mundo. Existe desde 1628 y se celebra anualmente en la Plaza del Mercado. Se celebra del 26 de noviembre al 21 de diciembre de 2010.<\/p>\n<p>Su inauguraci\u00f3n est\u00e1 marcada por un discurso de bienvenida del \u00c1ngel de la Navidad. Varias docenas de quioscos y peque\u00f1os chalets se instalan en la plaza. Esta es la oportunidad perfecta para comprar adornos navide\u00f1os y diversos art\u00edculos t\u00edpicos de esta regi\u00f3n alemana. La riqueza culinaria de la regi\u00f3n tambi\u00e9n es protagonista, con el Gl\u00fchwein (vino caliente especiado), las salchichas a la parrilla y el famoso pan de jengibre de N\u00faremberg.<\/p>\n<p>Este mercado se ha expandido a otros espacios tem\u00e1ticos de la ciudad. Un ejemplo es el Mercado Internacional, ubicado en la plaza del ayuntamiento, donde se exhiben productos de las numerosas ciudades hermanas de N\u00faremberg, como Niza, Venecia, Shenzhen y Atlanta.<\/p>\n<p>Tambi\u00e9n hay <strong>Navidad infantil<\/strong>. Il s\u2019agit d\u2019un autre march\u00e9 offrant des attractions pour les plus petits telles qu\u2019un man\u00e8ge d\u2019antan avec des rennes et des tra\u00eeneaux de <a href=\"https:\/\/www.blognoel.com\/es\/personajes\/san-nicolas\/\">saint Nicolas<\/a>, une grande roue et un train \u00e0 vapeur ! Divers ateliers sont propos\u00e9s aux enfants qui peuvent apprendre \u00e0 fabriquer des g\u00e2teaux de No\u00ebl et des bougies, \u00e0 travailler le verre, la pyrogravure et autres merveilles. C\u2019est aussi l\u2019occasion d\u2019acheter de tr\u00e8s beaux jouets, Nuremberg accueillant, plus t\u00f4t dans l\u2019ann\u00e9e, le Salon international du jouet.<\/p>\n<p>\u2026continuar\u00e1 (2. el Mercado de Navidad en Viena, Austria)<\/p>","protected":false},"excerpt":{"rendered":"<p>Cada a\u00f1o, durante el Adviento (cuatro semanas antes de Nochebuena), se celebran mercados navide\u00f1os en el centro de muchas ciudades europeas. El reciente desarrollo comercial y la amplia difusi\u00f3n de estos mercados los han convertido en una de las atracciones tur\u00edsticas m\u00e1s populares. Estos mercados, compuestos por peque\u00f1os puestos\u2026<\/p>","protected":false},"author":3,"featured_media":0,"comment_status":"open","ping_status":"open","sticky":false,"template":"","format":"standard","meta":{"_kad_blocks_custom_css":"","_kad_blocks_head_custom_js":"","_kad_blocks_body_custom_js":"","_kad_blocks_footer_custom_js":"","_kadence_starter_templates_imported_post":false,"_kad_post_transparent":"","_kad_post_title":"","_kad_post_layout":"","_kad_post_sidebar_id":"","_kad_post_content_style":"","_kad_post_vertical_padding":"","_kad_post_feature":"","_kad_post_feature_position":"","_kad_post_header":false,"_kad_post_footer":false,"_kad_post_classname":"","_jetpack_newsletter_access":"","_jetpack_dont_email_post_to_subs":false,"_jetpack_newsletter_tier_id":0,"_jetpack_memberships_contains_paywalled_content":false,"_jetpack_feature_clip_id":0,"_jetpack_memberships_contains_paid_content":false,"footnotes":"","jetpack_publicize_message":"","jetpack_publicize_feature_enabled":true,"jetpack_social_post_already_shared":false,"jetpack_social_options":{"image_generator_settings":{"template":"highway","default_image_id":0,"font":"","enabled":false},"version":2},"jetpack_post_was_ever_published":false},"categories":[14,13],"tags":[116,117,108,82,109,111,83,106],"class_list":["post-323","post","type-post","status-publish","format-standard","hentry","category-fete-de-noel","category-traditions","tag-allemagne","tag-art","tag-cuisine","tag-festivites-de-noel","tag-idees-de-cadeaux","tag-marches-de-noel","tag-noel-dans-le-monde","tag-traditions-2"],"views":494,"jetpack_publicize_connections":[],"taxonomy_info":{"category":[{"value":14,"label":"F\u00eate de No\u00ebl"},{"value":13,"label":"Traditions"}],"post_tag":[{"value":116,"label":"allemagne"},{"value":117,"label":"art"},{"value":108,"label":"cuisine"},{"value":82,"label":"festivit\u00e9s de No\u00ebl"},{"value":109,"label":"id\u00e9es de cadeaux"},{"value":111,"label":"march\u00e9s de No\u00ebl"},{"value":83,"label":"No\u00ebl dans le monde"},{"value":106,"label":"traditions"}]},"featured_image_src_large":false,"author_info":{"display_name":"plumelle","author_link":"https:\/\/www.blognoel.com\/es\/author\/plumelle\/"},"comment_info":0,"category_info":[{"term_id":14,"name":"F\u00eate de No\u00ebl","slug":"fete-de-noel","term_group":0,"term_taxonomy_id":14,"taxonomy":"category","description":"","parent":0,"count":194,"filter":"raw","cat_ID":14,"category_count":194,"category_description":"","cat_name":"F\u00eate de No\u00ebl","category_nicename":"fete-de-noel","category_parent":0},{"term_id":13,"name":"Traditions","slug":"traditions","term_group":0,"term_taxonomy_id":13,"taxonomy":"category","description":"","parent":14,"count":87,"filter":"raw","cat_ID":13,"category_count":87,"category_description":"","cat_name":"Traditions","category_nicename":"traditions","category_parent":14}],"tag_info":[{"term_id":116,"name":"allemagne","slug":"allemagne","term_group":0,"term_taxonomy_id":116,"taxonomy":"post_tag","description":"","parent":0,"count":4,"filter":"raw"},{"term_id":117,"name":"art","slug":"art","term_group":0,"term_taxonomy_id":117,"taxonomy":"post_tag","description":"","parent":0,"count":7,"filter":"raw"},{"term_id":108,"name":"cuisine","slug":"cuisine","term_group":0,"term_taxonomy_id":108,"taxonomy":"post_tag","description":"","parent":0,"count":5,"filter":"raw"},{"term_id":82,"name":"festivit\u00e9s de No\u00ebl","slug":"festivites-de-noel","term_group":0,"term_taxonomy_id":82,"taxonomy":"post_tag","description":"","parent":0,"count":59,"filter":"raw"},{"term_id":109,"name":"id\u00e9es de cadeaux","slug":"idees-de-cadeaux","term_group":0,"term_taxonomy_id":109,"taxonomy":"post_tag","description":"","parent":0,"count":36,"filter":"raw"},{"term_id":111,"name":"march\u00e9s de No\u00ebl","slug":"marches-de-noel","term_group":0,"term_taxonomy_id":111,"taxonomy":"post_tag","description":"","parent":0,"count":13,"filter":"raw"},{"term_id":83,"name":"No\u00ebl dans le monde","slug":"noel-dans-le-monde","term_group":0,"term_taxonomy_id":83,"taxonomy":"post_tag","description":"","parent":0,"count":42,"filter":"raw"},{"term_id":106,"name":"traditions","slug":"traditions-2","term_group":0,"term_taxonomy_id":106,"taxonomy":"post_tag","description":"","parent":0,"count":61,"filter":"raw"}],"jetpack_sharing_enabled":true,"jetpack_featured_media_url":"","_links":{"self":[{"href":"https:\/\/www.blognoel.com\/es\/wp-json\/wp\/v2\/posts\/323","targetHints":{"allow":["GET"]}}],"collection":[{"href":"https:\/\/www.blognoel.com\/es\/wp-json\/wp\/v2\/posts"}],"about":[{"href":"https:\/\/www.blognoel.com\/es\/wp-json\/wp\/v2\/types\/post"}],"author":[{"embeddable":true,"href":"https:\/\/www.blognoel.com\/es\/wp-json\/wp\/v2\/users\/3"}],"replies":[{"embeddable":true,"href":"https:\/\/www.blognoel.com\/es\/wp-json\/wp\/v2\/comments?post=323"}],"version-history":[{"count":11,"href":"https:\/\/www.blognoel.com\/es\/wp-json\/wp\/v2\/posts\/323\/revisions"}],"predecessor-version":[{"id":336,"href":"https:\/\/www.blognoel.com\/es\/wp-json\/wp\/v2\/posts\/323\/revisions\/336"}],"wp:attachment":[{"href":"https:\/\/www.blognoel.com\/es\/wp-json\/wp\/v2\/media?parent=323"}],"wp:term":[{"taxonomy":"category","embeddable":true,"href":"https:\/\/www.blognoel.com\/es\/wp-json\/wp\/v2\/categories?post=323"},{"taxonomy":"post_tag","embeddable":true,"href":"https:\/\/www.blognoel.com\/es\/wp-json\/wp\/v2\/tags?post=323"}],"curies":[{"name":"wp","href":"https:\/\/api.w.org\/{rel}","templated":true}]}}