{"id":253,"date":"2012-12-04T23:08:40","date_gmt":"2012-12-04T23:08:40","guid":{"rendered":"http:\/\/www.blognoel.com\/?p=253"},"modified":"2012-12-04T23:08:40","modified_gmt":"2012-12-04T23:08:40","slug":"video-e-historia-de-la-cancion-navidena-nochebuena","status":"publish","type":"post","link":"https:\/\/www.blognoel.com\/es\/253\/video-e-historia-de-la-cancion-navidena-nochebuena\/","title":{"rendered":"V\u00eddeo e historia de la canci\u00f3n navide\u00f1a &quot;Noche de paz&quot;"},"content":{"rendered":"<p>Sainte nuit, c\u00e9l\u00e8bre chant de <a href=\"https:\/\/www.blognoel.com\/es\/\">Navidad<\/a>, a \u00e9t\u00e9 interpr\u00e9t\u00e9e pour la premi\u00e8re fois le 24 d\u00e9cembre 1818 dans l\u2019\u00e9glise Saint-Nicolas d\u2019Oberndorf en Autriche. Joseph Mohr, pr\u00eatre de la paroisse, aurait \u00e9crit les paroles de la chanson deux ans plus t\u00f4t, lui donnant alors la forme d\u2019un po\u00e8me.<\/p>\n<p><a href=\"http:\/\/www.blognoel.com\/wp-content\/smush-webp\/2010\/10\/cloche-noel.jpg.webp\" data-smush-webp-fallback=\"{&quot;href&quot;:&quot;http:\\\/\\\/www.blognoel.com\\\/wp-content\\\/uploads\\\/2010\\\/10\\\/cloche-noel.jpg&quot;}\"><img decoding=\"async\" class=\"alignleft size-thumbnail wp-image-9 lazyload\" title=\"campana de Navidad\" data-src=\"http:\/\/www.blognoel.com\/wp-content\/smush-webp\/2010\/10\/cloche-noel-150x150.jpg.webp\" alt=\"\" width=\"150\" height=\"150\" src=\"data:image\/svg+xml;base64,PHN2ZyB3aWR0aD0iMSIgaGVpZ2h0PSIxIiB4bWxucz0iaHR0cDovL3d3dy53My5vcmcvMjAwMC9zdmciPjwvc3ZnPg==\" style=\"--smush-placeholder-width: 150px; --smush-placeholder-aspect-ratio: 150\/150;\" data-smush-webp-fallback=\"{&quot;data-src&quot;:&quot;http:\\\/\\\/www.blognoel.com\\\/wp-content\\\/uploads\\\/2010\\\/10\\\/cloche-noel-150x150.jpg&quot;}\" \/><\/a>Aunque solo se puede especular sobre por qu\u00e9 el poema se convirti\u00f3 en villancico, la leyenda cuenta que el \u00f3rgano de la iglesia estaba en tan mal estado que nadie pod\u00eda tocarlo. Joseph Mohr encarg\u00f3 entonces a Franz Xaver Gruber, el organista sustituto, la tarea de escribir una melod\u00eda adecuada para dos voces solistas, con acompa\u00f1amiento de coro y guitarra.<\/p>\n<p>Tambi\u00e9n conocido como Noche de Paz, o Stille Nacht en alem\u00e1n, este himno se cantaba inicialmente principalmente entre los dos hombres. Posteriormente, se extendi\u00f3 al Tirol en 1819, luego a Leipzig en 1832, antes de ser trasladado a Nueva York bajo el t\u00edtulo Noche de Paz, Noche de Paz. No fue hasta 1866 que se reestren\u00f3 en Salzburgo, una parroquia vecina de Oberndorf.<\/p>\n<p>Nochebuena finalmente cruz\u00f3 todos los continentes, y hoy en d\u00eda se estima que existen hasta trescientas traducciones a diversos idiomas y dialectos. Sin embargo, las opiniones difieren al respecto, y algunos sit\u00faan la cifra en alrededor de cien.<\/p>\n<p>V\u00eddeo musical (Youtube) de la canci\u00f3n \u201cSainte Nuit\u201d<\/p>\n<p>Palabras y m\u00fasica con una presentaci\u00f3n de diapositivas de im\u00e1genes navide\u00f1as.<\/p>\n<p><object classid=\"clsid:d27cdb6e-ae6d-11cf-96b8-444553540000\" width=\"480\" height=\"385\" codebase=\"http:\/\/download.macromedia.com\/pub\/shockwave\/cabs\/flash\/swflash.cab#version=6,0,40,0\"><param name=\"allowFullScreen\" value=\"true\" \/><param name=\"allowscriptaccess\" value=\"always\" \/><param name=\"src\" value=\"http:\/\/www.youtube.com\/v\/Ijmr9X1gf7c?fs=1&amp;hl=fr_FR\" \/><param name=\"allowfullscreen\" value=\"true\" \/><\/object><\/p>\n<p>Interpretaci\u00f3n de Nochebuena por Marie-\u00c9laine Thibert en diciembre de 2008:<\/p>\n<p><object classid=\"clsid:d27cdb6e-ae6d-11cf-96b8-444553540000\" width=\"480\" height=\"385\" codebase=\"http:\/\/download.macromedia.com\/pub\/shockwave\/cabs\/flash\/swflash.cab#version=6,0,40,0\"><param name=\"allowFullScreen\" value=\"true\" \/><param name=\"allowscriptaccess\" value=\"always\" \/><param name=\"src\" value=\"http:\/\/www.youtube.com\/v\/ES2pamcbyUU?fs=1&amp;hl=fr_FR\" \/><param name=\"allowfullscreen\" value=\"true\" \/><\/object><\/p>\n<p>Gerard Barbeau \u2013 joven cantante de Quebec<\/p>\n<p><object classid=\"clsid:d27cdb6e-ae6d-11cf-96b8-444553540000\" width=\"480\" height=\"385\" codebase=\"http:\/\/download.macromedia.com\/pub\/shockwave\/cabs\/flash\/swflash.cab#version=6,0,40,0\"><param name=\"allowFullScreen\" value=\"true\" \/><param name=\"allowscriptaccess\" value=\"always\" \/><param name=\"src\" value=\"http:\/\/www.youtube.com\/v\/j4syLfOXVPE?fs=1&amp;hl=fr_FR\" \/><param name=\"allowfullscreen\" value=\"true\" \/><\/object><\/p>\n<p>Coro de ni\u00f1os (Peque\u00f1os cantores en la cruz)<br \/>\n<object classid=\"clsid:d27cdb6e-ae6d-11cf-96b8-444553540000\" width=\"480\" height=\"385\" codebase=\"http:\/\/download.macromedia.com\/pub\/shockwave\/cabs\/flash\/swflash.cab#version=6,0,40,0\"><param name=\"allowFullScreen\" value=\"true\" \/><param name=\"allowscriptaccess\" value=\"always\" \/><param name=\"src\" value=\"http:\/\/www.youtube.com\/v\/i0HvkYD5Ec4?fs=1&amp;hl=fr_FR\" \/><param name=\"allowfullscreen\" value=\"true\" \/><\/object><\/p>\n<p>V\u00eddeo musical con letra<br \/>\n<object classid=\"clsid:d27cdb6e-ae6d-11cf-96b8-444553540000\" width=\"480\" height=\"385\" codebase=\"http:\/\/download.macromedia.com\/pub\/shockwave\/cabs\/flash\/swflash.cab#version=6,0,40,0\"><param name=\"allowFullScreen\" value=\"true\" \/><param name=\"allowscriptaccess\" value=\"always\" \/><param name=\"src\" value=\"http:\/\/www.youtube.com\/v\/Sy3WkZi1pcw?fs=1&amp;hl=fr_FR\" \/><param name=\"allowfullscreen\" value=\"true\" \/><\/object><\/p>\n<p>Claude Valade<br \/>\n<object classid=\"clsid:d27cdb6e-ae6d-11cf-96b8-444553540000\" width=\"480\" height=\"385\" codebase=\"http:\/\/download.macromedia.com\/pub\/shockwave\/cabs\/flash\/swflash.cab#version=6,0,40,0\"><param name=\"allowFullScreen\" value=\"true\" \/><param name=\"allowscriptaccess\" value=\"always\" \/><param name=\"src\" value=\"http:\/\/www.youtube.com\/v\/4YeCexw16BQ?fs=1&amp;hl=fr_FR\" \/><param name=\"allowfullscreen\" value=\"true\" \/><\/object><\/p>\n<p>Letras de canciones navide\u00f1as (diferentes versiones)<\/p>\n<p>\u00a1Dulce noche, noche santa!<br \/>\n\u00a1En el cielo! La estrella brilla.<br \/>\nEl misterio anunciado se cumple<br \/>\nEste ni\u00f1o dormido sobre la paja,<br \/>\n\u00a1Es amor infinito! {x2}<\/p>\n<p>\u00a1Santo Ni\u00f1o, dulce cordero!<br \/>\n\u00a1Qu\u00e9 grande es! \u00a1Qu\u00e9 guapo es!<br \/>\nEscucha las tuber\u00edas resonar<br \/>\nPastores guiando sus reba\u00f1os<br \/>\n\u00a1A su humilde cuna! {x2}<\/p>\n<p>Es hacia nosotros que corre,<br \/>\n\u00a1En un regalo sin retorno!<br \/>\nDe este mundo ignorante del amor,<br \/>\nDonde hoy comienza su estancia,<br \/>\n\u00a1Que sea Rey por siempre! {x2}<\/p>\n<p>\u00a1Qu\u00e9 bienvenida para un Rey!<br \/>\n\u00a1Sin refugio, sin techo!<br \/>\nEn su cuna tiembla de fr\u00edo.<br \/>\nOh pecador, sin esperar la cruz,<br \/>\n<a href=\"https:\/\/www.blognoel.com\/es\/personajes\/jesus\/\">Jes\u00fas<\/a> souffre pour toi ! {x2}<\/p>\n<p>\u00a1Paz a todos! \u00a1Gloria al cielo!<br \/>\nGloria al pecho maternal,<br \/>\n\u00bfQui\u00e9n por nosotros, en este d\u00eda de Navidad,<br \/>\nDio a luz al eterno Salvador,<br \/>\n\u00bfQu\u00e9 estaba esperando Israel? {x2}<\/p>\n<p>Otra versi\u00f3n<\/p>\n<p>Noche de paz, noche de paz<br \/>\nTodo est\u00e1 tranquilo y silencioso.<br \/>\nEn un establo pobre<br \/>\nDuerme, ni\u00f1o adorable<br \/>\nDesde un descanso celestial<br \/>\n\u00a1De un descanso celestial!<br \/>\n-2-<br \/>\nNoche de paz, noche de santidad<br \/>\nLos bancos siguieron<br \/>\nDe la estrella la dulce claridad<br \/>\nMil voces cantaron en la noche<br \/>\nNos ha nacido un Salvador<br \/>\n\u00a1Nos ha nacido un Salvador!<br \/>\n-3-<br \/>\nNoche de paz, noche de santidad<br \/>\nDulce Jes\u00fas, tu sonr\u00edes<br \/>\nY tu linda boca<br \/>\nCon una sonrisa inefable<br \/>\nEl cielo se abre entre nosotros.<\/p>\n<p>Versi\u00f3n en alem\u00e1n<\/p>\n<p>Noche tranquila<\/p>\n<p>\u00a1Todav\u00eda de noche! \u00a1Holi Nacht!<br \/>\nAlles schl\u00e4fteinsam wacht<br \/>\nPar de alta velocidad Nun das Traute<br \/>\nHolder Knabeim lockigen Haar,<br \/>\nSchlaf&#039;im himmlischer Ruh&#039;,<br \/>\nSchlaf&#039;im himmlischer Ruh&#039;!<\/p>\n<p>\u00a1Todav\u00eda de noche! \u00a1Holi Nacht!<br \/>\nHirten erst kund gemacht,<br \/>\nPor el \u00e1ngel, aleluya,<br \/>\nT\u00f6nt es laut von fern und nah&#039;:<br \/>\n\u00a1Cristo el Retter, es da!<\/p>\n<p>\u00a1Todav\u00eda de noche! \u00a1Holi Nacht!<br \/>\nGottes Sohn, o wie lacht,<br \/>\nLieb&#039; aus deinem g\u00f6ttlichen Mund<br \/>\nEstas son algunas de las cosas que te esperan:<br \/>\nCristo es tu cumplea\u00f1os.<\/p>","protected":false},"excerpt":{"rendered":"<p>El famoso villancico &quot;Noche de paz&quot; se estren\u00f3 el 24 de diciembre de 1818 en la iglesia de San Nicol\u00e1s de Oberndorf, Austria. Se dice que Joseph Mohr, el p\u00e1rroco, escribi\u00f3 la letra dos a\u00f1os antes, d\u00e1ndole forma de poema. Aunque solo se puede especular sobre...<\/p>","protected":false},"author":2,"featured_media":0,"comment_status":"open","ping_status":"open","sticky":false,"template":"","format":"standard","meta":{"_kad_blocks_custom_css":"","_kad_blocks_head_custom_js":"","_kad_blocks_body_custom_js":"","_kad_blocks_footer_custom_js":"","_kadence_starter_templates_imported_post":false,"_kad_post_transparent":"","_kad_post_title":"","_kad_post_layout":"","_kad_post_sidebar_id":"","_kad_post_content_style":"","_kad_post_vertical_padding":"","_kad_post_feature":"","_kad_post_feature_position":"","_kad_post_header":false,"_kad_post_footer":false,"_kad_post_classname":"","_jetpack_newsletter_access":"","_jetpack_dont_email_post_to_subs":false,"_jetpack_newsletter_tier_id":0,"_jetpack_memberships_contains_paywalled_content":false,"_jetpack_feature_clip_id":0,"_jetpack_memberships_contains_paid_content":false,"footnotes":"","jetpack_publicize_message":"","jetpack_publicize_feature_enabled":true,"jetpack_social_post_already_shared":false,"jetpack_social_options":{"image_generator_settings":{"template":"highway","default_image_id":0,"font":"","enabled":false},"version":2},"jetpack_post_was_ever_published":false},"categories":[8,48,20],"tags":[89,88,93,49,91,92,54,90,56,87,28,50],"class_list":["post-253","post","type-post","status-publish","format-standard","hentry","category-a-la-une","category-musique","category-videos","tag-cantique","tag-chant-de-noel","tag-chorale","tag-clip","tag-diaporama","tag-enfant","tag-musique-2","tag-origine","tag-parole","tag-sainte-nuit","tag-video","tag-youtube"],"views":4126,"jetpack_publicize_connections":[],"taxonomy_info":{"category":[{"value":8,"label":"A la Une"},{"value":48,"label":"Musique"},{"value":20,"label":"Vid\u00e9os"}],"post_tag":[{"value":89,"label":"cantique"},{"value":88,"label":"chant de No\u00ebl"},{"value":93,"label":"chorale"},{"value":49,"label":"clip"},{"value":91,"label":"diaporama"},{"value":92,"label":"enfant"},{"value":54,"label":"musique"},{"value":90,"label":"origine"},{"value":56,"label":"parole"},{"value":87,"label":"Sainte nuit"},{"value":28,"label":"vid\u00e9o"},{"value":50,"label":"Youtube"}]},"featured_image_src_large":false,"author_info":{"display_name":"missie","author_link":"https:\/\/www.blognoel.com\/es\/author\/missie\/"},"comment_info":0,"category_info":[{"term_id":8,"name":"A la Une","slug":"a-la-une","term_group":0,"term_taxonomy_id":8,"taxonomy":"category","description":"","parent":1,"count":265,"filter":"raw","cat_ID":8,"category_count":265,"category_description":"","cat_name":"A la Une","category_nicename":"a-la-une","category_parent":1},{"term_id":48,"name":"Musique","slug":"musique","term_group":0,"term_taxonomy_id":48,"taxonomy":"category","description":"","parent":0,"count":175,"filter":"raw","cat_ID":48,"category_count":175,"category_description":"","cat_name":"Musique","category_nicename":"musique","category_parent":0},{"term_id":20,"name":"Vid\u00e9os","slug":"videos","term_group":0,"term_taxonomy_id":20,"taxonomy":"category","description":"Les meilleures vid\u00e9os de no\u00ebl: musiques, histoire, traditions, recettes, films...","parent":0,"count":200,"filter":"raw","cat_ID":20,"category_count":200,"category_description":"Les meilleures vid\u00e9os de no\u00ebl: musiques, histoire, traditions, recettes, films...","cat_name":"Vid\u00e9os","category_nicename":"videos","category_parent":0}],"tag_info":[{"term_id":89,"name":"cantique","slug":"cantique","term_group":0,"term_taxonomy_id":89,"taxonomy":"post_tag","description":"","parent":0,"count":16,"filter":"raw"},{"term_id":88,"name":"chant de No\u00ebl","slug":"chant-de-noel","term_group":0,"term_taxonomy_id":88,"taxonomy":"post_tag","description":"","parent":0,"count":25,"filter":"raw"},{"term_id":93,"name":"chorale","slug":"chorale","term_group":0,"term_taxonomy_id":93,"taxonomy":"post_tag","description":"","parent":0,"count":6,"filter":"raw"},{"term_id":49,"name":"clip","slug":"clip","term_group":0,"term_taxonomy_id":49,"taxonomy":"post_tag","description":"","parent":0,"count":9,"filter":"raw"},{"term_id":91,"name":"diaporama","slug":"diaporama","term_group":0,"term_taxonomy_id":91,"taxonomy":"post_tag","description":"","parent":0,"count":6,"filter":"raw"},{"term_id":92,"name":"enfant","slug":"enfant","term_group":0,"term_taxonomy_id":92,"taxonomy":"post_tag","description":"","parent":0,"count":14,"filter":"raw"},{"term_id":54,"name":"musique","slug":"musique-2","term_group":0,"term_taxonomy_id":54,"taxonomy":"post_tag","description":"","parent":0,"count":33,"filter":"raw"},{"term_id":90,"name":"origine","slug":"origine","term_group":0,"term_taxonomy_id":90,"taxonomy":"post_tag","description":"","parent":0,"count":27,"filter":"raw"},{"term_id":56,"name":"parole","slug":"parole","term_group":0,"term_taxonomy_id":56,"taxonomy":"post_tag","description":"","parent":0,"count":9,"filter":"raw"},{"term_id":87,"name":"Sainte nuit","slug":"sainte-nuit","term_group":0,"term_taxonomy_id":87,"taxonomy":"post_tag","description":"","parent":0,"count":4,"filter":"raw"},{"term_id":28,"name":"vid\u00e9o","slug":"video","term_group":0,"term_taxonomy_id":28,"taxonomy":"post_tag","description":"","parent":0,"count":78,"filter":"raw"},{"term_id":50,"name":"Youtube","slug":"youtube","term_group":0,"term_taxonomy_id":50,"taxonomy":"post_tag","description":"","parent":0,"count":74,"filter":"raw"}],"jetpack_sharing_enabled":true,"jetpack_featured_media_url":"","_links":{"self":[{"href":"https:\/\/www.blognoel.com\/es\/wp-json\/wp\/v2\/posts\/253","targetHints":{"allow":["GET"]}}],"collection":[{"href":"https:\/\/www.blognoel.com\/es\/wp-json\/wp\/v2\/posts"}],"about":[{"href":"https:\/\/www.blognoel.com\/es\/wp-json\/wp\/v2\/types\/post"}],"author":[{"embeddable":true,"href":"https:\/\/www.blognoel.com\/es\/wp-json\/wp\/v2\/users\/2"}],"replies":[{"embeddable":true,"href":"https:\/\/www.blognoel.com\/es\/wp-json\/wp\/v2\/comments?post=253"}],"version-history":[{"count":7,"href":"https:\/\/www.blognoel.com\/es\/wp-json\/wp\/v2\/posts\/253\/revisions"}],"predecessor-version":[{"id":261,"href":"https:\/\/www.blognoel.com\/es\/wp-json\/wp\/v2\/posts\/253\/revisions\/261"}],"wp:attachment":[{"href":"https:\/\/www.blognoel.com\/es\/wp-json\/wp\/v2\/media?parent=253"}],"wp:term":[{"taxonomy":"category","embeddable":true,"href":"https:\/\/www.blognoel.com\/es\/wp-json\/wp\/v2\/categories?post=253"},{"taxonomy":"post_tag","embeddable":true,"href":"https:\/\/www.blognoel.com\/es\/wp-json\/wp\/v2\/tags?post=253"}],"curies":[{"name":"wp","href":"https:\/\/api.w.org\/{rel}","templated":true}]}}