{"id":2526,"date":"2014-11-05T11:10:21","date_gmt":"2014-11-05T11:10:21","guid":{"rendered":"http:\/\/www.blognoel.com\/?p=2526"},"modified":"2014-11-05T11:10:21","modified_gmt":"2014-11-05T11:10:21","slug":"mercado-navideno-de-neuchatel","status":"publish","type":"post","link":"https:\/\/www.blognoel.com\/es\/2526\/mercado-navideno-de-neuchatel\/","title":{"rendered":"Mercado navide\u00f1o de Neuch\u00e2tel"},"content":{"rendered":"<p>March\u00e9 de <a href=\"https:\/\/www.blognoel.com\/es\/\">Navidad<\/a> couvert \u00e0 Neuch\u00e2tel<\/p>\n<p>24 de noviembre de 2013, de 12:00 a 17:00 horas, en el Neuch\u00e2tel City Life Center.<\/p>\n<p><a href=\"http:\/\/www.centredevie.ch\/index.php\/visiteurs\/venir-au-cdv\" target=\"_blank\" rel=\"noopener\">Plano de acceso a la Iglesia de Neuch\u00e2tel<\/a><\/p>\n<p>Le salon artisanal de Neuch\u00e2tel (1er du nom sous cette forme) pr\u00e9sentera une grande palette d&rsquo;artisans de la r\u00e9gion Neuch\u00e2teloise. Confections de bougies en directe, peinture, couture, tournage sur bois et bien d&rsquo;autres arts \u00e0 l&rsquo;honneur. Le tout pour trouver des <a href=\"https:\/\/www.blognoel.com\/es\/regalos-de-navidad\/\">regalos de Navidad<\/a> originaux et d\u00e9j\u00e0 entrer dans la magie de cette belle f\u00eate !<\/p>\n<p>Navidad en Suiza, el mercado de artesan\u00eda navide\u00f1a en Neuch\u00e2tel ser\u00e1 un nuevo evento durante la temporada navide\u00f1a.<\/p>\n<p><em>El local lo proporciona una iglesia pero el mercado es laico.<\/em><\/p>\n<p><a href=\"http:\/\/www.blognoel.com\/wp-content\/uploads\/2013\/10\/March\u00e9-de-no\u00ebl-salon-artisanal-2013-\u00e0-Neuch\u00e2tel.jpg\"><img decoding=\"async\" class=\"alignnone size-large wp-image-2527 lazyload\" alt=\"Mercado navide\u00f1o de artesan\u00eda 2013 en Neuch\u00e2tel\" data-src=\"http:\/\/www.blognoel.com\/wp-content\/uploads\/2013\/10\/March\u00e9-de-no\u00ebl-salon-artisanal-2013-\u00e0-Neuch\u00e2tel-500x187.jpg\" width=\"500\" height=\"187\" data-srcset=\"https:\/\/www.blognoel.com\/wp-content\/uploads\/2013\/10\/March\u00e9-de-no\u00ebl-salon-artisanal-2013-\u00e0-Neuch\u00e2tel-500x187.jpg 500w, https:\/\/www.blognoel.com\/wp-content\/uploads\/2013\/10\/March\u00e9-de-no\u00ebl-salon-artisanal-2013-\u00e0-Neuch\u00e2tel-300x112.jpg 300w, https:\/\/www.blognoel.com\/wp-content\/uploads\/2013\/10\/March\u00e9-de-no\u00ebl-salon-artisanal-2013-\u00e0-Neuch\u00e2tel.jpg 660w\" data-sizes=\"(max-width: 500px) 100vw, 500px\" src=\"data:image\/svg+xml;base64,PHN2ZyB3aWR0aD0iMSIgaGVpZ2h0PSIxIiB4bWxucz0iaHR0cDovL3d3dy53My5vcmcvMjAwMC9zdmciPjwvc3ZnPg==\" style=\"--smush-placeholder-width: 500px; --smush-placeholder-aspect-ratio: 500\/187;\" \/><\/a><\/p>\n<p>Organizaci\u00f3n por una <a href=\"http:\/\/www.centredevie.ch\/\" target=\"_blank\" rel=\"noopener\">iglesia evang\u00e9lica<\/a> abierto al mundo de <a href=\"http:\/\/neuchatel.suisse-blog.ch\/\" target=\"_blank\" rel=\"noopener\">Neuch\u00e2tel<\/a><\/p>\n<p>Patrocinador: <a href=\"http:\/\/www.actusports.fr\/\" target=\"_blank\" rel=\"noopener\">V\u00eddeos e im\u00e1genes de noticias deportivas<\/a><\/p>","protected":false},"excerpt":{"rendered":"<p>Mercado navide\u00f1o cubierto en Neuch\u00e2tel, 24 de noviembre de 2013, de 12:00 a 17:00 h, en el centro de Neuch\u00e2tel. Plano de acceso. Iglesia de Neuch\u00e2tel. La feria de artesan\u00eda de Neuch\u00e2tel (la primera de este tipo) presentar\u00e1 una amplia gama de artesanos de la regi\u00f3n. Fabricaci\u00f3n de velas en vivo, pintura, costura, encendido de velas...<\/p>","protected":false},"author":1,"featured_media":2527,"comment_status":"open","ping_status":"open","sticky":false,"template":"","format":"standard","meta":{"_kad_blocks_custom_css":"","_kad_blocks_head_custom_js":"","_kad_blocks_body_custom_js":"","_kad_blocks_footer_custom_js":"","_kadence_starter_templates_imported_post":false,"_kad_post_transparent":"","_kad_post_title":"","_kad_post_layout":"","_kad_post_sidebar_id":"","_kad_post_content_style":"","_kad_post_vertical_padding":"","_kad_post_feature":"","_kad_post_feature_position":"","_kad_post_header":false,"_kad_post_footer":false,"_kad_post_classname":"","_jetpack_newsletter_access":"","_jetpack_dont_email_post_to_subs":false,"_jetpack_newsletter_tier_id":0,"_jetpack_memberships_contains_paywalled_content":false,"_jetpack_feature_clip_id":0,"_jetpack_memberships_contains_paid_content":false,"footnotes":"","jetpack_publicize_message":"","jetpack_publicize_feature_enabled":true,"jetpack_social_post_already_shared":false,"jetpack_social_options":{"image_generator_settings":{"template":"highway","default_image_id":0,"font":"","enabled":false},"version":2},"jetpack_post_was_ever_published":false},"categories":[8,6],"tags":[157,44,185,24,121,118],"class_list":["post-2526","post","type-post","status-publish","format-standard","has-post-thumbnail","hentry","category-a-la-une","category-original","tag-bougie","tag-cadeaux-de-noel","tag-eglise","tag-fete","tag-marche","tag-suisse"],"views":119,"jetpack_publicize_connections":[],"taxonomy_info":{"category":[{"value":8,"label":"A la Une"},{"value":6,"label":"Original"}],"post_tag":[{"value":157,"label":"bougie"},{"value":44,"label":"cadeaux de no\u00ebl"},{"value":185,"label":"\u00e9glise"},{"value":24,"label":"f\u00eate"},{"value":121,"label":"march\u00e9"},{"value":118,"label":"Suisse"}]},"featured_image_src_large":["https:\/\/www.blognoel.com\/wp-content\/uploads\/2013\/10\/March\u00e9-de-no\u00ebl-salon-artisanal-2013-\u00e0-Neuch\u00e2tel-500x187.jpg",500,187,true],"author_info":{"display_name":"Jean-Michel","author_link":"https:\/\/www.blognoel.com\/es\/author\/admin\/"},"comment_info":9,"category_info":[{"term_id":8,"name":"A la Une","slug":"a-la-une","term_group":0,"term_taxonomy_id":8,"taxonomy":"category","description":"","parent":1,"count":265,"filter":"raw","cat_ID":8,"category_count":265,"category_description":"","cat_name":"A la Une","category_nicename":"a-la-une","category_parent":1},{"term_id":6,"name":"Original","slug":"original","term_group":0,"term_taxonomy_id":6,"taxonomy":"category","description":"","parent":4,"count":21,"filter":"raw","cat_ID":6,"category_count":21,"category_description":"","cat_name":"Original","category_nicename":"original","category_parent":4}],"tag_info":[{"term_id":157,"name":"bougie","slug":"bougie","term_group":0,"term_taxonomy_id":157,"taxonomy":"post_tag","description":"","parent":0,"count":3,"filter":"raw"},{"term_id":44,"name":"cadeaux de no\u00ebl","slug":"cadeaux-de-noel","term_group":0,"term_taxonomy_id":44,"taxonomy":"post_tag","description":"","parent":0,"count":61,"filter":"raw"},{"term_id":185,"name":"\u00e9glise","slug":"eglise","term_group":0,"term_taxonomy_id":185,"taxonomy":"post_tag","description":"","parent":0,"count":2,"filter":"raw"},{"term_id":24,"name":"f\u00eate","slug":"fete","term_group":0,"term_taxonomy_id":24,"taxonomy":"post_tag","description":"","parent":0,"count":33,"filter":"raw"},{"term_id":121,"name":"march\u00e9","slug":"marche","term_group":0,"term_taxonomy_id":121,"taxonomy":"post_tag","description":"","parent":0,"count":3,"filter":"raw"},{"term_id":118,"name":"Suisse","slug":"suisse","term_group":0,"term_taxonomy_id":118,"taxonomy":"post_tag","description":"","parent":0,"count":7,"filter":"raw"}],"jetpack_sharing_enabled":true,"jetpack_featured_media_url":"https:\/\/www.blognoel.com\/wp-content\/uploads\/2013\/10\/March\u00e9-de-no\u00ebl-salon-artisanal-2013-\u00e0-Neuch\u00e2tel.jpg","_links":{"self":[{"href":"https:\/\/www.blognoel.com\/es\/wp-json\/wp\/v2\/posts\/2526","targetHints":{"allow":["GET"]}}],"collection":[{"href":"https:\/\/www.blognoel.com\/es\/wp-json\/wp\/v2\/posts"}],"about":[{"href":"https:\/\/www.blognoel.com\/es\/wp-json\/wp\/v2\/types\/post"}],"author":[{"embeddable":true,"href":"https:\/\/www.blognoel.com\/es\/wp-json\/wp\/v2\/users\/1"}],"replies":[{"embeddable":true,"href":"https:\/\/www.blognoel.com\/es\/wp-json\/wp\/v2\/comments?post=2526"}],"version-history":[{"count":1,"href":"https:\/\/www.blognoel.com\/es\/wp-json\/wp\/v2\/posts\/2526\/revisions"}],"predecessor-version":[{"id":2528,"href":"https:\/\/www.blognoel.com\/es\/wp-json\/wp\/v2\/posts\/2526\/revisions\/2528"}],"wp:featuredmedia":[{"embeddable":true,"href":"https:\/\/www.blognoel.com\/es\/wp-json\/wp\/v2\/media\/2527"}],"wp:attachment":[{"href":"https:\/\/www.blognoel.com\/es\/wp-json\/wp\/v2\/media?parent=2526"}],"wp:term":[{"taxonomy":"category","embeddable":true,"href":"https:\/\/www.blognoel.com\/es\/wp-json\/wp\/v2\/categories?post=2526"},{"taxonomy":"post_tag","embeddable":true,"href":"https:\/\/www.blognoel.com\/es\/wp-json\/wp\/v2\/tags?post=2526"}],"curies":[{"name":"wp","href":"https:\/\/api.w.org\/{rel}","templated":true}]}}