{"id":2355,"date":"2011-12-22T16:42:12","date_gmt":"2011-12-22T16:42:12","guid":{"rendered":"http:\/\/www.blognoel.com\/?p=2355"},"modified":"2011-12-22T16:42:12","modified_gmt":"2011-12-22T16:42:12","slug":"por-que-se-celebra-la-navidad-el-25-de-diciembre","status":"publish","type":"post","link":"https:\/\/www.blognoel.com\/es\/2355\/por-que-se-celebra-la-navidad-el-25-de-diciembre\/","title":{"rendered":"\u00bfPor qu\u00e9 se celebra la Navidad el 25 de diciembre?"},"content":{"rendered":"<p><a href=\"http:\/\/www.blognoel.com\/wp-content\/smush-webp\/2011\/12\/noel.jpg.webp\" data-smush-webp-fallback=\"{&quot;href&quot;:&quot;http:\\\/\\\/www.blognoel.com\\\/wp-content\\\/uploads\\\/2011\\\/12\\\/noel.jpg&quot;}\"><img decoding=\"async\" class=\"alignleft size-medium wp-image-2356 lazyload\" title=\"Navidad\" data-src=\"http:\/\/www.blognoel.com\/wp-content\/smush-webp\/2011\/12\/noel-300x225.jpg.webp\" alt=\"\" width=\"300\" height=\"225\" data-srcset=\"https:\/\/www.blognoel.com\/wp-content\/smush-webp\/2011\/12\/noel-300x225.jpg.webp 300w, https:\/\/www.blognoel.com\/wp-content\/smush-webp\/2011\/12\/noel-500x375.jpg.webp 500w, https:\/\/www.blognoel.com\/wp-content\/smush-webp\/2011\/12\/noel.jpg.webp 1600w\" data-sizes=\"(max-width: 300px) 100vw, 300px\" src=\"data:image\/svg+xml;base64,PHN2ZyB3aWR0aD0iMSIgaGVpZ2h0PSIxIiB4bWxucz0iaHR0cDovL3d3dy53My5vcmcvMjAwMC9zdmciPjwvc3ZnPg==\" style=\"--smush-placeholder-width: 300px; --smush-placeholder-aspect-ratio: 300\/225;\" data-smush-webp-fallback=\"{&quot;data-src&quot;:&quot;http:\\\/\\\/www.blognoel.com\\\/wp-content\\\/uploads\\\/2011\\\/12\\\/noel-300x225.jpg&quot;,&quot;data-srcset&quot;:&quot;https:\\\/\\\/www.blognoel.com\\\/wp-content\\\/uploads\\\/2011\\\/12\\\/noel-300x225.jpg 300w, https:\\\/\\\/www.blognoel.com\\\/wp-content\\\/uploads\\\/2011\\\/12\\\/noel-500x375.jpg 500w, https:\\\/\\\/www.blognoel.com\\\/wp-content\\\/uploads\\\/2011\\\/12\\\/noel.jpg 1600w&quot;}\" \/><\/a><\/p>\n<p><strong>Selon les historiens, on ne conna\u00eet pas avec certitude le jour exact de la naissance de <a href=\"https:\/\/www.blognoel.com\/es\/personajes\/jesus\/\">Jes\u00fas<\/a>. Ils savent, par contre, que c\u2019est en l\u2019an 306 AP.JC que le pape de l\u2019\u00e9poque, Jules 1<sup>er<\/sup>, eligi\u00f3 el 25 de diciembre como fecha oficial de la Natividad, nueve meses despu\u00e9s de la fiesta de la Anunciaci\u00f3n.<\/strong><\/p>\n<p><strong> <\/strong><\/p>\n<p><strong>Le terme \u00ab\u00a0<a href=\"https:\/\/www.blognoel.com\/es\/\">Navidad<\/a>\u00a0\u00bb<\/strong><\/p>\n<p>Es interesante notar que existen dos interpretaciones del t\u00e9rmino &quot;Navidad&quot;. Una sostiene que proviene de la fusi\u00f3n de las palabras &quot;noio&quot; y &quot;hel&quot;, que en celta significan &quot;renacimiento del sol&quot;. La otra versi\u00f3n sostiene que el t\u00e9rmino &quot;Navidad&quot; es m\u00e1s bien una evoluci\u00f3n fon\u00e9tica de la palabra &quot;nael&quot;, que significa &quot;relativo al nacimiento&quot;. Su modificaci\u00f3n voc\u00e1lica en lat\u00edn es &quot;natalis&quot;.<\/p>\n<p><strong> <\/strong><\/p>\n<p><strong> <\/strong><\/p>\n<p><strong>Origen lejano<\/strong><\/p>\n<p>En la antigua Roma, las Saturnales, festividades de siete d\u00edas, se celebraban simult\u00e1neamente en invierno. Se ofrec\u00edan numerosos sacrificios al dios Saturno, y esta ocasi\u00f3n inclu\u00eda numerosas celebraciones. Por ejemplo, se liberaba a los esclavos durante la festividad para que intercambiaran roles con sus amos. Las casas se decoraban con ramas de abeto y acebo. El d\u00eda tambi\u00e9n estaba dedicado a los ni\u00f1os, quienes recib\u00edan regalos.<\/p>\n<p>En Occidente, se dice que la celebraci\u00f3n lit\u00fargica de la Navidad surgi\u00f3 alrededor del a\u00f1o 340, con representaciones del bel\u00e9n y sus figuras. Un ritual que se generaliz\u00f3 y se mantuvo desde el siglo V.<sup>mi<\/sup> Siglo. En los calendarios gregoriano y juliano actuales, la Navidad se celebra el 25 de diciembre seg\u00fan la mayor\u00eda de las iglesias. En el antiguo calendario gregoriano, la Navidad se celebraba el 7 de enero.<\/p>","protected":false},"excerpt":{"rendered":"<p>Seg\u00fan los historiadores, no se conoce con certeza la fecha exacta del nacimiento de Jes\u00fas. Sin embargo, s\u00ed saben que fue en el a\u00f1o 306 d. C. cuando el entonces papa Julio I eligi\u00f3 el 25 de diciembre como fecha oficial de la Natividad, nueve meses despu\u00e9s de la Anunciaci\u00f3n. El t\u00e9rmino \u00abNavidad\u00bb\u2026<\/p>","protected":false},"author":3,"featured_media":0,"comment_status":"open","ping_status":"open","sticky":false,"template":"","format":"standard","meta":{"_kad_blocks_custom_css":"","_kad_blocks_head_custom_js":"","_kad_blocks_body_custom_js":"","_kad_blocks_footer_custom_js":"","_kadence_starter_templates_imported_post":false,"_kad_post_transparent":"","_kad_post_title":"","_kad_post_layout":"","_kad_post_sidebar_id":"","_kad_post_content_style":"","_kad_post_vertical_padding":"","_kad_post_feature":"","_kad_post_feature_position":"","_kad_post_header":false,"_kad_post_footer":false,"_kad_post_classname":"","_jetpack_newsletter_access":"","_jetpack_dont_email_post_to_subs":false,"_jetpack_newsletter_tier_id":0,"_jetpack_memberships_contains_paywalled_content":false,"_jetpack_feature_clip_id":0,"_jetpack_memberships_contains_paid_content":false,"footnotes":"","jetpack_publicize_message":"","jetpack_publicize_feature_enabled":true,"jetpack_social_post_already_shared":false,"jetpack_social_options":{"image_generator_settings":{"template":"highway","default_image_id":0,"font":"","enabled":false},"version":2},"jetpack_post_was_ever_published":false},"categories":[8,1,14,9,13],"tags":[45,23,83,31,106],"class_list":["post-2355","post","type-post","status-publish","format-standard","hentry","category-a-la-une","category-top","category-fete-de-noel","category-histoire","category-traditions","tag-nativite","tag-noel","tag-noel-dans-le-monde","tag-tradition","tag-traditions-2"],"views":1933,"jetpack_publicize_connections":[],"taxonomy_info":{"category":[{"value":8,"label":"A la Une"},{"value":1,"label":"Best of Christmas"},{"value":14,"label":"F\u00eate de No\u00ebl"},{"value":9,"label":"Histoire"},{"value":13,"label":"Traditions"}],"post_tag":[{"value":45,"label":"Nativit\u00e9"},{"value":23,"label":"no\u00ebl"},{"value":83,"label":"No\u00ebl dans le monde"},{"value":31,"label":"tradition"},{"value":106,"label":"traditions"}]},"featured_image_src_large":false,"author_info":{"display_name":"plumelle","author_link":"https:\/\/www.blognoel.com\/es\/author\/plumelle\/"},"comment_info":0,"category_info":[{"term_id":8,"name":"A la Une","slug":"a-la-une","term_group":0,"term_taxonomy_id":8,"taxonomy":"category","description":"","parent":1,"count":265,"filter":"raw","cat_ID":8,"category_count":265,"category_description":"","cat_name":"A la Une","category_nicename":"a-la-une","category_parent":1},{"term_id":1,"name":"Best of Christmas","slug":"top","term_group":0,"term_taxonomy_id":1,"taxonomy":"category","description":"","parent":0,"count":242,"filter":"raw","cat_ID":1,"category_count":242,"category_description":"","cat_name":"Best of Christmas","category_nicename":"top","category_parent":0},{"term_id":14,"name":"F\u00eate de No\u00ebl","slug":"fete-de-noel","term_group":0,"term_taxonomy_id":14,"taxonomy":"category","description":"","parent":0,"count":194,"filter":"raw","cat_ID":14,"category_count":194,"category_description":"","cat_name":"F\u00eate de No\u00ebl","category_nicename":"fete-de-noel","category_parent":0},{"term_id":9,"name":"Histoire","slug":"histoire","term_group":0,"term_taxonomy_id":9,"taxonomy":"category","description":"","parent":0,"count":28,"filter":"raw","cat_ID":9,"category_count":28,"category_description":"","cat_name":"Histoire","category_nicename":"histoire","category_parent":0},{"term_id":13,"name":"Traditions","slug":"traditions","term_group":0,"term_taxonomy_id":13,"taxonomy":"category","description":"","parent":14,"count":87,"filter":"raw","cat_ID":13,"category_count":87,"category_description":"","cat_name":"Traditions","category_nicename":"traditions","category_parent":14}],"tag_info":[{"term_id":45,"name":"Nativit\u00e9","slug":"nativite","term_group":0,"term_taxonomy_id":45,"taxonomy":"post_tag","description":"","parent":0,"count":8,"filter":"raw"},{"term_id":23,"name":"no\u00ebl","slug":"noel","term_group":0,"term_taxonomy_id":23,"taxonomy":"post_tag","description":"","parent":0,"count":146,"filter":"raw"},{"term_id":83,"name":"No\u00ebl dans le monde","slug":"noel-dans-le-monde","term_group":0,"term_taxonomy_id":83,"taxonomy":"post_tag","description":"","parent":0,"count":42,"filter":"raw"},{"term_id":31,"name":"tradition","slug":"tradition","term_group":0,"term_taxonomy_id":31,"taxonomy":"post_tag","description":"","parent":0,"count":64,"filter":"raw"},{"term_id":106,"name":"traditions","slug":"traditions-2","term_group":0,"term_taxonomy_id":106,"taxonomy":"post_tag","description":"","parent":0,"count":61,"filter":"raw"}],"jetpack_sharing_enabled":true,"jetpack_featured_media_url":"","_links":{"self":[{"href":"https:\/\/www.blognoel.com\/es\/wp-json\/wp\/v2\/posts\/2355","targetHints":{"allow":["GET"]}}],"collection":[{"href":"https:\/\/www.blognoel.com\/es\/wp-json\/wp\/v2\/posts"}],"about":[{"href":"https:\/\/www.blognoel.com\/es\/wp-json\/wp\/v2\/types\/post"}],"author":[{"embeddable":true,"href":"https:\/\/www.blognoel.com\/es\/wp-json\/wp\/v2\/users\/3"}],"replies":[{"embeddable":true,"href":"https:\/\/www.blognoel.com\/es\/wp-json\/wp\/v2\/comments?post=2355"}],"version-history":[{"count":1,"href":"https:\/\/www.blognoel.com\/es\/wp-json\/wp\/v2\/posts\/2355\/revisions"}],"predecessor-version":[{"id":2357,"href":"https:\/\/www.blognoel.com\/es\/wp-json\/wp\/v2\/posts\/2355\/revisions\/2357"}],"wp:attachment":[{"href":"https:\/\/www.blognoel.com\/es\/wp-json\/wp\/v2\/media?parent=2355"}],"wp:term":[{"taxonomy":"category","embeddable":true,"href":"https:\/\/www.blognoel.com\/es\/wp-json\/wp\/v2\/categories?post=2355"},{"taxonomy":"post_tag","embeddable":true,"href":"https:\/\/www.blognoel.com\/es\/wp-json\/wp\/v2\/tags?post=2355"}],"curies":[{"name":"wp","href":"https:\/\/api.w.org\/{rel}","templated":true}]}}