{"id":2343,"date":"2014-10-12T23:11:04","date_gmt":"2014-10-12T23:11:04","guid":{"rendered":"http:\/\/www.blognoel.com\/?p=2343"},"modified":"2014-10-12T23:11:04","modified_gmt":"2014-10-12T23:11:04","slug":"la-historia-de-la-barba-de-papa-noel","status":"publish","type":"post","link":"https:\/\/www.blognoel.com\/es\/2343\/la-historia-de-la-barba-de-papa-noel\/","title":{"rendered":"Historia: La barba de Pap\u00e1 Noel"},"content":{"rendered":"<p><a href=\"http:\/\/www.blognoel.com\/wp-content\/smush-webp\/2011\/12\/barbe-pere-noel-luxe.jpg.webp\" data-smush-webp-fallback=\"{&quot;href&quot;:&quot;http:\\\/\\\/www.blognoel.com\\\/wp-content\\\/uploads\\\/2011\\\/12\\\/barbe-pere-noel-luxe.jpg&quot;}\"><img decoding=\"async\" class=\"alignleft size-medium wp-image-2344 lazyload\" title=\"barba de Pap\u00e1 Noel de lujo\" data-src=\"http:\/\/www.blognoel.com\/wp-content\/smush-webp\/2011\/12\/barbe-pere-noel-luxe-239x300.jpg.webp\" alt=\"\" width=\"239\" height=\"300\" data-srcset=\"https:\/\/www.blognoel.com\/wp-content\/smush-webp\/2011\/12\/barbe-pere-noel-luxe-239x300.jpg.webp 239w, https:\/\/www.blognoel.com\/wp-content\/smush-webp\/2011\/12\/barbe-pere-noel-luxe-399x500.jpg.webp 399w, https:\/\/www.blognoel.com\/wp-content\/smush-webp\/2011\/12\/barbe-pere-noel-luxe.jpg.webp 471w\" data-sizes=\"(max-width: 239px) 100vw, 239px\" src=\"data:image\/svg+xml;base64,PHN2ZyB3aWR0aD0iMSIgaGVpZ2h0PSIxIiB4bWxucz0iaHR0cDovL3d3dy53My5vcmcvMjAwMC9zdmciPjwvc3ZnPg==\" style=\"--smush-placeholder-width: 239px; --smush-placeholder-aspect-ratio: 239\/300;\" data-smush-webp-fallback=\"{&quot;data-src&quot;:&quot;http:\\\/\\\/www.blognoel.com\\\/wp-content\\\/uploads\\\/2011\\\/12\\\/barbe-pere-noel-luxe-239x300.jpg&quot;,&quot;data-srcset&quot;:&quot;https:\\\/\\\/www.blognoel.com\\\/wp-content\\\/uploads\\\/2011\\\/12\\\/barbe-pere-noel-luxe-239x300.jpg 239w, https:\\\/\\\/www.blognoel.com\\\/wp-content\\\/uploads\\\/2011\\\/12\\\/barbe-pere-noel-luxe-399x500.jpg 399w, https:\\\/\\\/www.blognoel.com\\\/wp-content\\\/uploads\\\/2011\\\/12\\\/barbe-pere-noel-luxe.jpg 471w&quot;}\" \/><\/a><\/p>\n<p>-Eh P\u00e8re <a href=\"https:\/\/www.blognoel.com\/es\/\">Navidad<\/a> ! s&rsquo;\u00e9cria le chef des lutins en frappant doucement \u00e0 la fen\u00eatre de la chambre du vieux bonhomme. \u00ab\u00a0R\u00e9veillez-vous, nous sommes le 21 d\u00e9cembre, il faut commencer les pr\u00e9paratifs de No\u00ebl si on veut arriver \u00e0 temps pour le 24!<\/p>\n<p>\u2014\u00bfYa? \u2014respondi\u00f3 Pap\u00e1 Noel, completamente somnoliento.<\/p>\n<p>\u2014\u00a1S\u00ed! Lev\u00e1ntate si quieres estar listo para la gran gira. A\u00fan quedan muchas cartas de ni\u00f1os por abrir, muchos regalos por envolver, luego carga tu trineo, lustra tus botas, prepara a los renos y...<br \/>\n\u00a1Ay, Dios m\u00edo! \u00a1Hay tantas cosas que hacer! \u00a1Ya voy, ya voy!<br \/>\n\u2013 Vamos, Pap\u00e1 Noel, vamos, te he preparado chocolate caliente.<br \/>\nPap\u00e1 Noel se trag\u00f3 r\u00e1pidamente su chocolate y luego abri\u00f3 el gran armario donde guardaba sus cosas navide\u00f1as. Su abrigo rojo estaba arrugado y sus botas negras cubiertas de polvo. Dirigi\u00e9ndose a uno de los elfos, le pidi\u00f3 que se encargara de darle un poco m\u00e1s de forma a su ropa.<\/p>\n<p>Durante d\u00edas y d\u00edas, los elfos y Pap\u00e1 Noel se afanaron en su taller (ubicado tan alto en las monta\u00f1as que parec\u00eda estar en las nubes). As\u00ed, el 24 de diciembre, los regalos estaban listos y solo faltaba sacarle la ropa a Pap\u00e1 Noel. Se puso el abrigo y las botas; todo estaba perfecto.<\/p>\n<p>De repente, uno de los elfos se acerc\u00f3 y le susurr\u00f3 al o\u00eddo: &quot;Santa, todo es perfecto excepto que me parece que tu barba es demasiado larga&quot;.<\/p>\n<p>\u2014\u00bfCrees eso? \u2014respondi\u00f3 Pap\u00e1 Noel, mir\u00e1ndose en el espejo.<\/p>\n<p>-Oui, insista le <a href=\"https:\/\/www.blognoel.com\/es\/personajes\/elfos\/\">duende<\/a>. Si longue, que je me demande si vous ne risquez pas de vous accrocher dans les chemin\u00e9es!\u00a0Je pense qu\u2019il y a des mois que vous ne l\u2019avez taill\u00e9e, vous savez.<\/p>\n<p>Unos minutos despu\u00e9s, el elfo regres\u00f3 con unas tijeras grandes y le pidi\u00f3 a Pap\u00e1 Noel que se sentara para recortarle la barba con cuidado. Se sentaron afuera mientras millones de diminutos cabellos blancos como la nieve volaban por los aires frente a los elfos, que estaban divertidos.<\/p>\n<p>En ese momento, un ni\u00f1o peque\u00f1o estaba abriendo las cortinas de su habitaci\u00f3n cuando vio una hilera de part\u00edculas blancas revoloteando por el aire y luego aterrizando en el campo. Asombrado, se apresur\u00f3 a despertar a sus hermanos, dici\u00e9ndoles:<\/p>\n<p>Ven a ver, parece que est\u00e1 nevando. Seguro que le est\u00e1n cortando la barba a Pap\u00e1 Noel all\u00e1 arriba. Lo que significa que hoy viene con sus regalos. \u00a1Viva!<\/p>","protected":false},"excerpt":{"rendered":"<p>\u00a1Oye, Pap\u00e1 Noel! \u2014grit\u00f3 el l\u00edder de los elfos, golpeando suavemente la ventana del dormitorio del anciano\u2014. \u00a1Despierta, es 21 de diciembre, tenemos que empezar a prepararnos para Navidad si queremos llegar a tiempo para el 24! \u2014\u00bfYa? \u2014respondi\u00f3 Pap\u00e1 Noel, so\u00f1oliento\u2014. \u00a1Pues s\u00ed! \u00a1Lev\u00e1ntate si...!<\/p>","protected":false},"author":3,"featured_media":0,"comment_status":"open","ping_status":"open","sticky":false,"template":"","format":"standard","meta":{"_kad_blocks_custom_css":"","_kad_blocks_head_custom_js":"","_kad_blocks_body_custom_js":"","_kad_blocks_footer_custom_js":"","_kadence_starter_templates_imported_post":false,"_kad_post_transparent":"","_kad_post_title":"","_kad_post_layout":"","_kad_post_sidebar_id":"","_kad_post_content_style":"","_kad_post_vertical_padding":"","_kad_post_feature":"","_kad_post_feature_position":"","_kad_post_header":false,"_kad_post_footer":false,"_kad_post_classname":"","_jetpack_newsletter_access":"","_jetpack_dont_email_post_to_subs":false,"_jetpack_newsletter_tier_id":0,"_jetpack_memberships_contains_paywalled_content":false,"_jetpack_feature_clip_id":0,"_jetpack_memberships_contains_paid_content":false,"footnotes":"","jetpack_publicize_message":"","jetpack_publicize_feature_enabled":true,"jetpack_social_post_already_shared":false,"jetpack_social_options":{"image_generator_settings":{"template":"highway","default_image_id":0,"font":"","enabled":false},"version":2},"jetpack_post_was_ever_published":false},"categories":[8,1,9,11],"tags":[226,181,83,31],"class_list":["post-2343","post","type-post","status-publish","format-standard","hentry","category-a-la-une","category-top","category-histoire","category-legendes","tag-conte","tag-legendes-2","tag-noel-dans-le-monde","tag-tradition"],"views":293,"jetpack_publicize_connections":[],"taxonomy_info":{"category":[{"value":8,"label":"A la Une"},{"value":1,"label":"Best of Christmas"},{"value":9,"label":"Histoire"},{"value":11,"label":"L\u00e9gendes"}],"post_tag":[{"value":226,"label":"conte"},{"value":181,"label":"l\u00e9gendes"},{"value":83,"label":"No\u00ebl dans le monde"},{"value":31,"label":"tradition"}]},"featured_image_src_large":false,"author_info":{"display_name":"plumelle","author_link":"https:\/\/www.blognoel.com\/es\/author\/plumelle\/"},"comment_info":0,"category_info":[{"term_id":8,"name":"A la Une","slug":"a-la-une","term_group":0,"term_taxonomy_id":8,"taxonomy":"category","description":"","parent":1,"count":265,"filter":"raw","cat_ID":8,"category_count":265,"category_description":"","cat_name":"A la Une","category_nicename":"a-la-une","category_parent":1},{"term_id":1,"name":"Best of Christmas","slug":"top","term_group":0,"term_taxonomy_id":1,"taxonomy":"category","description":"","parent":0,"count":242,"filter":"raw","cat_ID":1,"category_count":242,"category_description":"","cat_name":"Best of Christmas","category_nicename":"top","category_parent":0},{"term_id":9,"name":"Histoire","slug":"histoire","term_group":0,"term_taxonomy_id":9,"taxonomy":"category","description":"","parent":0,"count":28,"filter":"raw","cat_ID":9,"category_count":28,"category_description":"","cat_name":"Histoire","category_nicename":"histoire","category_parent":0},{"term_id":11,"name":"L\u00e9gendes","slug":"legendes","term_group":0,"term_taxonomy_id":11,"taxonomy":"category","description":"","parent":9,"count":18,"filter":"raw","cat_ID":11,"category_count":18,"category_description":"","cat_name":"L\u00e9gendes","category_nicename":"legendes","category_parent":9}],"tag_info":[{"term_id":226,"name":"conte","slug":"conte","term_group":0,"term_taxonomy_id":226,"taxonomy":"post_tag","description":"","parent":0,"count":10,"filter":"raw"},{"term_id":181,"name":"l\u00e9gendes","slug":"legendes-2","term_group":0,"term_taxonomy_id":181,"taxonomy":"post_tag","description":"","parent":0,"count":14,"filter":"raw"},{"term_id":83,"name":"No\u00ebl dans le monde","slug":"noel-dans-le-monde","term_group":0,"term_taxonomy_id":83,"taxonomy":"post_tag","description":"","parent":0,"count":42,"filter":"raw"},{"term_id":31,"name":"tradition","slug":"tradition","term_group":0,"term_taxonomy_id":31,"taxonomy":"post_tag","description":"","parent":0,"count":64,"filter":"raw"}],"jetpack_sharing_enabled":true,"jetpack_featured_media_url":"","_links":{"self":[{"href":"https:\/\/www.blognoel.com\/es\/wp-json\/wp\/v2\/posts\/2343","targetHints":{"allow":["GET"]}}],"collection":[{"href":"https:\/\/www.blognoel.com\/es\/wp-json\/wp\/v2\/posts"}],"about":[{"href":"https:\/\/www.blognoel.com\/es\/wp-json\/wp\/v2\/types\/post"}],"author":[{"embeddable":true,"href":"https:\/\/www.blognoel.com\/es\/wp-json\/wp\/v2\/users\/3"}],"replies":[{"embeddable":true,"href":"https:\/\/www.blognoel.com\/es\/wp-json\/wp\/v2\/comments?post=2343"}],"version-history":[{"count":1,"href":"https:\/\/www.blognoel.com\/es\/wp-json\/wp\/v2\/posts\/2343\/revisions"}],"predecessor-version":[{"id":2345,"href":"https:\/\/www.blognoel.com\/es\/wp-json\/wp\/v2\/posts\/2343\/revisions\/2345"}],"wp:attachment":[{"href":"https:\/\/www.blognoel.com\/es\/wp-json\/wp\/v2\/media?parent=2343"}],"wp:term":[{"taxonomy":"category","embeddable":true,"href":"https:\/\/www.blognoel.com\/es\/wp-json\/wp\/v2\/categories?post=2343"},{"taxonomy":"post_tag","embeddable":true,"href":"https:\/\/www.blognoel.com\/es\/wp-json\/wp\/v2\/tags?post=2343"}],"curies":[{"name":"wp","href":"https:\/\/api.w.org\/{rel}","templated":true}]}}