{"id":2303,"date":"2014-09-25T23:13:48","date_gmt":"2014-09-25T23:13:48","guid":{"rendered":"http:\/\/www.blognoel.com\/?p=2303"},"modified":"2014-09-25T23:13:48","modified_gmt":"2014-09-25T23:13:48","slug":"la-navidad-del-principe-william-y-kate-middleton","status":"publish","type":"post","link":"https:\/\/www.blognoel.com\/es\/2303\/la-navidad-del-principe-william-y-kate-middleton\/","title":{"rendered":"La Navidad del pr\u00edncipe William y Kate Middleton"},"content":{"rendered":"<p style=\"text-align: center;\"><a href=\"http:\/\/www.blognoel.com\/wp-content\/smush-webp\/2011\/12\/roi1.jpg.webp\" data-smush-webp-fallback=\"{&quot;href&quot;:&quot;http:\\\/\\\/www.blognoel.com\\\/wp-content\\\/uploads\\\/2011\\\/12\\\/roi1.jpg&quot;}\"><img decoding=\"async\" class=\"size-medium wp-image-2304 aligncenter lazyload\" title=\"rey\" data-src=\"http:\/\/www.blognoel.com\/wp-content\/smush-webp\/2011\/12\/roi1-300x224.jpg.webp\" alt=\"\" width=\"300\" height=\"224\" data-srcset=\"https:\/\/www.blognoel.com\/wp-content\/smush-webp\/2011\/12\/roi1-300x224.jpg.webp 300w, https:\/\/www.blognoel.com\/wp-content\/smush-webp\/2011\/12\/roi1.jpg.webp 310w\" data-sizes=\"(max-width: 300px) 100vw, 300px\" src=\"data:image\/svg+xml;base64,PHN2ZyB3aWR0aD0iMSIgaGVpZ2h0PSIxIiB4bWxucz0iaHR0cDovL3d3dy53My5vcmcvMjAwMC9zdmciPjwvc3ZnPg==\" style=\"--smush-placeholder-width: 300px; --smush-placeholder-aspect-ratio: 300\/224;\" data-smush-webp-fallback=\"{&quot;data-src&quot;:&quot;http:\\\/\\\/www.blognoel.com\\\/wp-content\\\/uploads\\\/2011\\\/12\\\/roi1-300x224.jpg&quot;,&quot;data-srcset&quot;:&quot;https:\\\/\\\/www.blognoel.com\\\/wp-content\\\/uploads\\\/2011\\\/12\\\/roi1-300x224.jpg 300w, https:\\\/\\\/www.blognoel.com\\\/wp-content\\\/uploads\\\/2011\\\/12\\\/roi1.jpg 310w&quot;}\" \/><\/a><\/p>\n<p>Cette ann\u00e9e, alors que la reine Elizabeth II c\u00e9l\u00e9brera soixante ann\u00e9es de r\u00e8gne, celle-ci a l\u2019intention de c\u00e9l\u00e9brer les F\u00eates en grande envergure avec famille et amis. Aussi, le Prince William et son \u00e9pouse Kate Middleton s\u2019attendent-ils d\u00e9j\u00e0 \u00e0 passer <a href=\"https:\/\/www.blognoel.com\/es\/\">Navidad<\/a> au sein de la copieuse assembl\u00e9e qui est invit\u00e9e \u00e0 Norfolk pour les 24 et 25 d\u00e9cembre prochain.<\/p>\n<p><strong>El proceso<\/strong><\/p>\n<p>Como es tradici\u00f3n, los numerosos invitados llegar\u00e1n el viernes por la ma\u00f1ana. En representaci\u00f3n de la familia real, estar\u00e1n presentes el pr\u00edncipe Carlos y su esposa Camila, as\u00ed como el pr\u00edncipe Harry, la princesa Ana y su esposo Tim Laurence, Peter y Autumn Phillips con la peque\u00f1a Savannah, el pr\u00edncipe Andr\u00e9s y sus hijas Beatriz y Eugenia, y, por \u00faltimo, el pr\u00edncipe Eduardo y Sof\u00eda, condesa de Wessex. Sin olvidar a los numerosos amigos de la familia real. En resumen, una Navidad familiar, pero a rebosar.<\/p>\n<p>Comme \u00e0 chaque ann\u00e9e, le r\u00e9veillon de No\u00ebl, qui aura lieu apr\u00e8s l\u2019ouverture des cadeaux (princiers&#8230;), consiste en un d\u00eener aux chandelles o\u00f9 tout le <a href=\"https:\/\/www.blognoel.com\/es\/gira-mundial-de-fiestas-navidenas\/\">monde<\/a> appara\u00eet sur son 31. Apr\u00e8s 22 heures, pour perp\u00e9tuer la coutume, les hommes passeront dans une autre pi\u00e8ce pour prolonger la soir\u00e9e en d\u00e9gustant un vieux Brandy servi par le prince Philip.<\/p>\n<p>La ma\u00f1ana del 25 de diciembre, todos se reunir\u00e1n en la Iglesia de Santa Mar\u00eda Magdalena para la Misa de Navidad. En el almuerzo posterior, a la 1 p. m., se servir\u00e1 un pavo asado y relleno. Dos horas m\u00e1s tarde, todos se reunir\u00e1n frente al televisor para ver el tradicional discurso de la Reina.<\/p>\n<p><strong>Lujo por una buena causa<\/strong><\/p>\n<p>Por la generosa suma de 10.000 libras esterlinas (unos 12.000 euros), los interesados podr\u00e1n asistir al estreno de la pel\u00edcula de Steven Spielberg &quot;War Horse&quot;, junto al pr\u00edncipe Guillermo y su esposa Catalina. El Sr. Spielberg tambi\u00e9n estar\u00e1 presente en la ocasi\u00f3n.<\/p>\n<p>Cabe destacar que las entradas para la velada ya est\u00e1n a la venta y lo recaudado se donar\u00e1 a la Fundaci\u00f3n Pr\u00edncipes Guillermo y Harry. Si bien este precio puede no ser asequible para todos, los clientes adinerados ya han recibido invitaciones para reservar sus entradas.<\/p>","protected":false},"excerpt":{"rendered":"<p>Este a\u00f1o, la reina Isabel II celebra sus sesenta a\u00f1os de reinado y planea celebrar las fiestas por todo lo alto con familiares y amigos. El pr\u00edncipe Guillermo y su esposa, Kate Middleton, ya esperan pasar la Navidad con la gran multitud invitada a Norfolk para el 24.\u00ba aniversario.<\/p>","protected":false},"author":3,"featured_media":0,"comment_status":"open","ping_status":"open","sticky":false,"template":"","format":"standard","meta":{"_kad_blocks_custom_css":"","_kad_blocks_head_custom_js":"","_kad_blocks_body_custom_js":"","_kad_blocks_footer_custom_js":"","_kadence_starter_templates_imported_post":false,"_kad_post_transparent":"","_kad_post_title":"","_kad_post_layout":"","_kad_post_sidebar_id":"","_kad_post_content_style":"","_kad_post_vertical_padding":"","_kad_post_feature":"","_kad_post_feature_position":"","_kad_post_header":false,"_kad_post_footer":false,"_kad_post_classname":"","_jetpack_newsletter_access":"","_jetpack_dont_email_post_to_subs":false,"_jetpack_newsletter_tier_id":0,"_jetpack_memberships_contains_paywalled_content":false,"_jetpack_feature_clip_id":0,"_jetpack_memberships_contains_paid_content":false,"footnotes":"","jetpack_publicize_message":"","jetpack_publicize_feature_enabled":true,"jetpack_social_post_already_shared":false,"jetpack_social_options":{"image_generator_settings":{"template":"highway","default_image_id":0,"font":"","enabled":false},"version":2},"jetpack_post_was_ever_published":false},"categories":[8,1,14,13],"tags":[83,137,31,106],"class_list":["post-2303","post","type-post","status-publish","format-standard","hentry","category-a-la-une","category-top","category-fete-de-noel","category-traditions","tag-noel-dans-le-monde","tag-reveillon","tag-tradition","tag-traditions-2"],"views":328,"jetpack_publicize_connections":[],"taxonomy_info":{"category":[{"value":8,"label":"A la Une"},{"value":1,"label":"Best of Christmas"},{"value":14,"label":"F\u00eate de No\u00ebl"},{"value":13,"label":"Traditions"}],"post_tag":[{"value":83,"label":"No\u00ebl dans le monde"},{"value":137,"label":"r\u00e9veillon"},{"value":31,"label":"tradition"},{"value":106,"label":"traditions"}]},"featured_image_src_large":false,"author_info":{"display_name":"plumelle","author_link":"https:\/\/www.blognoel.com\/es\/author\/plumelle\/"},"comment_info":0,"category_info":[{"term_id":8,"name":"A la Une","slug":"a-la-une","term_group":0,"term_taxonomy_id":8,"taxonomy":"category","description":"","parent":1,"count":265,"filter":"raw","cat_ID":8,"category_count":265,"category_description":"","cat_name":"A la Une","category_nicename":"a-la-une","category_parent":1},{"term_id":1,"name":"Best of Christmas","slug":"top","term_group":0,"term_taxonomy_id":1,"taxonomy":"category","description":"","parent":0,"count":242,"filter":"raw","cat_ID":1,"category_count":242,"category_description":"","cat_name":"Best of Christmas","category_nicename":"top","category_parent":0},{"term_id":14,"name":"F\u00eate de No\u00ebl","slug":"fete-de-noel","term_group":0,"term_taxonomy_id":14,"taxonomy":"category","description":"","parent":0,"count":194,"filter":"raw","cat_ID":14,"category_count":194,"category_description":"","cat_name":"F\u00eate de No\u00ebl","category_nicename":"fete-de-noel","category_parent":0},{"term_id":13,"name":"Traditions","slug":"traditions","term_group":0,"term_taxonomy_id":13,"taxonomy":"category","description":"","parent":14,"count":87,"filter":"raw","cat_ID":13,"category_count":87,"category_description":"","cat_name":"Traditions","category_nicename":"traditions","category_parent":14}],"tag_info":[{"term_id":83,"name":"No\u00ebl dans le monde","slug":"noel-dans-le-monde","term_group":0,"term_taxonomy_id":83,"taxonomy":"post_tag","description":"","parent":0,"count":42,"filter":"raw"},{"term_id":137,"name":"r\u00e9veillon","slug":"reveillon","term_group":0,"term_taxonomy_id":137,"taxonomy":"post_tag","description":"","parent":0,"count":45,"filter":"raw"},{"term_id":31,"name":"tradition","slug":"tradition","term_group":0,"term_taxonomy_id":31,"taxonomy":"post_tag","description":"","parent":0,"count":64,"filter":"raw"},{"term_id":106,"name":"traditions","slug":"traditions-2","term_group":0,"term_taxonomy_id":106,"taxonomy":"post_tag","description":"","parent":0,"count":61,"filter":"raw"}],"jetpack_sharing_enabled":true,"jetpack_featured_media_url":"","_links":{"self":[{"href":"https:\/\/www.blognoel.com\/es\/wp-json\/wp\/v2\/posts\/2303","targetHints":{"allow":["GET"]}}],"collection":[{"href":"https:\/\/www.blognoel.com\/es\/wp-json\/wp\/v2\/posts"}],"about":[{"href":"https:\/\/www.blognoel.com\/es\/wp-json\/wp\/v2\/types\/post"}],"author":[{"embeddable":true,"href":"https:\/\/www.blognoel.com\/es\/wp-json\/wp\/v2\/users\/3"}],"replies":[{"embeddable":true,"href":"https:\/\/www.blognoel.com\/es\/wp-json\/wp\/v2\/comments?post=2303"}],"version-history":[{"count":1,"href":"https:\/\/www.blognoel.com\/es\/wp-json\/wp\/v2\/posts\/2303\/revisions"}],"predecessor-version":[{"id":2305,"href":"https:\/\/www.blognoel.com\/es\/wp-json\/wp\/v2\/posts\/2303\/revisions\/2305"}],"wp:attachment":[{"href":"https:\/\/www.blognoel.com\/es\/wp-json\/wp\/v2\/media?parent=2303"}],"wp:term":[{"taxonomy":"category","embeddable":true,"href":"https:\/\/www.blognoel.com\/es\/wp-json\/wp\/v2\/categories?post=2303"},{"taxonomy":"post_tag","embeddable":true,"href":"https:\/\/www.blognoel.com\/es\/wp-json\/wp\/v2\/tags?post=2303"}],"curies":[{"name":"wp","href":"https:\/\/api.w.org\/{rel}","templated":true}]}}