{"id":2296,"date":"2012-12-06T02:22:16","date_gmt":"2012-12-06T02:22:16","guid":{"rendered":"http:\/\/www.blognoel.com\/?p=2296"},"modified":"2012-12-11T00:12:33","modified_gmt":"2012-12-11T00:12:33","slug":"la-navidad-en-el-mundo-en-alemania","status":"publish","type":"post","link":"https:\/\/www.blognoel.com\/es\/2296\/la-navidad-en-el-mundo-en-alemania\/","title":{"rendered":"Navidad en el mundo: en Alemania"},"content":{"rendered":"<p style=\"text-align: center;\"><a href=\"http:\/\/www.blognoel.com\/wp-content\/smush-webp\/2011\/12\/allema.jpg.webp\" data-smush-webp-fallback=\"{&quot;href&quot;:&quot;http:\\\/\\\/www.blognoel.com\\\/wp-content\\\/uploads\\\/2011\\\/12\\\/allema.jpg&quot;}\"><img decoding=\"async\" class=\"size-medium wp-image-2297 aligncenter lazyload\" title=\"Alem\u00e1n\" data-src=\"http:\/\/www.blognoel.com\/wp-content\/smush-webp\/2011\/12\/allema-225x300.jpg.webp\" alt=\"\" width=\"225\" height=\"300\" data-srcset=\"https:\/\/www.blognoel.com\/wp-content\/smush-webp\/2011\/12\/allema-225x300.jpg.webp 225w, https:\/\/www.blognoel.com\/wp-content\/smush-webp\/2011\/12\/allema-375x500.jpg.webp 375w, https:\/\/www.blognoel.com\/wp-content\/smush-webp\/2011\/12\/allema.jpg.webp 400w\" data-sizes=\"(max-width: 225px) 100vw, 225px\" src=\"data:image\/svg+xml;base64,PHN2ZyB3aWR0aD0iMSIgaGVpZ2h0PSIxIiB4bWxucz0iaHR0cDovL3d3dy53My5vcmcvMjAwMC9zdmciPjwvc3ZnPg==\" style=\"--smush-placeholder-width: 225px; --smush-placeholder-aspect-ratio: 225\/300;\" data-smush-webp-fallback=\"{&quot;data-src&quot;:&quot;http:\\\/\\\/www.blognoel.com\\\/wp-content\\\/uploads\\\/2011\\\/12\\\/allema-225x300.jpg&quot;,&quot;data-srcset&quot;:&quot;https:\\\/\\\/www.blognoel.com\\\/wp-content\\\/uploads\\\/2011\\\/12\\\/allema-225x300.jpg 225w, https:\\\/\\\/www.blognoel.com\\\/wp-content\\\/uploads\\\/2011\\\/12\\\/allema-375x500.jpg 375w, https:\\\/\\\/www.blognoel.com\\\/wp-content\\\/uploads\\\/2011\\\/12\\\/allema.jpg 400w&quot;}\" \/><\/a><\/p>\n<p><strong>EL <a href=\"https:\/\/www.blognoel.com\/es\/\">Navidad<\/a> allemand se veut gourmand, joyeux et magique. Il descend d\u2019une longue tradition de c\u00e9l\u00e9brations, au solstice d\u2019hiver, du temps des Germains pour honorer le soleil et la nature. Les festivit\u00e9s chr\u00e9tiennes, en Allemagne, s\u2019appuient donc sur la tradition germanique.<\/strong><\/p>\n<p><strong> <\/strong><\/p>\n<p><strong> <\/strong><\/p>\n<p><strong>La tradici\u00f3n<\/strong><\/p>\n<p>Desde principios de diciembre, abren los mercados navide\u00f1os en las principales ciudades (Fr\u00e1ncfort, Ratisbona, Berl\u00edn, Colonia, Dortmund, Leipzig, etc.). Durante las fiestas, las familias se re\u00fanen para preparar Pl\u00f6tzchen (peque\u00f1os pasteles tradicionales) y disfrutarlos con caf\u00e9. Tambi\u00e9n se elabora una corona de Adviento con ramas de abeto. Esta contiene cuatro velas, cada una de las cuales se encender\u00e1 cada domingo de Adviento.<\/p>\n<p>Como familia, tambi\u00e9n preparamos una casa de jengibre (hexenhaus) para simbolizar la casa de la bruja (la historia de Hansel y Gretel).<\/p>\n<p>Pendant que leurs parents pr\u00e9parent le R\u00e9veillon, les petits Allemands couvrent de d\u00e9corations le sapin et n\u2019oublient pas de pr\u00e9voir pour le <a href=\"https:\/\/www.blognoel.com\/es\/personajes\/papa-noel\/\">Pap\u00e1 Noel<\/a> quelques biscuits plac\u00e9s dans une coupelle au pied de l\u2019arbre. Puis ils se h\u00e2tent de s\u2019endormir pour se r\u00e9veiller t\u00f4t le lendemain matin o\u00f9 les attendent cadeaux et friandises.<\/p>\n<p><strong>La mesa alemana<\/strong><\/p>\n<p>El men\u00fa de Nochevieja siempre incluye, entre otros deliciosos platos, un ganso a la parrilla acompa\u00f1ado de manzanas y col lombarda. De postre, se sirve el famoso Christstollen, un pastel con or\u00edgenes que se remontan a 500 a\u00f1os. A los ni\u00f1os, en cambio, les encantan los hombrecitos de jengibre, que solo comen en esta ocasi\u00f3n.<\/p>\n<p>Dado que el 26 de diciembre es festivo, la Navidad en Alemania se celebra en dos d\u00edas. El d\u00eda de San Esteban se suele dedicar a visitar a amigos y familiares que no pudieron asistir el d\u00eda anterior.<\/p>","protected":false},"excerpt":{"rendered":"<p>La Navidad alemana se supone que es deliciosa, alegre y m\u00e1gica. Proviene de una larga tradici\u00f3n de celebraciones en el solsticio de invierno, que se remonta a la \u00e9poca de los alemanes, para honrar al sol y la naturaleza. Por lo tanto, las festividades cristianas en Alemania se basan en la tradici\u00f3n germ\u00e1nica. Tradici\u00f3n: Desde principios de diciembre, los mercados navide\u00f1os abren en\u2026<\/p>","protected":false},"author":3,"featured_media":0,"comment_status":"open","ping_status":"open","sticky":false,"template":"","format":"standard","meta":{"_kad_blocks_custom_css":"","_kad_blocks_head_custom_js":"","_kad_blocks_body_custom_js":"","_kad_blocks_footer_custom_js":"","_kadence_starter_templates_imported_post":false,"_kad_post_transparent":"","_kad_post_title":"","_kad_post_layout":"","_kad_post_sidebar_id":"","_kad_post_content_style":"","_kad_post_vertical_padding":"","_kad_post_feature":"","_kad_post_feature_position":"","_kad_post_header":false,"_kad_post_footer":false,"_kad_post_classname":"","_jetpack_newsletter_access":"","_jetpack_dont_email_post_to_subs":false,"_jetpack_newsletter_tier_id":0,"_jetpack_memberships_contains_paywalled_content":false,"_jetpack_feature_clip_id":0,"_jetpack_memberships_contains_paid_content":false,"footnotes":"","jetpack_publicize_message":"","jetpack_publicize_feature_enabled":true,"jetpack_social_post_already_shared":false,"jetpack_social_options":{"image_generator_settings":{"template":"highway","default_image_id":0,"font":"","enabled":false},"version":2},"jetpack_post_was_ever_published":false},"categories":[8,1,14,13],"tags":[82,111,83,137,102],"class_list":["post-2296","post","type-post","status-publish","format-standard","hentry","category-a-la-une","category-top","category-fete-de-noel","category-traditions","tag-festivites-de-noel","tag-marches-de-noel","tag-noel-dans-le-monde","tag-reveillon","tag-traditions-culinaires-et-noel"],"views":343,"jetpack_publicize_connections":[],"taxonomy_info":{"category":[{"value":8,"label":"A la Une"},{"value":1,"label":"Best of Christmas"},{"value":14,"label":"F\u00eate de No\u00ebl"},{"value":13,"label":"Traditions"}],"post_tag":[{"value":82,"label":"festivit\u00e9s de No\u00ebl"},{"value":111,"label":"march\u00e9s de No\u00ebl"},{"value":83,"label":"No\u00ebl dans le monde"},{"value":137,"label":"r\u00e9veillon"},{"value":102,"label":"traditions culinaires et No\u00ebl"}]},"featured_image_src_large":false,"author_info":{"display_name":"plumelle","author_link":"https:\/\/www.blognoel.com\/es\/author\/plumelle\/"},"comment_info":0,"category_info":[{"term_id":8,"name":"A la Une","slug":"a-la-une","term_group":0,"term_taxonomy_id":8,"taxonomy":"category","description":"","parent":1,"count":265,"filter":"raw","cat_ID":8,"category_count":265,"category_description":"","cat_name":"A la Une","category_nicename":"a-la-une","category_parent":1},{"term_id":1,"name":"Best of Christmas","slug":"top","term_group":0,"term_taxonomy_id":1,"taxonomy":"category","description":"","parent":0,"count":242,"filter":"raw","cat_ID":1,"category_count":242,"category_description":"","cat_name":"Best of Christmas","category_nicename":"top","category_parent":0},{"term_id":14,"name":"F\u00eate de No\u00ebl","slug":"fete-de-noel","term_group":0,"term_taxonomy_id":14,"taxonomy":"category","description":"","parent":0,"count":194,"filter":"raw","cat_ID":14,"category_count":194,"category_description":"","cat_name":"F\u00eate de No\u00ebl","category_nicename":"fete-de-noel","category_parent":0},{"term_id":13,"name":"Traditions","slug":"traditions","term_group":0,"term_taxonomy_id":13,"taxonomy":"category","description":"","parent":14,"count":87,"filter":"raw","cat_ID":13,"category_count":87,"category_description":"","cat_name":"Traditions","category_nicename":"traditions","category_parent":14}],"tag_info":[{"term_id":82,"name":"festivit\u00e9s de No\u00ebl","slug":"festivites-de-noel","term_group":0,"term_taxonomy_id":82,"taxonomy":"post_tag","description":"","parent":0,"count":59,"filter":"raw"},{"term_id":111,"name":"march\u00e9s de No\u00ebl","slug":"marches-de-noel","term_group":0,"term_taxonomy_id":111,"taxonomy":"post_tag","description":"","parent":0,"count":13,"filter":"raw"},{"term_id":83,"name":"No\u00ebl dans le monde","slug":"noel-dans-le-monde","term_group":0,"term_taxonomy_id":83,"taxonomy":"post_tag","description":"","parent":0,"count":42,"filter":"raw"},{"term_id":137,"name":"r\u00e9veillon","slug":"reveillon","term_group":0,"term_taxonomy_id":137,"taxonomy":"post_tag","description":"","parent":0,"count":45,"filter":"raw"},{"term_id":102,"name":"traditions culinaires et No\u00ebl","slug":"traditions-culinaires-et-noel","term_group":0,"term_taxonomy_id":102,"taxonomy":"post_tag","description":"","parent":0,"count":22,"filter":"raw"}],"jetpack_sharing_enabled":true,"jetpack_featured_media_url":"","_links":{"self":[{"href":"https:\/\/www.blognoel.com\/es\/wp-json\/wp\/v2\/posts\/2296","targetHints":{"allow":["GET"]}}],"collection":[{"href":"https:\/\/www.blognoel.com\/es\/wp-json\/wp\/v2\/posts"}],"about":[{"href":"https:\/\/www.blognoel.com\/es\/wp-json\/wp\/v2\/types\/post"}],"author":[{"embeddable":true,"href":"https:\/\/www.blognoel.com\/es\/wp-json\/wp\/v2\/users\/3"}],"replies":[{"embeddable":true,"href":"https:\/\/www.blognoel.com\/es\/wp-json\/wp\/v2\/comments?post=2296"}],"version-history":[{"count":2,"href":"https:\/\/www.blognoel.com\/es\/wp-json\/wp\/v2\/posts\/2296\/revisions"}],"predecessor-version":[{"id":2489,"href":"https:\/\/www.blognoel.com\/es\/wp-json\/wp\/v2\/posts\/2296\/revisions\/2489"}],"wp:attachment":[{"href":"https:\/\/www.blognoel.com\/es\/wp-json\/wp\/v2\/media?parent=2296"}],"wp:term":[{"taxonomy":"category","embeddable":true,"href":"https:\/\/www.blognoel.com\/es\/wp-json\/wp\/v2\/categories?post=2296"},{"taxonomy":"post_tag","embeddable":true,"href":"https:\/\/www.blognoel.com\/es\/wp-json\/wp\/v2\/tags?post=2296"}],"curies":[{"name":"wp","href":"https:\/\/api.w.org\/{rel}","templated":true}]}}