{"id":1794,"date":"2014-08-30T23:08:53","date_gmt":"2014-08-30T23:08:53","guid":{"rendered":"http:\/\/www.blognoel.com\/?p=1794"},"modified":"2014-08-30T23:08:53","modified_gmt":"2014-08-30T23:08:53","slug":"la-musica-navidena-canta-en-los-videos","status":"publish","type":"post","link":"https:\/\/www.blognoel.com\/es\/1794\/la-musica-navidena-canta-en-los-videos\/","title":{"rendered":"M\u00fasica: Navidad cantada en v\u00eddeos"},"content":{"rendered":"<p>Este a\u00f1o, <strong>C\u00e9line Dion<\/strong> d\u00e9die ce vid\u00e9o de <a href=\"https:\/\/www.blognoel.com\/es\/\">Navidad<\/a> \u00e0 tous les internautes. Voici le mot qui l\u2019accompagne\u00a0: \u00ab\u00a0Une pri\u00e8re sp\u00e9ciale pour que No\u00ebl soit tr\u00e8s heureux pour vous. Pour ma famille, mes amis, mes coll\u00e8gues de travail, et tous les \u00eatres qui me sont chers, pour un No\u00ebl de bonheur, d\u2019amour et de paix.\u00a0\u00bb<\/p>\n<p><a href=\"http:\/\/youtu.be\/76QBbG4aQLE\" target=\"_blank\" rel=\"noopener\">http:\/\/youtu.be\/76QBbG4aQLE<\/a> (Canci\u00f3n de feliz Navidad)<\/p>\n<p>\u00ab\u00a0Le Petit Renne au Nez Rouge\u00a0\u00bb chant\u00e9 par la man\u00e9canterie des Petits Chanteurs \u00e0 la croix de bois. Cette chorale de jeunes Fran\u00e7ais f\u00eatait en 2007 son centenaire d\u2019existence. Il ne s\u2019agit pas seulement d\u2019une chorale mais d\u2019un pensionnat qui re\u00e7oit des \u00e9l\u00e8ves du primaire \u00e0 la fin du coll\u00e8ge. Les Petits Chanteurs \u00e0 la croix de bois ont \u00e9t\u00e9 appr\u00e9ci\u00e9s partout en Europe et ils ont voyag\u00e9 \u00e0 travers le <a href=\"https:\/\/www.blognoel.com\/es\/gira-mundial-de-fiestas-navidenas\/\">monde<\/a>, entre autres en Asie et en Am\u00e9rique.<\/p>\n<p><a href=\"http:\/\/youtu.be\/QsZsu7rLr3A\" target=\"_blank\" rel=\"noopener\">http:\/\/youtu.be\/QsZsu7rLr3A<\/a><\/p>\n<p><a href=\"http:\/\/www.blognoel.com\/wp-content\/smush-webp\/2011\/12\/cover_7575583.jpg.webp\" data-smush-webp-fallback=\"{&quot;href&quot;:&quot;http:\\\/\\\/www.blognoel.com\\\/wp-content\\\/uploads\\\/2011\\\/12\\\/cover_7575583.jpg&quot;}\"><img decoding=\"async\" class=\"alignleft size-full wp-image-1795 lazyload\" title=\"portada_7575583\" data-src=\"http:\/\/www.blognoel.com\/wp-content\/smush-webp\/2011\/12\/cover_7575583.jpg.webp\" alt=\"\" width=\"125\" height=\"134\" src=\"data:image\/svg+xml;base64,PHN2ZyB3aWR0aD0iMSIgaGVpZ2h0PSIxIiB4bWxucz0iaHR0cDovL3d3dy53My5vcmcvMjAwMC9zdmciPjwvc3ZnPg==\" style=\"--smush-placeholder-width: 125px; --smush-placeholder-aspect-ratio: 125\/134;\" data-smush-webp-fallback=\"{&quot;data-src&quot;:&quot;http:\\\/\\\/www.blognoel.com\\\/wp-content\\\/uploads\\\/2011\\\/12\\\/cover_7575583.jpg&quot;}\" \/><\/a><\/p>\n<p>En este v\u00eddeo, la joven cantante francesa <strong>Charlaine<\/strong> Interpreta &quot;Petit papa No\u00ebl&quot; (R. Vincy-H. Martinet). T\u00edtulo que aparece en su \u00e1lbum &quot;Comme un flocon de neige&quot; (Bege Music\/Alien Prod), disponible en todas las plataformas de descarga de m\u00fasica legales de internet.<\/p>\n<p><a href=\"http:\/\/youtu.be\/YUXmUg42xls\" target=\"_blank\" rel=\"noopener\">http:\/\/youtu.be\/YUXmUg42xls<\/a><\/p>\n<p>En este v\u00eddeo, el cantante quebequense Claude Valade canta una canci\u00f3n navide\u00f1a cl\u00e1sica llamada &quot;Le Royaume du Bonhomme Hiver&quot;.<\/p>\n<p><a href=\"http:\/\/youtu.be\/Zt4HGlyoGrw\" target=\"_blank\" rel=\"noopener\">http:\/\/youtu.be\/Zt4HGlyoGrw<\/a><\/p>\n<p>Popurr\u00ed de canciones navide\u00f1as de la Compagnie Cr\u00e9ole, de Fort-de-France.<\/p>\n<p><a href=\"http:\/\/youtu.be\/TU94FoO_me8\" target=\"_blank\" rel=\"noopener\">http:\/\/youtu.be\/TU94FoO_me8<\/a><\/p>","protected":false},"excerpt":{"rendered":"<p>Este a\u00f1o, C\u00e9line Dion dedica este video navide\u00f1o a todos los internautas. Este es el mensaje que lo acompa\u00f1a: &quot;Una oraci\u00f3n especial para que tengan una muy feliz Navidad. A mi familia, mis amigos, mis compa\u00f1eros de trabajo y todos mis seres queridos, para que tengan una Navidad llena de felicidad, amor y paz&quot;.<\/p>","protected":false},"author":3,"featured_media":0,"comment_status":"open","ping_status":"open","sticky":false,"template":"","format":"standard","meta":{"_kad_blocks_custom_css":"","_kad_blocks_head_custom_js":"","_kad_blocks_body_custom_js":"","_kad_blocks_footer_custom_js":"","_kadence_starter_templates_imported_post":false,"_kad_post_transparent":"","_kad_post_title":"","_kad_post_layout":"","_kad_post_sidebar_id":"","_kad_post_content_style":"","_kad_post_vertical_padding":"","_kad_post_feature":"","_kad_post_feature_position":"","_kad_post_header":false,"_kad_post_footer":false,"_kad_post_classname":"","_jetpack_newsletter_access":"","_jetpack_dont_email_post_to_subs":false,"_jetpack_newsletter_tier_id":0,"_jetpack_memberships_contains_paywalled_content":false,"_jetpack_feature_clip_id":0,"_jetpack_memberships_contains_paid_content":false,"footnotes":"","jetpack_publicize_message":"","jetpack_publicize_feature_enabled":true,"jetpack_social_post_already_shared":false,"jetpack_social_options":{"image_generator_settings":{"template":"highway","default_image_id":0,"font":"","enabled":false},"version":2},"jetpack_post_was_ever_published":false},"categories":[8,1,14,48,20],"tags":[112,88,93,76,54,28],"class_list":["post-1794","post","type-post","status-publish","format-standard","hentry","category-a-la-une","category-top","category-fete-de-noel","category-musique","category-videos","tag-celine-dion","tag-chant-de-noel","tag-chorale","tag-classiques","tag-musique-2","tag-video"],"views":406,"jetpack_publicize_connections":[],"taxonomy_info":{"category":[{"value":8,"label":"A la Une"},{"value":1,"label":"Best of Christmas"},{"value":14,"label":"F\u00eate de No\u00ebl"},{"value":48,"label":"Musique"},{"value":20,"label":"Vid\u00e9os"}],"post_tag":[{"value":112,"label":"C\u00e9line Dion"},{"value":88,"label":"chant de No\u00ebl"},{"value":93,"label":"chorale"},{"value":76,"label":"classiques"},{"value":54,"label":"musique"},{"value":28,"label":"vid\u00e9o"}]},"featured_image_src_large":false,"author_info":{"display_name":"plumelle","author_link":"https:\/\/www.blognoel.com\/es\/author\/plumelle\/"},"comment_info":0,"category_info":[{"term_id":8,"name":"A la Une","slug":"a-la-une","term_group":0,"term_taxonomy_id":8,"taxonomy":"category","description":"","parent":1,"count":265,"filter":"raw","cat_ID":8,"category_count":265,"category_description":"","cat_name":"A la Une","category_nicename":"a-la-une","category_parent":1},{"term_id":1,"name":"Best of Christmas","slug":"top","term_group":0,"term_taxonomy_id":1,"taxonomy":"category","description":"","parent":0,"count":242,"filter":"raw","cat_ID":1,"category_count":242,"category_description":"","cat_name":"Best of Christmas","category_nicename":"top","category_parent":0},{"term_id":14,"name":"F\u00eate de No\u00ebl","slug":"fete-de-noel","term_group":0,"term_taxonomy_id":14,"taxonomy":"category","description":"","parent":0,"count":194,"filter":"raw","cat_ID":14,"category_count":194,"category_description":"","cat_name":"F\u00eate de No\u00ebl","category_nicename":"fete-de-noel","category_parent":0},{"term_id":48,"name":"Musique","slug":"musique","term_group":0,"term_taxonomy_id":48,"taxonomy":"category","description":"","parent":0,"count":175,"filter":"raw","cat_ID":48,"category_count":175,"category_description":"","cat_name":"Musique","category_nicename":"musique","category_parent":0},{"term_id":20,"name":"Vid\u00e9os","slug":"videos","term_group":0,"term_taxonomy_id":20,"taxonomy":"category","description":"Les meilleures vid\u00e9os de no\u00ebl: musiques, histoire, traditions, recettes, films...","parent":0,"count":200,"filter":"raw","cat_ID":20,"category_count":200,"category_description":"Les meilleures vid\u00e9os de no\u00ebl: musiques, histoire, traditions, recettes, films...","cat_name":"Vid\u00e9os","category_nicename":"videos","category_parent":0}],"tag_info":[{"term_id":112,"name":"C\u00e9line Dion","slug":"celine-dion","term_group":0,"term_taxonomy_id":112,"taxonomy":"post_tag","description":"","parent":0,"count":13,"filter":"raw"},{"term_id":88,"name":"chant de No\u00ebl","slug":"chant-de-noel","term_group":0,"term_taxonomy_id":88,"taxonomy":"post_tag","description":"","parent":0,"count":25,"filter":"raw"},{"term_id":93,"name":"chorale","slug":"chorale","term_group":0,"term_taxonomy_id":93,"taxonomy":"post_tag","description":"","parent":0,"count":6,"filter":"raw"},{"term_id":76,"name":"classiques","slug":"classiques","term_group":0,"term_taxonomy_id":76,"taxonomy":"post_tag","description":"","parent":0,"count":2,"filter":"raw"},{"term_id":54,"name":"musique","slug":"musique-2","term_group":0,"term_taxonomy_id":54,"taxonomy":"post_tag","description":"","parent":0,"count":33,"filter":"raw"},{"term_id":28,"name":"vid\u00e9o","slug":"video","term_group":0,"term_taxonomy_id":28,"taxonomy":"post_tag","description":"","parent":0,"count":78,"filter":"raw"}],"jetpack_sharing_enabled":true,"jetpack_featured_media_url":"","_links":{"self":[{"href":"https:\/\/www.blognoel.com\/es\/wp-json\/wp\/v2\/posts\/1794","targetHints":{"allow":["GET"]}}],"collection":[{"href":"https:\/\/www.blognoel.com\/es\/wp-json\/wp\/v2\/posts"}],"about":[{"href":"https:\/\/www.blognoel.com\/es\/wp-json\/wp\/v2\/types\/post"}],"author":[{"embeddable":true,"href":"https:\/\/www.blognoel.com\/es\/wp-json\/wp\/v2\/users\/3"}],"replies":[{"embeddable":true,"href":"https:\/\/www.blognoel.com\/es\/wp-json\/wp\/v2\/comments?post=1794"}],"version-history":[{"count":2,"href":"https:\/\/www.blognoel.com\/es\/wp-json\/wp\/v2\/posts\/1794\/revisions"}],"predecessor-version":[{"id":1797,"href":"https:\/\/www.blognoel.com\/es\/wp-json\/wp\/v2\/posts\/1794\/revisions\/1797"}],"wp:attachment":[{"href":"https:\/\/www.blognoel.com\/es\/wp-json\/wp\/v2\/media?parent=1794"}],"wp:term":[{"taxonomy":"category","embeddable":true,"href":"https:\/\/www.blognoel.com\/es\/wp-json\/wp\/v2\/categories?post=1794"},{"taxonomy":"post_tag","embeddable":true,"href":"https:\/\/www.blognoel.com\/es\/wp-json\/wp\/v2\/tags?post=1794"}],"curies":[{"name":"wp","href":"https:\/\/api.w.org\/{rel}","templated":true}]}}