{"id":1330,"date":"2014-11-03T23:08:40","date_gmt":"2014-11-03T23:08:40","guid":{"rendered":"http:\/\/www.blognoel.com\/?p=1330"},"modified":"2014-11-03T23:08:40","modified_gmt":"2014-11-03T23:08:40","slug":"pero-de-donde-vienen-las-historias-de-navidad","status":"publish","type":"post","link":"https:\/\/www.blognoel.com\/es\/1330\/pero-de-donde-vienen-las-historias-de-navidad\/","title":{"rendered":"Pero \u00bfde d\u00f3nde vienen las historias de Navidad?"},"content":{"rendered":"<p><a href=\"http:\/\/www.blognoel.com\/wp-content\/smush-webp\/2011\/10\/fille1.jpg.webp\" data-smush-webp-fallback=\"{&quot;href&quot;:&quot;http:\\\/\\\/www.blognoel.com\\\/wp-content\\\/uploads\\\/2011\\\/10\\\/fille1.jpg&quot;}\"><img decoding=\"async\" data-src=\"http:\/\/www.blognoel.com\/wp-content\/smush-webp\/2011\/10\/fille1-300x202.jpg.webp\" alt=\"\" title=\"chica1\" width=\"300\" height=\"202\" class=\"alignleft size-medium wp-image-1331 lazyload\" data-srcset=\"https:\/\/www.blognoel.com\/wp-content\/smush-webp\/2011\/10\/fille1-300x202.jpg.webp 300w, https:\/\/www.blognoel.com\/wp-content\/smush-webp\/2011\/10\/fille1.jpg.webp 467w\" data-sizes=\"(max-width: 300px) 100vw, 300px\" src=\"data:image\/svg+xml;base64,PHN2ZyB3aWR0aD0iMSIgaGVpZ2h0PSIxIiB4bWxucz0iaHR0cDovL3d3dy53My5vcmcvMjAwMC9zdmciPjwvc3ZnPg==\" style=\"--smush-placeholder-width: 300px; --smush-placeholder-aspect-ratio: 300\/202;\" data-smush-webp-fallback=\"{&quot;data-src&quot;:&quot;http:\\\/\\\/www.blognoel.com\\\/wp-content\\\/uploads\\\/2011\\\/10\\\/fille1-300x202.jpg&quot;,&quot;data-srcset&quot;:&quot;https:\\\/\\\/www.blognoel.com\\\/wp-content\\\/uploads\\\/2011\\\/10\\\/fille1-300x202.jpg 300w, https:\\\/\\\/www.blognoel.com\\\/wp-content\\\/uploads\\\/2011\\\/10\\\/fille1.jpg 467w&quot;}\" \/><\/a><\/p>\n<p>Les premiers contes de <a href=\"https:\/\/www.blognoel.com\/es\/\">Navidad<\/a> \u00e9taient davantage chant\u00e9s que racont\u00e9s, par les troubadours du Moyen Age. Les anciens se sont mis \u00e0 les colporter \u00e0 la veill\u00e9e, peu avant la messe de No\u00ebl. <\/p>\n<p>Il s\u2019agissait de contes inspir\u00e9s des \u00c9vangiles, \u00e9labor\u00e9s autour de l\u2019Histoire sainte et de la Nativit\u00e9. Parall\u00e8lement, dans les chaumi\u00e8res, on \u00e9changeait \u00e0 voix basse des contes dont les animaux \u00e9taient les h\u00e9ros. Par exemple, celui du rossignol qui avait r\u00e9ussi \u00e0 endormir l\u2019Enfant-<a href=\"https:\/\/www.blognoel.com\/es\/personajes\/jesus\/\">Jes\u00fas<\/a> par son chant si doux, ou l\u2019autre qui rapportait qu\u2019une araign\u00e9e au grand c\u0153ur avait tiss\u00e9 sa toile \u00e0 toute vitesse pour cacher l\u2019entr\u00e9e de la cr\u00e8che o\u00f9 se trouvait la Sainte Famille. Ou encore cette l\u00e9gende qui raconte que du bl\u00e9 sem\u00e9 avait pouss\u00e9 et m\u00fbri en une journ\u00e9e pour que les paysans puissent r\u00e9pondre aux soldats d\u2019H\u00e9rode sans mentir qu\u2019ils n\u2019avaient vu passer aucun couple avec un enfant.<\/p>\n<p>Con el paso de los a\u00f1os, las historias se han forjado un lugar en la magia de la Navidad. La gente empez\u00f3 a hablar de tesoros escondidos que solo se descubr\u00edan en la Misa del Gallo o de milagros que solo ocurr\u00edan en Nochebuena. Algunos temerarios afirmaban haber o\u00eddo a animales de granja hablar entre s\u00ed esa noche. De ah\u00ed, a intentar asustarse mutuamente con historias de fantasmas que aparec\u00edan en las escaleras de la iglesia y ven\u00edan a ocupar su lugar en Nochebuena, solo faltaba un paso. En Francia, muchas familias dejaban un poco de pan y mantequilla en la mesa para posibles visitantes del otro mundo.<\/p>\n<p>No fue hasta el siglo XVIII que los cuentos navide\u00f1os dejaron de tener un componente religioso y supersticioso. En cambio, comenzaron a evocar las cosas buenas y hermosas que la Navidad despertaba en los corazones de las personas. El cuento se convirti\u00f3 en un g\u00e9nero literario que perdurar\u00eda hasta el per\u00edodo de entreguerras. <\/p>\n<p>A finales del siglo XIX, revistas y peri\u00f3dicos publicaban sus cuentos navide\u00f1os cada a\u00f1o. As\u00ed pudimos descubrir y recordar textos maravillosos como &quot;Pesadilla antes de Navidad&quot;, &quot;La cerillera&quot;, &quot;Los dos \u00e1rboles de Navidad&quot; y &quot;Los zapatitos&quot;. <\/p>","protected":false},"excerpt":{"rendered":"<p>Los primeros cuentos navide\u00f1os fueron cantados, m\u00e1s que contados, por los trovadores de la Edad Media. Los ancianos comenzaron a difundirlos durante la vigilia, poco antes de la misa de Navidad. Eran cuentos inspirados en los Evangelios, desarrollados en torno a la historia sagrada y la Natividad. Al mismo tiempo, en las casas rurales, la gente intercambiaba...<\/p>","protected":false},"author":3,"featured_media":0,"comment_status":"open","ping_status":"open","sticky":false,"template":"","format":"standard","meta":{"_kad_blocks_custom_css":"","_kad_blocks_head_custom_js":"","_kad_blocks_body_custom_js":"","_kad_blocks_footer_custom_js":"","_kadence_starter_templates_imported_post":false,"_kad_post_transparent":"","_kad_post_title":"","_kad_post_layout":"","_kad_post_sidebar_id":"","_kad_post_content_style":"","_kad_post_vertical_padding":"","_kad_post_feature":"","_kad_post_feature_position":"","_kad_post_header":false,"_kad_post_footer":false,"_kad_post_classname":"","_jetpack_newsletter_access":"","_jetpack_dont_email_post_to_subs":false,"_jetpack_newsletter_tier_id":0,"_jetpack_memberships_contains_paywalled_content":false,"_jetpack_feature_clip_id":0,"_jetpack_memberships_contains_paid_content":false,"footnotes":"","jetpack_publicize_message":"","jetpack_publicize_feature_enabled":true,"jetpack_social_post_already_shared":false,"jetpack_social_options":{"image_generator_settings":{"template":"highway","default_image_id":0,"font":"","enabled":false},"version":2},"jetpack_post_was_ever_published":false},"categories":[8,1,14,9,13],"tags":[82,30,181,23,106],"class_list":["post-1330","post","type-post","status-publish","format-standard","hentry","category-a-la-une","category-top","category-fete-de-noel","category-histoire","category-traditions","tag-festivites-de-noel","tag-histoire-2","tag-legendes-2","tag-noel","tag-traditions-2"],"views":314,"jetpack_publicize_connections":[],"taxonomy_info":{"category":[{"value":8,"label":"A la Une"},{"value":1,"label":"Best of Christmas"},{"value":14,"label":"F\u00eate de No\u00ebl"},{"value":9,"label":"Histoire"},{"value":13,"label":"Traditions"}],"post_tag":[{"value":82,"label":"festivit\u00e9s de No\u00ebl"},{"value":30,"label":"histoire"},{"value":181,"label":"l\u00e9gendes"},{"value":23,"label":"no\u00ebl"},{"value":106,"label":"traditions"}]},"featured_image_src_large":false,"author_info":{"display_name":"plumelle","author_link":"https:\/\/www.blognoel.com\/es\/author\/plumelle\/"},"comment_info":0,"category_info":[{"term_id":8,"name":"A la Une","slug":"a-la-une","term_group":0,"term_taxonomy_id":8,"taxonomy":"category","description":"","parent":1,"count":265,"filter":"raw","cat_ID":8,"category_count":265,"category_description":"","cat_name":"A la Une","category_nicename":"a-la-une","category_parent":1},{"term_id":1,"name":"Best of Christmas","slug":"top","term_group":0,"term_taxonomy_id":1,"taxonomy":"category","description":"","parent":0,"count":242,"filter":"raw","cat_ID":1,"category_count":242,"category_description":"","cat_name":"Best of Christmas","category_nicename":"top","category_parent":0},{"term_id":14,"name":"F\u00eate de No\u00ebl","slug":"fete-de-noel","term_group":0,"term_taxonomy_id":14,"taxonomy":"category","description":"","parent":0,"count":194,"filter":"raw","cat_ID":14,"category_count":194,"category_description":"","cat_name":"F\u00eate de No\u00ebl","category_nicename":"fete-de-noel","category_parent":0},{"term_id":9,"name":"Histoire","slug":"histoire","term_group":0,"term_taxonomy_id":9,"taxonomy":"category","description":"","parent":0,"count":28,"filter":"raw","cat_ID":9,"category_count":28,"category_description":"","cat_name":"Histoire","category_nicename":"histoire","category_parent":0},{"term_id":13,"name":"Traditions","slug":"traditions","term_group":0,"term_taxonomy_id":13,"taxonomy":"category","description":"","parent":14,"count":87,"filter":"raw","cat_ID":13,"category_count":87,"category_description":"","cat_name":"Traditions","category_nicename":"traditions","category_parent":14}],"tag_info":[{"term_id":82,"name":"festivit\u00e9s de No\u00ebl","slug":"festivites-de-noel","term_group":0,"term_taxonomy_id":82,"taxonomy":"post_tag","description":"","parent":0,"count":59,"filter":"raw"},{"term_id":30,"name":"histoire","slug":"histoire-2","term_group":0,"term_taxonomy_id":30,"taxonomy":"post_tag","description":"","parent":0,"count":20,"filter":"raw"},{"term_id":181,"name":"l\u00e9gendes","slug":"legendes-2","term_group":0,"term_taxonomy_id":181,"taxonomy":"post_tag","description":"","parent":0,"count":14,"filter":"raw"},{"term_id":23,"name":"no\u00ebl","slug":"noel","term_group":0,"term_taxonomy_id":23,"taxonomy":"post_tag","description":"","parent":0,"count":146,"filter":"raw"},{"term_id":106,"name":"traditions","slug":"traditions-2","term_group":0,"term_taxonomy_id":106,"taxonomy":"post_tag","description":"","parent":0,"count":61,"filter":"raw"}],"jetpack_sharing_enabled":true,"jetpack_featured_media_url":"","_links":{"self":[{"href":"https:\/\/www.blognoel.com\/es\/wp-json\/wp\/v2\/posts\/1330","targetHints":{"allow":["GET"]}}],"collection":[{"href":"https:\/\/www.blognoel.com\/es\/wp-json\/wp\/v2\/posts"}],"about":[{"href":"https:\/\/www.blognoel.com\/es\/wp-json\/wp\/v2\/types\/post"}],"author":[{"embeddable":true,"href":"https:\/\/www.blognoel.com\/es\/wp-json\/wp\/v2\/users\/3"}],"replies":[{"embeddable":true,"href":"https:\/\/www.blognoel.com\/es\/wp-json\/wp\/v2\/comments?post=1330"}],"version-history":[{"count":1,"href":"https:\/\/www.blognoel.com\/es\/wp-json\/wp\/v2\/posts\/1330\/revisions"}],"predecessor-version":[{"id":1332,"href":"https:\/\/www.blognoel.com\/es\/wp-json\/wp\/v2\/posts\/1330\/revisions\/1332"}],"wp:attachment":[{"href":"https:\/\/www.blognoel.com\/es\/wp-json\/wp\/v2\/media?parent=1330"}],"wp:term":[{"taxonomy":"category","embeddable":true,"href":"https:\/\/www.blognoel.com\/es\/wp-json\/wp\/v2\/categories?post=1330"},{"taxonomy":"post_tag","embeddable":true,"href":"https:\/\/www.blognoel.com\/es\/wp-json\/wp\/v2\/tags?post=1330"}],"curies":[{"name":"wp","href":"https:\/\/api.w.org\/{rel}","templated":true}]}}