{"id":1101,"date":"2014-09-04T11:08:46","date_gmt":"2014-09-04T11:08:46","guid":{"rendered":"http:\/\/www.blognoel.com\/?p=1101"},"modified":"2014-09-04T11:08:46","modified_gmt":"2014-09-04T11:08:46","slug":"cuento-del-milagro-de-los-dos-arboles-de-navidad","status":"publish","type":"post","link":"https:\/\/www.blognoel.com\/es\/1101\/cuento-del-milagro-de-los-dos-arboles-de-navidad\/","title":{"rendered":"Historia: El milagro de los dos \u00e1rboles de Navidad"},"content":{"rendered":"<p><a rel=\"attachment wp-att-1102\" href=\"http:\/\/www.blognoel.com\/es\/1101\/cuento-del-milagro-de-los-dos-arboles-de-navidad\/bougeoir\/\"><img decoding=\"async\" class=\"alignleft size-thumbnail wp-image-1102 lazyload\" title=\"candelero\" data-src=\"http:\/\/www.blognoel.com\/wp-content\/smush-webp\/2010\/12\/bougeoir-150x150.jpg.webp\" alt=\"\" width=\"222\" height=\"222\" data-srcset=\"https:\/\/www.blognoel.com\/wp-content\/smush-webp\/2010\/12\/bougeoir-150x150.jpg.webp 150w, https:\/\/www.blognoel.com\/wp-content\/smush-webp\/2010\/12\/bougeoir.jpg.webp 195w\" data-sizes=\"(max-width: 222px) 100vw, 222px\" src=\"data:image\/svg+xml;base64,PHN2ZyB3aWR0aD0iMSIgaGVpZ2h0PSIxIiB4bWxucz0iaHR0cDovL3d3dy53My5vcmcvMjAwMC9zdmciPjwvc3ZnPg==\" style=\"--smush-placeholder-width: 222px; --smush-placeholder-aspect-ratio: 222\/222;\" data-smush-webp-fallback=\"{&quot;data-src&quot;:&quot;http:\\\/\\\/www.blognoel.com\\\/wp-content\\\/uploads\\\/2010\\\/12\\\/bougeoir-150x150.jpg&quot;,&quot;data-srcset&quot;:&quot;https:\\\/\\\/www.blognoel.com\\\/wp-content\\\/uploads\\\/2010\\\/12\\\/bougeoir-150x150.jpg 150w, https:\\\/\\\/www.blognoel.com\\\/wp-content\\\/uploads\\\/2010\\\/12\\\/bougeoir.jpg 195w&quot;}\" \/><\/a><\/p>\n<p>Il \u00e9tait une fois un enfant pauvre qui tentait, la veille de <a href=\"https:\/\/www.blognoel.com\/es\/\">Navidad<\/a>, de vendre deux petits sapins en frappant \u00e0 chaque porte de son village. Invariablement, on lui r\u00e9pondait qu\u2019il \u00e9tait trop tard pour cela puisque le sapin avait d\u00e9j\u00e0 \u00e9t\u00e9 install\u00e9 dans la maison. \u00ab\u00a0Tu reviendras l\u2019an prochain!\u00a0\u00bb, finissaient-ils par lui dire devant son air d\u00e9sol\u00e9.<\/p>\n<p>Le gar\u00e7on d\u00e9sesp\u00e9rait car il n\u2019y avait plus qu\u2019un pain comme nourriture \u00e0 la maison. Sa m\u00e8re \u00e9tait malade, son <a href=\"https:\/\/www.blognoel.com\/es\/personajes\/papa-noel\/\">p\u00e8re<\/a> se faisait trop vieux pour travailler et deux autres enfants esp\u00e9raient de tout c\u0153ur que leur grand fr\u00e8re reviendrait avec une bonne nouvelle.<\/p>\n<p>Empezaba a desesperarse ante la indiferencia de sus vecinos cuando llam\u00f3 a la \u00faltima casa, la de Jos, el jardinero. La puerta se abri\u00f3 y el ni\u00f1o qued\u00f3 deslumbrado por el magn\u00edfico abeto del sal\u00f3n, cubierto de todo tipo de adornos y adornado con regalos en la base. Un delicioso aroma a pavo asado flotaba en el aire.<\/p>\n<p>&quot;\u00bfQu\u00e9 quieres, peque\u00f1o?&quot;, pregunt\u00f3 Jos. &quot;Tus dos abetos dan pena&quot;. El ni\u00f1o acababa de darse cuenta de que su \u00faltima esperanza se hab\u00eda desvanecido.<\/p>\n<p>\u2014El fr\u00edo est\u00e1 entrando en mi casa \u2014continu\u00f3 el jardinero\u2014. Pase r\u00e1pido y d\u00edgame qu\u00e9 lo trae por aqu\u00ed. Era un hombre amable. Mir\u00f3 los zapatos agujereados del ni\u00f1o, que ni siquiera se atrev\u00eda a levantar la vista.<\/p>\n<p>&quot;Estoy intentando vender estos dos peque\u00f1os abetos que encontr\u00e9 al borde del camino. Es para ayudar a mi familia. Pero veo que el tuyo es mucho m\u00e1s bonito&quot;. Jos, conmovido, regres\u00f3 con un pu\u00f1ado de monedas que ofreci\u00f3 a los necesitados. Entonces, los hijos del jardinero invitaron a este joven de su edad a compartir su comida y a calentarse las manos, enrojecidas por el fr\u00edo. El ni\u00f1o prefiri\u00f3 guardar la mayor parte del contenido de su plato bien surtido para compartirlo con su familia. Al irse, el jardinero le ofreci\u00f3 unas cuantas hogazas de pan m\u00e1s.<\/p>\n<p>El ni\u00f1o, lleno de alegr\u00eda, regres\u00f3 a casa y, de camino, plant\u00f3 los dos peque\u00f1os abetos frente a la iglesia del pueblo, pensando que aquella ser\u00eda su Navidad m\u00e1s bonita.<\/p>\n<p>Pero al d\u00eda siguiente, ocurri\u00f3 un milagro: al salir de misa, los feligreses quedaron maravillados al ver los dos abetos, tan altos como el campanario, que enmarcaban la plaza de la iglesia, cubiertos de cristales de hielo que brillaban intensamente. Incluso se dec\u00eda que dos palomas hab\u00edan emergido de las vidrieras y se posaron en la copa de cada uno.<\/p>","protected":false},"excerpt":{"rendered":"<p>\u00c9rase una vez un ni\u00f1o pobre que, en Nochebuena, intent\u00f3 vender dos arbolitos de Navidad llamando a todas las puertas de su pueblo. Invariablemente, le dec\u00edan que era demasiado tarde, pues el \u00e1rbol ya estaba puesto en la casa. &quot;\u00a1Volver\u00e1s el a\u00f1o que viene!&quot;, le dijeron finalmente delante de...<\/p>","protected":false},"author":3,"featured_media":0,"comment_status":"open","ping_status":"open","sticky":false,"template":"","format":"standard","meta":{"_kad_blocks_custom_css":"","_kad_blocks_head_custom_js":"","_kad_blocks_body_custom_js":"","_kad_blocks_footer_custom_js":"","_kadence_starter_templates_imported_post":false,"_kad_post_transparent":"","_kad_post_title":"","_kad_post_layout":"","_kad_post_sidebar_id":"","_kad_post_content_style":"","_kad_post_vertical_padding":"","_kad_post_feature":"","_kad_post_feature_position":"","_kad_post_header":false,"_kad_post_footer":false,"_kad_post_classname":"","_jetpack_newsletter_access":"","_jetpack_dont_email_post_to_subs":false,"_jetpack_newsletter_tier_id":0,"_jetpack_memberships_contains_paywalled_content":false,"_jetpack_feature_clip_id":0,"_jetpack_memberships_contains_paid_content":false,"footnotes":"","jetpack_publicize_message":"","jetpack_publicize_feature_enabled":true,"jetpack_social_post_already_shared":false,"jetpack_social_options":{"image_generator_settings":{"template":"highway","default_image_id":0,"font":"","enabled":false},"version":2},"jetpack_post_was_ever_published":false},"categories":[14,11],"tags":[181,23,68,84],"class_list":["post-1101","post","type-post","status-publish","format-standard","hentry","category-fete-de-noel","category-legendes","tag-legendes-2","tag-noel","tag-sapin","tag-sapin-decore"],"views":380,"jetpack_publicize_connections":[],"taxonomy_info":{"category":[{"value":14,"label":"F\u00eate de No\u00ebl"},{"value":11,"label":"L\u00e9gendes"}],"post_tag":[{"value":181,"label":"l\u00e9gendes"},{"value":23,"label":"no\u00ebl"},{"value":68,"label":"sapin"},{"value":84,"label":"sapin d\u00e9cor\u00e9"}]},"featured_image_src_large":false,"author_info":{"display_name":"plumelle","author_link":"https:\/\/www.blognoel.com\/es\/author\/plumelle\/"},"comment_info":0,"category_info":[{"term_id":14,"name":"F\u00eate de No\u00ebl","slug":"fete-de-noel","term_group":0,"term_taxonomy_id":14,"taxonomy":"category","description":"","parent":0,"count":194,"filter":"raw","cat_ID":14,"category_count":194,"category_description":"","cat_name":"F\u00eate de No\u00ebl","category_nicename":"fete-de-noel","category_parent":0},{"term_id":11,"name":"L\u00e9gendes","slug":"legendes","term_group":0,"term_taxonomy_id":11,"taxonomy":"category","description":"","parent":9,"count":18,"filter":"raw","cat_ID":11,"category_count":18,"category_description":"","cat_name":"L\u00e9gendes","category_nicename":"legendes","category_parent":9}],"tag_info":[{"term_id":181,"name":"l\u00e9gendes","slug":"legendes-2","term_group":0,"term_taxonomy_id":181,"taxonomy":"post_tag","description":"","parent":0,"count":14,"filter":"raw"},{"term_id":23,"name":"no\u00ebl","slug":"noel","term_group":0,"term_taxonomy_id":23,"taxonomy":"post_tag","description":"","parent":0,"count":146,"filter":"raw"},{"term_id":68,"name":"sapin","slug":"sapin","term_group":0,"term_taxonomy_id":68,"taxonomy":"post_tag","description":"","parent":0,"count":29,"filter":"raw"},{"term_id":84,"name":"sapin d\u00e9cor\u00e9","slug":"sapin-decore","term_group":0,"term_taxonomy_id":84,"taxonomy":"post_tag","description":"","parent":0,"count":9,"filter":"raw"}],"jetpack_sharing_enabled":true,"jetpack_featured_media_url":"","_links":{"self":[{"href":"https:\/\/www.blognoel.com\/es\/wp-json\/wp\/v2\/posts\/1101","targetHints":{"allow":["GET"]}}],"collection":[{"href":"https:\/\/www.blognoel.com\/es\/wp-json\/wp\/v2\/posts"}],"about":[{"href":"https:\/\/www.blognoel.com\/es\/wp-json\/wp\/v2\/types\/post"}],"author":[{"embeddable":true,"href":"https:\/\/www.blognoel.com\/es\/wp-json\/wp\/v2\/users\/3"}],"replies":[{"embeddable":true,"href":"https:\/\/www.blognoel.com\/es\/wp-json\/wp\/v2\/comments?post=1101"}],"version-history":[{"count":2,"href":"https:\/\/www.blognoel.com\/es\/wp-json\/wp\/v2\/posts\/1101\/revisions"}],"predecessor-version":[{"id":1104,"href":"https:\/\/www.blognoel.com\/es\/wp-json\/wp\/v2\/posts\/1101\/revisions\/1104"}],"wp:attachment":[{"href":"https:\/\/www.blognoel.com\/es\/wp-json\/wp\/v2\/media?parent=1101"}],"wp:term":[{"taxonomy":"category","embeddable":true,"href":"https:\/\/www.blognoel.com\/es\/wp-json\/wp\/v2\/categories?post=1101"},{"taxonomy":"post_tag","embeddable":true,"href":"https:\/\/www.blognoel.com\/es\/wp-json\/wp\/v2\/tags?post=1101"}],"curies":[{"name":"wp","href":"https:\/\/api.w.org\/{rel}","templated":true}]}}