{"id":5069,"date":"2025-11-13T20:52:37","date_gmt":"2025-11-13T19:52:37","guid":{"rendered":"https:\/\/www.blognoel.com\/?p=5069"},"modified":"2025-11-13T20:52:42","modified_gmt":"2025-11-13T19:52:42","slug":"illuminations-de-noel-a-paris-2025-lea-seydoux-marraine","status":"publish","type":"post","link":"https:\/\/www.blognoel.com\/en\/5069\/illuminations-de-noel-a-paris-2025-lea-seydoux-marraine\/","title":{"rendered":"Illuminations de No\u00ebl \u00e0 Paris 2025 : L\u00e9a Seydoux Marraine"},"content":{"rendered":"<h2 class=\"wp-block-heading\">L&rsquo;actrice fran\u00e7aise lancera officiellement les festivit\u00e9s le 16 novembre dans un spectacle f\u00e9erique<\/h2>\n\n\n\n<p class=\"wp-block-paragraph\"><strong>PARIS<\/strong> \u2013 La plus belle avenue du <a href=\"https:\/\/www.blognoel.com\/en\/christmas-party-world-tour\/\">monde<\/a> s&rsquo;appr\u00eate \u00e0 rev\u00eatir ses habits de lumi\u00e8re pour les f\u00eates de fin d&rsquo;ann\u00e9e. Ce samedi 16 novembre 2025 \u00e0 18h30, l&rsquo;actrice L\u00e9a Seydoux aura l&rsquo;honneur d&rsquo;allumer les c\u00e9l\u00e8bres illuminations de <a href=\"https:\/\/www.blognoel.com\/en\/\">Christmas<\/a> des Champs-\u00c9lys\u00e9es, perp\u00e9tuant ainsi une tradition parisienne qui enchante petits et grands depuis plus de quatre d\u00e9cennies.<\/p>\n\n\n\n<h2 class=\"wp-block-heading\">L\u00e9a Seydoux : Une Marraine Prestigieuse pour un \u00c9v\u00e9nement Iconique<\/h2>\n\n\n\n<h3 class=\"wp-block-heading\">Le Choix d&rsquo;une Ic\u00f4ne du Cin\u00e9ma Fran\u00e7ais<\/h3>\n\n\n\n<p class=\"wp-block-paragraph\">Le Comit\u00e9 Champs-\u00c9lys\u00e9es a annonc\u00e9 mercredi la d\u00e9signation de L\u00e9a Seydoux comme marraine des illuminations 2025. L&rsquo;actrice fran\u00e7aise, connue mondialement pour ses r\u00f4les dans les films James Bond et sa collaboration avec des r\u00e9alisateurs prestigieux, incarnera cette ann\u00e9e l&rsquo;esprit festif de la capitale.<\/p>\n\n\n\n<p class=\"wp-block-paragraph\">R\u00e9v\u00e9l\u00e9e au grand public dans des productions internationales et r\u00e9guli\u00e8rement salu\u00e9e par la critique lors du Festival de Cannes, Seydoux repr\u00e9sente l&rsquo;excellence du cin\u00e9ma fran\u00e7ais \u00e0 l&rsquo;international. Son choix comme ambassadrice de cet \u00e9v\u00e9nement populaire illustre le mariage entre tradition parisienne et rayonnement culturel contemporain.<\/p>\n\n\n\n<h3 class=\"wp-block-heading\">Une C\u00e9r\u00e9monie Solidaire et \u00c9mouvante<\/h3>\n\n\n\n<p class=\"wp-block-paragraph\">La c\u00e9r\u00e9monie d&rsquo;allumage ne sera pas seulement un spectacle lumineux. L\u00e9a Seydoux sera accompagn\u00e9e lors de cette soir\u00e9e inaugurale par deux enfants de l&rsquo;Association Petits Princes, organisme qui \u0153uvre pour r\u00e9aliser les r\u00eaves d&rsquo;enfants gravement malades.<\/p>\n\n\n\n<p class=\"wp-block-paragraph\">Cette dimension caritative apporte une profondeur particuli\u00e8re \u00e0 l&rsquo;\u00e9v\u00e9nement, rappelant que la magie de No\u00ebl r\u00e9side aussi dans le partage et la g\u00e9n\u00e9rosit\u00e9. La pr\u00e9sence de ces jeunes invit\u00e9s d&rsquo;honneur donnera une r\u00e9sonance \u00e9motionnelle forte \u00e0 ce moment festif.<\/p>\n\n\n\n<h2 class=\"wp-block-heading\">Un Spectacle Entre Tradition et Innovation<\/h2>\n\n\n\n<h3 class=\"wp-block-heading\">La Vision Artistique 2025<\/h3>\n\n\n\n<p class=\"wp-block-paragraph\">Marc-Antoine Jamet, pr\u00e9sident du Comit\u00e9 Champs-\u00c9lys\u00e9es, a d\u00e9voil\u00e9 l&rsquo;esprit de cette nouvelle \u00e9dition : un subtil \u00e9quilibre entre tradition et innovation, modernit\u00e9 et classicisme. Cette philosophie se traduit par un spectacle qui respecte l&rsquo;h\u00e9ritage tout en embrassant les codes esth\u00e9tiques contemporains.<\/p>\n\n\n\n<p class=\"wp-block-paragraph\">Le concepteur Thierry Reboul a imagin\u00e9 la sc\u00e9nographie globale de l&rsquo;\u00e9v\u00e9nement, tandis que Thomas Dechandon s&rsquo;est charg\u00e9 de la mise en lumi\u00e8re. Leur collaboration promet un spectacle visuel d&rsquo;une rare qualit\u00e9, pens\u00e9 pour \u00e9merveiller les spectateurs pr\u00e9sents comme ceux qui suivront l&rsquo;\u00e9v\u00e9nement \u00e0 distance.<\/p>\n\n\n\n<h3 class=\"wp-block-heading\">Une Grande Nouveaut\u00e9 : La Tour Eiffel Entre Dans la Danse<\/h3>\n\n\n\n<p class=\"wp-block-paragraph\">L&rsquo;\u00e9dition 2025 r\u00e9serve une surprise spectaculaire aux Parisiens et aux touristes : pour la premi\u00e8re fois, la Tour Eiffel participera \u00e0 la c\u00e9r\u00e9monie d&rsquo;inauguration. Durant cinq minutes exceptionnelles, la Dame de Fer scintillera en r\u00e9ponse aux illuminations des Champs-\u00c9lys\u00e9es, cr\u00e9ant un dialogue lumineux entre deux symboles iconiques de la capitale.<\/p>\n\n\n\n<p class=\"wp-block-paragraph\">Cette synchronisation in\u00e9dite entre les deux monuments les plus c\u00e9l\u00e8bres de Paris promet un moment magique et photog\u00e9nique, amplifiant encore davantage l&rsquo;envergure de l&rsquo;\u00e9v\u00e9nement et offrant aux spectateurs un spectacle total.<\/p>\n\n\n\n<figure class=\"wp-block-embed is-type-video is-provider-youtube wp-block-embed-youtube wp-embed-aspect-16-9 wp-has-aspect-ratio\"><div class=\"wp-block-embed__wrapper\">\n<iframe title=\"Champs-\u00c9lys\u00e9es Illuminations 2025: L\u00e9a Seydoux, Charlotte Cardin to light up Paris\" width=\"720\" height=\"405\" data-src=\"https:\/\/www.youtube.com\/embed\/DQgGkazKcWs?feature=oembed\" frameborder=\"0\" allow=\"accelerometer; autoplay; clipboard-write; encrypted-media; gyroscope; picture-in-picture; web-share\" referrerpolicy=\"strict-origin-when-cross-origin\" allowfullscreen src=\"data:image\/svg+xml;base64,PHN2ZyB3aWR0aD0iMSIgaGVpZ2h0PSIxIiB4bWxucz0iaHR0cDovL3d3dy53My5vcmcvMjAwMC9zdmciPjwvc3ZnPg==\" class=\"lazyload\" data-load-mode=\"1\"><\/iframe>\n<\/div><figcaption class=\"wp-element-caption\">Pr\u00e9sentation du programme pour No\u00ebl 2025 \u00e0 Paris champs Elys\u00e9e tour Eiffel<\/figcaption><\/figure>\n\n\n\n<h2 class=\"wp-block-heading\">Charlotte Cardin : La Touche Musicale Qu\u00e9b\u00e9coise<\/h2>\n\n\n\n<h3 class=\"wp-block-heading\">Une Artiste Internationale pour Animer la Soir\u00e9e<\/h3>\n\n\n\n<p class=\"wp-block-paragraph\">La dimension musicale de la c\u00e9r\u00e9monie sera assur\u00e9e par Charlotte Cardin, chanteuse qu\u00e9b\u00e9coise dont la notori\u00e9t\u00e9 internationale ne cesse de cro\u00eetre. L&rsquo;artiste, connue pour son univers pop sophistiqu\u00e9 et sa voix envo\u00fbtante, apportera une dimension contemporaine et internationale \u00e0 cet \u00e9v\u00e9nement ancr\u00e9 dans la tradition parisienne.<\/p>\n\n\n\n<h3 class=\"wp-block-heading\">\u00ab\u00a0Tant pis pour elle\u00a0\u00bb : Le Titre Phare de la Soir\u00e9e<\/h3>\n\n\n\n<p class=\"wp-block-paragraph\">Charlotte Cardin interpr\u00e9tera notamment son titre \u00ab\u00a0Tant pis pour elle\u00a0\u00bb, offrant ainsi une bande-son moderne \u00e0 l&rsquo;allumage des illuminations. Ce choix musical illustre la volont\u00e9 des organisateurs de s\u00e9duire un public transg\u00e9n\u00e9rationnel et international, tout en conservant l&rsquo;\u00e9l\u00e9gance associ\u00e9e aux Champs-\u00c9lys\u00e9es.<\/p>\n\n\n\n<h2 class=\"wp-block-heading\">Une Technologie d&rsquo;Excellence au Service de la F\u00e9erie<\/h2>\n\n\n\n<h3 class=\"wp-block-heading\">Blach\u00e8re Illuminations : Le Savoir-Faire Fran\u00e7ais<\/h3>\n\n\n\n<p class=\"wp-block-paragraph\">Comme lors des \u00e9ditions pr\u00e9c\u00e9dentes, la r\u00e9alisation technique des illuminations a \u00e9t\u00e9 confi\u00e9e \u00e0 Blach\u00e8re Illuminations, entreprise fran\u00e7aise reconnue mondialement pour son expertise en d\u00e9coration lumineuse \u00e9v\u00e9nementielle. Cette soci\u00e9t\u00e9 ard\u00e9choise, devenue leader du secteur, apporte sa technologie de pointe pour cr\u00e9er un spectacle lumineux d&rsquo;exception.<\/p>\n\n\n\n<h3 class=\"wp-block-heading\">400 Arbres Illumin\u00e9s sur la Plus Belle Avenue du Monde<\/h3>\n\n\n\n<p class=\"wp-block-paragraph\">Du 16 novembre 2025 au 4 janvier 2026, 400 arbres bordant les Champs-\u00c9lys\u00e9es seront par\u00e9s de guirlandes lumineuses, transformant l&rsquo;avenue en un corridor f\u00e9erique long de pr\u00e8s de deux kilom\u00e8tres. Cette densit\u00e9 de d\u00e9coration cr\u00e9e une atmosph\u00e8re unique et immersive qui fait la r\u00e9putation internationale de l&rsquo;\u00e9v\u00e9nement.<\/p>\n\n\n\n<p class=\"wp-block-paragraph\">Chaque soir, d\u00e8s 17 heures et jusqu&rsquo;\u00e0 minuit (1 heure du matin les vendredis et samedis), ces illuminations offriront un spectacle gratuit accessible \u00e0 tous, habitants comme visiteurs. Cette accessibilit\u00e9 fait des Champs-\u00c9lys\u00e9es un lieu de rassemblement populaire durant toute la p\u00e9riode des f\u00eates.<\/p>\n\n\n\n<h2 class=\"wp-block-heading\">Un Engagement \u00c9cologique et Responsable<\/h2>\n\n\n\n<h3 class=\"wp-block-heading\">Une Consommation Ma\u00eetris\u00e9e Gr\u00e2ce aux LED<\/h3>\n\n\n\n<p class=\"wp-block-paragraph\">Conscient des enjeux environnementaux, le Comit\u00e9 Champs-\u00c9lys\u00e9es communique de mani\u00e8re transparente sur la consommation \u00e9nerg\u00e9tique de l&rsquo;\u00e9v\u00e9nement. Selon Marc-Antoine Jamet, les illuminations correspondent \u00e0 la consommation \u00e9lectrique annuelle de seulement deux foyers fran\u00e7ais moyens.<\/p>\n\n\n\n<p class=\"wp-block-paragraph\">Cette performance remarquable est rendue possible par l&rsquo;utilisation g\u00e9n\u00e9ralis\u00e9e de guirlandes LED, technologie qui a permis de r\u00e9duire consid\u00e9rablement l&#8217;empreinte \u00e9nerg\u00e9tique de l&rsquo;\u00e9v\u00e9nement au fil des ann\u00e9es. Les LED consomment jusqu&rsquo;\u00e0 90% d&rsquo;\u00e9nergie en moins que les ampoules traditionnelles tout en offrant une qualit\u00e9 lumineuse sup\u00e9rieure.<\/p>\n\n\n\n<h3 class=\"wp-block-heading\">Une Tradition Modernis\u00e9e et Durable<\/h3>\n\n\n\n<p class=\"wp-block-paragraph\">Depuis le passage aux LED, les organisateurs ont r\u00e9ussi le pari de maintenir le caract\u00e8re spectaculaire des illuminations tout en diminuant significativement leur impact environnemental. Cette d\u00e9marche d\u00e9montre qu&rsquo;\u00e9v\u00e9nementiel populaire et responsabilit\u00e9 \u00e9cologique peuvent coexister harmonieusement.<\/p>\n\n\n\n<h2 class=\"wp-block-heading\">Une Tradition Parisienne Depuis 1980<\/h2>\n\n\n\n<h3 class=\"wp-block-heading\">45 Ans de F\u00e9erie sur les Champs-\u00c9lys\u00e9es<\/h3>\n\n\n\n<p class=\"wp-block-paragraph\">L&rsquo;allumage des illuminations de No\u00ebl sur les Champs-\u00c9lys\u00e9es est devenu, depuis 1980, l&rsquo;un des rituels incontournables du calendrier parisien. Cette tradition, qui marque officiellement le d\u00e9but de la p\u00e9riode des f\u00eates dans la capitale, attire chaque ann\u00e9e des dizaines de milliers de spectateurs et fait l&rsquo;objet d&rsquo;une couverture m\u00e9diatique internationale.<\/p>\n\n\n\n<p class=\"wp-block-paragraph\">Au fil des d\u00e9cennies, l&rsquo;\u00e9v\u00e9nement a su \u00e9voluer tout en conservant son essence : cr\u00e9er un moment de magie collective et gratuit au c\u0153ur de Paris, accessible \u00e0 tous sans distinction sociale ou g\u00e9ographique.<\/p>\n\n\n\n<h3 class=\"wp-block-heading\">Des Marraines et Parrains Prestigieux<\/h3>\n\n\n\n<p class=\"wp-block-paragraph\">Chaque ann\u00e9e, une personnalit\u00e9 est choisie pour donner le coup d&rsquo;envoi des illuminations. Des acteurs, chanteurs, sportifs ou personnalit\u00e9s m\u00e9diatiques se sont succ\u00e9d\u00e9, apportant leur notori\u00e9t\u00e9 pour amplifier le rayonnement de l&rsquo;\u00e9v\u00e9nement. Le choix de L\u00e9a Seydoux en 2025 s&rsquo;inscrit dans cette lign\u00e9e de marraines et parrains d&rsquo;exception.<\/p>\n\n\n\n<h2 class=\"wp-block-heading\">D\u00e9passer les 150 000 Spectateurs<\/h2>\n\n\n\n<h3 class=\"wp-block-heading\">Un Succ\u00e8s Croissant d&rsquo;Ann\u00e9e en Ann\u00e9e<\/h3>\n\n\n\n<p class=\"wp-block-paragraph\">L&rsquo;\u00e9dition 2024 avait franchi la barre symbolique des 150 000 spectateurs, confirmant l&rsquo;attractivit\u00e9 intemporelle de cet \u00e9v\u00e9nement. Pour 2025, Marc-Antoine Jamet affiche une ambition claire : d\u00e9passer ce record et confirmer le statut des Champs-\u00c9lys\u00e9es comme destination incontournable de fin d&rsquo;ann\u00e9e.<\/p>\n\n\n\n<h3 class=\"wp-block-heading\">Le Pouvoir Amplificateur des M\u00e9dias et R\u00e9seaux Sociaux<\/h3>\n\n\n\n<p class=\"wp-block-paragraph\">Pour atteindre cet objectif ambitieux, les organisateurs misent sur la couverture t\u00e9l\u00e9visuelle et l&rsquo;impact des r\u00e9seaux sociaux. L&rsquo;\u00e9v\u00e9nement sera diffus\u00e9 en direct sur plusieurs cha\u00eenes fran\u00e7aises et internationales, tandis que les spectateurs pr\u00e9sents partageront instantan\u00e9ment leur exp\u00e9rience sur Instagram, TikTok, Facebook et autres plateformes.<\/p>\n\n\n\n<p class=\"wp-block-paragraph\">Cette strat\u00e9gie digitale permet de d\u00e9multiplier l&rsquo;audience au-del\u00e0 des personnes physiquement pr\u00e9sentes, faisant rayonner l&rsquo;image de Paris et de la France dans le monde entier. Les hashtags d\u00e9di\u00e9s g\u00e9n\u00e8rent chaque ann\u00e9e des millions d&rsquo;impressions, transformant l&rsquo;\u00e9v\u00e9nement local en ph\u00e9nom\u00e8ne viral global.<\/p>\n\n\n\n<h2 class=\"wp-block-heading\">Informations Pratiques pour Profiter du Spectacle<\/h2>\n\n\n\n<h3 class=\"wp-block-heading\">Date et Horaire de la C\u00e9r\u00e9monie d&rsquo;Inauguration<\/h3>\n\n\n\n<p class=\"wp-block-paragraph\"><strong>Samedi 16 novembre 2025 \u00e0 18h30<\/strong> Rendez-vous sur les Champs-\u00c9lys\u00e9es pour assister \u00e0 la c\u00e9r\u00e9monie d&rsquo;allumage en pr\u00e9sence de L\u00e9a Seydoux et du spectacle musical de Charlotte Cardin.<\/p>\n\n\n\n<h3 class=\"wp-block-heading\">P\u00e9riode des Illuminations<\/h3>\n\n\n\n<p class=\"wp-block-paragraph\"><strong>Du 16 novembre 2025 au 4 janvier 2026<\/strong><\/p>\n\n\n\n<ul class=\"wp-block-list\">\n<li>Allumage quotidien \u00e0 partir de 17h<\/li>\n\n\n\n<li>Extinction \u00e0 minuit en semaine<\/li>\n\n\n\n<li>Extinction \u00e0 1h du matin les vendredis et samedis<\/li>\n<\/ul>\n\n\n\n<h3 class=\"wp-block-heading\">Comment S&rsquo;y Rendre<\/h3>\n\n\n\n<p class=\"wp-block-paragraph\"><strong>En m\u00e9tro :<\/strong><\/p>\n\n\n\n<ul class=\"wp-block-list\">\n<li>Lignes 1, 2, 6, 9, 13 (stations George V, Charles de Gaulle &#8211; \u00c9toile, Franklin D. Roosevelt)<\/li>\n<\/ul>\n\n\n\n<p class=\"wp-block-paragraph\"><strong>En RER :<\/strong><\/p>\n\n\n\n<ul class=\"wp-block-list\">\n<li>RER A (Charles de Gaulle &#8211; \u00c9toile)<\/li>\n<\/ul>\n\n\n\n<p class=\"wp-block-paragraph\"><strong>En bus :<\/strong><\/p>\n\n\n\n<ul class=\"wp-block-list\">\n<li>Nombreuses lignes desservant les Champs-\u00c9lys\u00e9es (lignes 22, 28, 30, 31, 32, 42, 52, 73, 80, 83, 92)<\/li>\n<\/ul>\n\n\n\n<h3 class=\"wp-block-heading\">Conseils pour Profiter Pleinement de l&rsquo;\u00c9v\u00e9nement<\/h3>\n\n\n\n<p class=\"wp-block-paragraph\"><strong>Pour la c\u00e9r\u00e9monie d&rsquo;inauguration :<\/strong><\/p>\n\n\n\n<ul class=\"wp-block-list\">\n<li>Arrivez t\u00f4t (avant 17h30) pour trouver une bonne place<\/li>\n\n\n\n<li>Privil\u00e9giez les stations de m\u00e9tro Franklin D. Roosevelt ou George V, moins encombr\u00e9es que l&rsquo;\u00c9toile<\/li>\n\n\n\n<li>Habillez-vous chaudement, les temp\u00e9ratures de novembre peuvent \u00eatre fra\u00eeches<\/li>\n\n\n\n<li>Pr\u00e9voyez batterie externe et espace de stockage pour immortaliser le spectacle<\/li>\n<\/ul>\n\n\n\n<p class=\"wp-block-paragraph\"><strong>Pour les illuminations quotidiennes :<\/strong><\/p>\n\n\n\n<ul class=\"wp-block-list\">\n<li>Les meilleurs points de vue se situent entre le Rond-Point et la place de la Concorde<\/li>\n\n\n\n<li>Les weekends sont plus fr\u00e9quent\u00e9s : pr\u00e9f\u00e9rez les soir\u00e9es en semaine pour plus de tranquillit\u00e9<\/li>\n\n\n\n<li>Le spectacle est encore plus magique sous la neige ou par temps l\u00e9g\u00e8rement brumeux<\/li>\n\n\n\n<li>N&rsquo;oubliez pas de lever les yeux pour admirer les d\u00e9corations suspendues<\/li>\n<\/ul>\n\n\n\n<h2 class=\"wp-block-heading\">L&rsquo;Impact \u00c9conomique et Touristique de l&rsquo;\u00c9v\u00e9nement<\/h2>\n\n\n\n<h3 class=\"wp-block-heading\">Un Levier pour le Commerce Local<\/h3>\n\n\n\n<p class=\"wp-block-paragraph\">Les illuminations de No\u00ebl sur les Champs-\u00c9lys\u00e9es repr\u00e9sentent bien plus qu&rsquo;un simple spectacle : elles constituent un moteur \u00e9conomique majeur pour les commerces, restaurants, h\u00f4tels et th\u00e9\u00e2tres du quartier. Durant toute la p\u00e9riode des f\u00eates, l&rsquo;affluence g\u00e9n\u00e9r\u00e9e par les illuminations se traduit par une augmentation significative de l&rsquo;activit\u00e9 commerciale.<\/p>\n\n\n\n<p class=\"wp-block-paragraph\">Les boutiques de luxe qui bordent l&rsquo;avenue, les restaurants et caf\u00e9s, mais aussi les commerces des rues adjacentes b\u00e9n\u00e9ficient de cette attractivit\u00e9 accrue. Pour beaucoup d&rsquo;\u00e9tablissements, la p\u00e9riode novembre-janvier repr\u00e9sente jusqu&rsquo;\u00e0 30% du chiffre d&rsquo;affaires annuel.<\/p>\n\n\n\n<h3 class=\"wp-block-heading\">Un Atout pour le Tourisme Parisien<\/h3>\n\n\n\n<p class=\"wp-block-paragraph\">Paris demeure la premi\u00e8re destination touristique mondiale, et les illuminations des Champs-\u00c9lys\u00e9es constituent l&rsquo;un des arguments de visite majeurs durant la p\u00e9riode hivernale. De nombreux tour-op\u00e9rateurs internationaux incluent d\u00e9sormais l&rsquo;\u00e9v\u00e9nement dans leurs forfaits \u00ab\u00a0Paris en f\u00eates\u00a0\u00bb, contribuant \u00e0 maintenir l&rsquo;attractivit\u00e9 de la capitale m\u00eame en basse saison touristique.<\/p>\n\n\n\n<p class=\"wp-block-paragraph\">Les retomb\u00e9es m\u00e9diatiques internationales valorisent l&rsquo;image de marque de Paris et de la France, avec une \u00e9quivalent publicitaire estim\u00e9 \u00e0 plusieurs millions d&rsquo;euros. Chaque image partag\u00e9e sur les r\u00e9seaux sociaux devient une carte postale virtuelle incitant de futurs visiteurs \u00e0 d\u00e9couvrir la Ville Lumi\u00e8re.<\/p>\n\n\n\n<h2 class=\"wp-block-heading\">Les Autres Illuminations de No\u00ebl \u00e0 Paris<\/h2>\n\n\n\n<h3 class=\"wp-block-heading\">Un \u00c9v\u00e9nement Parmi Une Constellation Lumineuse<\/h3>\n\n\n\n<p class=\"wp-block-paragraph\">Si les Champs-\u00c9lys\u00e9es constituent l&rsquo;\u00e9picentre des illuminations parisiennes, d&rsquo;autres quartiers et monuments participent \u00e0 la f\u00e9erie de No\u00ebl :<\/p>\n\n\n\n<p class=\"wp-block-paragraph\"><strong>Les Grands Magasins du Boulevard Haussmann<\/strong><\/p>\n\n\n\n<ul class=\"wp-block-list\">\n<li>Galeries Lafayette et Printemps Haussmann d\u00e9voilent leurs vitrines anim\u00e9es spectaculaires<\/li>\n\n\n\n<li>Leurs fa\u00e7ades illumin\u00e9es attirent des millions de visiteurs chaque ann\u00e9e<\/li>\n<\/ul>\n\n\n\n<p class=\"wp-block-paragraph\"><strong>Le Marais et Ses Rues Commer\u00e7antes<\/strong><\/p>\n\n\n\n<ul class=\"wp-block-list\">\n<li>D\u00e9coration plus intimiste mais tout aussi charmante<\/li>\n\n\n\n<li>Esprit de village au c\u0153ur de Paris<\/li>\n<\/ul>\n\n\n\n<p class=\"wp-block-paragraph\"><strong>Montmartre et la Place du Tertre<\/strong><\/p>\n\n\n\n<ul class=\"wp-block-list\">\n<li>Ambiance boh\u00e8me et authentique<\/li>\n\n\n\n<li>Illuminations respectant le caract\u00e8re historique du quartier<\/li>\n<\/ul>\n\n\n\n<p class=\"wp-block-paragraph\"><strong>La Tour Eiffel<\/strong><\/p>\n\n\n\n<ul class=\"wp-block-list\">\n<li>Scintillement quotidien toutes les heures apr\u00e8s la tomb\u00e9e de la nuit<\/li>\n\n\n\n<li>En 2025, participation exceptionnelle \u00e0 la c\u00e9r\u00e9monie des Champs-\u00c9lys\u00e9es<\/li>\n<\/ul>\n\n\n\n<p class=\"wp-block-paragraph\"><strong>Les Berges de Seine<\/strong><\/p>\n\n\n\n<ul class=\"wp-block-list\">\n<li>Guirlandes lumineuses le long des quais<\/li>\n\n\n\n<li>Ambiance romantique pris\u00e9e des couples<\/li>\n<\/ul>\n\n\n\n<h3 class=\"wp-block-heading\">Parcours Sugg\u00e9r\u00e9 : Une Soir\u00e9e Lumineuse \u00e0 Paris<\/h3>\n\n\n\n<p class=\"wp-block-paragraph\">Pour une exp\u00e9rience compl\u00e8te des illuminations parisiennes, voici un itin\u00e9raire recommand\u00e9 :<\/p>\n\n\n\n<ol class=\"wp-block-list\">\n<li><strong>18h00<\/strong> : Arriv\u00e9e sur les Champs-\u00c9lys\u00e9es pour la c\u00e9r\u00e9monie d&rsquo;inauguration<\/li>\n\n\n\n<li><strong>19h30<\/strong> : Descente des Champs-\u00c9lys\u00e9es jusqu&rsquo;\u00e0 la Concorde<\/li>\n\n\n\n<li><strong>20h00<\/strong> : Travers\u00e9e des Tuileries illumin\u00e9es<\/li>\n\n\n\n<li><strong>20h30<\/strong> : D\u00e9couverte des vitrines du Louvre des Antiquaires et Palais Royal<\/li>\n\n\n\n<li><strong>21h00<\/strong> : Direction le Boulevard Haussmann via l&rsquo;Op\u00e9ra Garnier<\/li>\n\n\n\n<li><strong>22h00<\/strong> : \u00c9merveillement devant les vitrines des Galeries Lafayette<\/li>\n\n\n\n<li><strong>23h00<\/strong> : Retour vers la Tour Eiffel pour le scintillement de minuit<\/li>\n<\/ol>\n\n\n\n<h2 class=\"wp-block-heading\">T\u00e9moignages et R\u00e9actions<\/h2>\n\n\n\n<h3 class=\"wp-block-heading\">Les Parisiens Entre Tradition et Fiert\u00e9<\/h3>\n\n\n\n<p class=\"wp-block-paragraph\">Pour de nombreux Parisiens, l&rsquo;allumage des illuminations marque un rendez-vous annuel immanquable. \u00ab\u00a0C&rsquo;est devenu une tradition familiale\u00a0\u00bb, confie Marie, habitante du 8\u00e8me arrondissement. \u00ab\u00a0Chaque ann\u00e9e, nous emmenons nos enfants voir les illuminations. C&rsquo;est magique de voir leurs yeux briller devant ce spectacle.\u00a0\u00bb<\/p>\n\n\n\n<p class=\"wp-block-paragraph\">D&rsquo;autres appr\u00e9cient la dimension universelle de l&rsquo;\u00e9v\u00e9nement : \u00ab\u00a0Paris devient encore plus belle durant cette p\u00e9riode. Les illuminations cr\u00e9ent une atmosph\u00e8re f\u00e9erique qui nous fait oublier le quotidien\u00a0\u00bb, t\u00e9moigne Laurent, commer\u00e7ant sur l&rsquo;avenue.<\/p>\n\n\n\n<h3 class=\"wp-block-heading\">L&rsquo;\u00c9merveillement des Touristes<\/h3>\n\n\n\n<p class=\"wp-block-paragraph\">Les visiteurs \u00e9trangers expriment r\u00e9guli\u00e8rement leur enchantement face aux illuminations des Champs-\u00c9lys\u00e9es. Sur les r\u00e9seaux sociaux et les sites d&rsquo;avis touristiques, les commentaires enthousiastes se multiplient chaque ann\u00e9e.<\/p>\n\n\n\n<p class=\"wp-block-paragraph\">\u00ab\u00a0C&rsquo;est un spectacle inoubliable. Nous venions de Tokyo sp\u00e9cialement pour voir les illuminations, et nous n&rsquo;avons pas \u00e9t\u00e9 d\u00e9\u00e7us\u00a0\u00bb, raconte Yuki, visiteuse japonaise en 2024. \u00ab\u00a0L&rsquo;ambiance est magique, les Fran\u00e7ais savent cr\u00e9er de la magie pour No\u00ebl.\u00a0\u00bb<\/p>\n\n\n\n<h2 class=\"wp-block-heading\">L&rsquo;Histoire M\u00e9connue des Illuminations Parisiennes<\/h2>\n\n\n\n<h3 class=\"wp-block-heading\">Des Origines Modestes \u00e0 un \u00c9v\u00e9nement Mondial<\/h3>\n\n\n\n<p class=\"wp-block-paragraph\">Avant 1980, les Champs-\u00c9lys\u00e9es ne b\u00e9n\u00e9ficiaient pas d&rsquo;illuminations de No\u00ebl coordonn\u00e9es. Ce sont les commer\u00e7ants de l&rsquo;avenue qui, souhaitant dynamiser leur activit\u00e9 durant la p\u00e9riode des f\u00eates, ont initi\u00e9 cette tradition devenue embl\u00e9matique.<\/p>\n\n\n\n<p class=\"wp-block-paragraph\">Les premi\u00e8res \u00e9ditions \u00e9taient relativement modestes compar\u00e9es au spectacle actuel. Quelques guirlandes simples ornaient les arbres, sans la sophistication technologique d&rsquo;aujourd&rsquo;hui. Mais l&rsquo;engouement du public a rapidement transform\u00e9 cet \u00e9v\u00e9nement commercial en rendez-vous culturel majeur.<\/p>\n\n\n\n<h3 class=\"wp-block-heading\">L&rsquo;\u00c9volution Technologique et Artistique<\/h3>\n\n\n\n<p class=\"wp-block-paragraph\">Au fil des d\u00e9cennies, les illuminations ont consid\u00e9rablement \u00e9volu\u00e9 :<\/p>\n\n\n\n<p class=\"wp-block-paragraph\"><strong>Ann\u00e9es 1980<\/strong> : Guirlandes traditionnelles \u00e0 ampoules classiques, consommation \u00e9nerg\u00e9tique importante<\/p>\n\n\n\n<p class=\"wp-block-paragraph\"><strong>Ann\u00e9es 1990<\/strong> : Introduction de th\u00e9matiques annuelles, premiers effets dynamiques<\/p>\n\n\n\n<p class=\"wp-block-paragraph\"><strong>Ann\u00e9es 2000<\/strong> : Arriv\u00e9e progressive des LED, r\u00e9duction de la consommation, effets plus sophistiqu\u00e9s<\/p>\n\n\n\n<p class=\"wp-block-paragraph\"><strong>Ann\u00e9es 2010<\/strong> : Spectacles sc\u00e9naris\u00e9s, synchronisation musicale, dimension interactive<\/p>\n\n\n\n<p class=\"wp-block-paragraph\"><strong>Ann\u00e9es 2020<\/strong> : Technologies de pointe, projection mapping, r\u00e9alit\u00e9 augment\u00e9e, engagement \u00e9cologique renforc\u00e9<\/p>\n\n\n\n<p class=\"wp-block-paragraph\">Cette \u00e9volution constante permet de renouveler l&rsquo;int\u00e9r\u00eat du public tout en respectant l&rsquo;esprit originel de l&rsquo;\u00e9v\u00e9nement : cr\u00e9er un moment de magie collective gratuit et accessible \u00e0 tous.<\/p>\n\n\n\n<h2 class=\"wp-block-heading\"> Paris S&rsquo;Illumine, Le Monde S&rsquo;\u00c9merveille<\/h2>\n\n\n\n<p class=\"wp-block-paragraph\">L&rsquo;allumage des illuminations de No\u00ebl sur les Champs-\u00c9lys\u00e9es le 16 novembre 2025 marque bien plus que le simple d\u00e9but de la p\u00e9riode des f\u00eates. C&rsquo;est un moment de communion collective, une c\u00e9l\u00e9bration de l&rsquo;art de vivre \u00e0 la fran\u00e7aise, un t\u00e9moignage du savoir-faire technologique et artistique hexagonal.<\/p>\n\n\n\n<p class=\"wp-block-paragraph\">Avec L\u00e9a Seydoux comme marraine prestigieuse, Charlotte Cardin pour la dimension musicale, et la participation in\u00e9dite de la Tour Eiffel, cette \u00e9dition 2025 s&rsquo;annonce exceptionnelle. Elle perp\u00e9tue une tradition de 45 ans tout en embrassant la modernit\u00e9 et l&rsquo;innovation.<\/p>\n\n\n\n<p class=\"wp-block-paragraph\">Pour les Parisiens, c&rsquo;est un rendez-vous annuel qui rythme les saisons et transforme leur ville. Pour les touristes du monde entier, c&rsquo;est une raison suppl\u00e9mentaire de visiter la Ville Lumi\u00e8re durant l&rsquo;hiver. Pour tous, c&rsquo;est un moment de magie partag\u00e9e qui rappelle que, m\u00eame dans un monde digital et globalis\u00e9, les traditions locales conservent leur pouvoir d&rsquo;\u00e9merveillement.<\/p>\n\n\n\n<p class=\"wp-block-paragraph\">Rendez-vous le 16 novembre \u00e0 18h30 sur les Champs-\u00c9lys\u00e9es pour assister \u00e0 ce spectacle qui fait briller Paris encore plus fort. Car quand la Ville Lumi\u00e8re s&rsquo;illumine, c&rsquo;est le monde entier qui s&rsquo;\u00e9merveille.<\/p>\n\n\n\n<hr class=\"wp-block-separator has-alpha-channel-opacity\"\/>\n\n\n\n<h2 class=\"wp-block-heading\">Informations Essentielles \u00e0 Retenir<\/h2>\n\n\n\n<h3 class=\"wp-block-heading\">Dates Cl\u00e9s<\/h3>\n\n\n\n<ul class=\"wp-block-list\">\n<li><strong>C\u00e9r\u00e9monie d&rsquo;inauguration<\/strong> : Samedi 16 novembre 2025 \u00e0 18h30<\/li>\n\n\n\n<li><strong>P\u00e9riode des illuminations<\/strong> : 16 novembre 2025 &#8211; 4 janvier 2026<\/li>\n\n\n\n<li><strong>Horaires quotidiens<\/strong> : 17h &#8211; minuit (1h les vendredis\/samedis)<\/li>\n<\/ul>\n\n\n\n<h3 class=\"wp-block-heading\">Personnalit\u00e9s Pr\u00e9sentes<\/h3>\n\n\n\n<ul class=\"wp-block-list\">\n<li><strong>Marraine<\/strong> : L\u00e9a Seydoux (actrice)<\/li>\n\n\n\n<li><strong>Artiste musicale<\/strong> : Charlotte Cardin (chanteuse qu\u00e9b\u00e9coise)<\/li>\n\n\n\n<li><strong>Invit\u00e9s d&rsquo;honneur<\/strong> : Enfants de l&rsquo;Association Petits Princes<\/li>\n<\/ul>\n\n\n\n<h3 class=\"wp-block-heading\">Chiffres Cl\u00e9s<\/h3>\n\n\n\n<ul class=\"wp-block-list\">\n<li><strong>400 arbres<\/strong> illumin\u00e9s sur les Champs-\u00c9lys\u00e9es<\/li>\n\n\n\n<li><strong>150 000 spectateurs<\/strong> attendus (objectif 2025)<\/li>\n\n\n\n<li><strong>2 foyers<\/strong> : \u00e9quivalent de consommation \u00e9lectrique annuelle<\/li>\n\n\n\n<li><strong>45 ans<\/strong> de tradition depuis 1980<\/li>\n<\/ul>\n\n\n\n<h3 class=\"wp-block-heading\">Nouveaut\u00e9 2025<\/h3>\n\n\n\n<p class=\"wp-block-paragraph\">La Tour Eiffel scintillera pendant <strong>5 minutes<\/strong> lors de la c\u00e9r\u00e9monie d&rsquo;inauguration en r\u00e9ponse aux Champs-\u00c9lys\u00e9es.<\/p>\n\n\n\n<hr class=\"wp-block-separator has-alpha-channel-opacity\"\/>\n\n\n\n<p class=\"wp-block-paragraph\"><strong>Suivez l&rsquo;\u00e9v\u00e9nement en direct sur les r\u00e9seaux sociaux avec #ChampsElyseesNoel #ParisIlluminations #Noel2025<\/strong><\/p>","protected":false},"excerpt":{"rendered":"<p>Le samedi 16 novembre 2025 \u00e0 18h30, l&rsquo;actrice L\u00e9a Seydoux donnera le coup d&rsquo;envoi des c\u00e9l\u00e8bres illuminations de No\u00ebl sur les Champs-\u00c9lys\u00e9es. Cette tradition parisienne, qui enchante la capitale depuis 1980, r\u00e9serve cette ann\u00e9e une surprise spectaculaire : la Tour Eiffel scintillera pendant cinq minutes en r\u00e9ponse \u00e0 la plus belle avenue du monde. Accompagn\u00e9e de la chanteuse qu\u00e9b\u00e9coise Charlotte Cardin et de deux enfants de l&rsquo;Association Petits Princes, la marraine de l&rsquo;\u00e9v\u00e9nement inaugurera 400 arbres illumin\u00e9s qui feront briller Paris jusqu&rsquo;au 4 janvier 2026.<\/p>","protected":false},"author":18,"featured_media":5070,"comment_status":"open","ping_status":"closed","sticky":false,"template":"","format":"standard","meta":{"_kad_blocks_custom_css":"","_kad_blocks_head_custom_js":"","_kad_blocks_body_custom_js":"","_kad_blocks_footer_custom_js":"","_kadence_starter_templates_imported_post":false,"_kad_post_transparent":"","_kad_post_title":"","_kad_post_layout":"","_kad_post_sidebar_id":"","_kad_post_content_style":"","_kad_post_vertical_padding":"","_kad_post_feature":"","_kad_post_feature_position":"","_kad_post_header":false,"_kad_post_footer":false,"_kad_post_classname":"","_jetpack_newsletter_access":"","_jetpack_dont_email_post_to_subs":false,"_jetpack_newsletter_tier_id":0,"_jetpack_memberships_contains_paywalled_content":false,"_jetpack_feature_clip_id":0,"_jetpack_memberships_contains_paid_content":false,"footnotes":"","jetpack_publicize_message":"","jetpack_publicize_feature_enabled":true,"jetpack_social_post_already_shared":true,"jetpack_social_options":{"image_generator_settings":{"template":"highway","default_image_id":0,"font":"","enabled":false},"version":2},"jetpack_post_was_ever_published":false},"categories":[14,8],"tags":[200,289],"class_list":["post-5069","post","type-post","status-publish","format-standard","has-post-thumbnail","hentry","category-fete-de-noel","category-a-la-une","tag-paris","tag-tour-eiffel"],"views":160,"jetpack_publicize_connections":[],"taxonomy_info":{"category":[{"value":14,"label":"F\u00eate de No\u00ebl"},{"value":8,"label":"A la Une"}],"post_tag":[{"value":200,"label":"Paris"},{"value":289,"label":"tour Eiffel"}]},"featured_image_src_large":["https:\/\/www.blognoel.com\/wp-content\/uploads\/2025\/11\/noel-paris-2024-champs-elysees.jpeg",1200,680,false],"author_info":{"display_name":"Jean","author_link":"https:\/\/www.blognoel.com\/en\/author\/bcbg12\/"},"comment_info":0,"category_info":[{"term_id":14,"name":"F\u00eate de No\u00ebl","slug":"fete-de-noel","term_group":0,"term_taxonomy_id":14,"taxonomy":"category","description":"","parent":0,"count":194,"filter":"raw","cat_ID":14,"category_count":194,"category_description":"","cat_name":"F\u00eate de No\u00ebl","category_nicename":"fete-de-noel","category_parent":0},{"term_id":8,"name":"A la Une","slug":"a-la-une","term_group":0,"term_taxonomy_id":8,"taxonomy":"category","description":"","parent":1,"count":265,"filter":"raw","cat_ID":8,"category_count":265,"category_description":"","cat_name":"A la Une","category_nicename":"a-la-une","category_parent":1}],"tag_info":[{"term_id":200,"name":"Paris","slug":"paris","term_group":0,"term_taxonomy_id":200,"taxonomy":"post_tag","description":"","parent":0,"count":3,"filter":"raw"},{"term_id":289,"name":"tour Eiffel","slug":"tour-eiffel","term_group":0,"term_taxonomy_id":289,"taxonomy":"post_tag","description":"","parent":0,"count":1,"filter":"raw"}],"jetpack_sharing_enabled":true,"jetpack_featured_media_url":"https:\/\/www.blognoel.com\/wp-content\/uploads\/2025\/11\/noel-paris-2024-champs-elysees.jpeg","_links":{"self":[{"href":"https:\/\/www.blognoel.com\/en\/wp-json\/wp\/v2\/posts\/5069","targetHints":{"allow":["GET"]}}],"collection":[{"href":"https:\/\/www.blognoel.com\/en\/wp-json\/wp\/v2\/posts"}],"about":[{"href":"https:\/\/www.blognoel.com\/en\/wp-json\/wp\/v2\/types\/post"}],"author":[{"embeddable":true,"href":"https:\/\/www.blognoel.com\/en\/wp-json\/wp\/v2\/users\/18"}],"replies":[{"embeddable":true,"href":"https:\/\/www.blognoel.com\/en\/wp-json\/wp\/v2\/comments?post=5069"}],"version-history":[{"count":1,"href":"https:\/\/www.blognoel.com\/en\/wp-json\/wp\/v2\/posts\/5069\/revisions"}],"predecessor-version":[{"id":5073,"href":"https:\/\/www.blognoel.com\/en\/wp-json\/wp\/v2\/posts\/5069\/revisions\/5073"}],"wp:featuredmedia":[{"embeddable":true,"href":"https:\/\/www.blognoel.com\/en\/wp-json\/wp\/v2\/media\/5070"}],"wp:attachment":[{"href":"https:\/\/www.blognoel.com\/en\/wp-json\/wp\/v2\/media?parent=5069"}],"wp:term":[{"taxonomy":"category","embeddable":true,"href":"https:\/\/www.blognoel.com\/en\/wp-json\/wp\/v2\/categories?post=5069"},{"taxonomy":"post_tag","embeddable":true,"href":"https:\/\/www.blognoel.com\/en\/wp-json\/wp\/v2\/tags?post=5069"}],"curies":[{"name":"wp","href":"https:\/\/api.w.org\/{rel}","templated":true}]}}