{"id":5002,"date":"2025-10-31T10:33:43","date_gmt":"2025-10-31T09:33:43","guid":{"rendered":"https:\/\/www.blognoel.com\/?p=5002"},"modified":"2025-10-31T10:33:47","modified_gmt":"2025-10-31T09:33:47","slug":"%f0%9f%8e%84-le-marche-de-noel-de-colmar-histoire-traditions-et-magie-alsacienne","status":"publish","type":"post","link":"https:\/\/www.blognoel.com\/en\/5002\/%f0%9f%8e%84-le-marche-de-noel-de-colmar-histoire-traditions-et-magie-alsacienne\/","title":{"rendered":"\ud83c\udf84 Colmar Christmas Market: History, traditions and Alsatian magic"},"content":{"rendered":"<h1 class=\"wp-block-heading\">Une f\u00e9erie au c\u0153ur de l\u2019Alsace<\/h1>\n\n\n\n<p class=\"wp-block-paragraph\">Parmi les plus beaux march\u00e9s de <a href=\"https:\/\/www.blognoel.com\/en\/\">Christmas<\/a> d\u2019Europe, celui de&nbsp;<strong>Colmar<\/strong>&nbsp;occupe une place \u00e0 part. Chaque hiver, cette cit\u00e9 m\u00e9di\u00e9vale alsacienne se transforme en un v\u00e9ritable&nbsp;<strong>conte de f\u00e9es<\/strong>, attirant des centaines de milliers de visiteurs venus du monde entier. Les ruelles pav\u00e9es s\u2019illuminent, les fa\u00e7ades \u00e0 colombages se parent de guirlandes scintillantes, et les effluves de vin chaud, de pain d\u2019\u00e9pices et de cannelle enveloppent la ville d\u2019une chaleur unique.<\/p>\n\n\n\n<p class=\"wp-block-paragraph\">Mais au-del\u00e0 de son apparente f\u00e9erie, le march\u00e9 de No\u00ebl de Colmar poss\u00e8de une&nbsp;<strong>histoire riche<\/strong>, des&nbsp;<strong>traditions s\u00e9culaires<\/strong>&nbsp;et une&nbsp;<strong>identit\u00e9 propre<\/strong>, profond\u00e9ment enracin\u00e9e dans la culture alsacienne.<\/p>\n\n\n\n<hr class=\"wp-block-separator has-alpha-channel-opacity\"\/>\n\n\n\n<h2 class=\"wp-block-heading\">Aux origines du march\u00e9 : une tradition vieille de plusieurs si\u00e8cles<\/h2>\n\n\n\n<p class=\"wp-block-paragraph\">Le premier march\u00e9 de No\u00ebl de Colmar remonte officiellement \u00e0&nbsp;<strong>1575<\/strong>, \u00e0 une \u00e9poque o\u00f9 l\u2019Alsace faisait partie du Saint-Empire romain germanique. Inspir\u00e9 des&nbsp;<strong>\u201cChristkindelsm\u00e4rik\u201d<\/strong>&nbsp;(march\u00e9s de l\u2019Enfant <a href=\"https:\/\/www.blognoel.com\/en\/characters\/jesus\/\">Jesus<\/a>) d\u2019Allemagne, il s\u2019agissait alors d\u2019un petit rassemblement artisanal destin\u00e9 \u00e0 pr\u00e9parer les f\u00eates de fin d\u2019ann\u00e9e. Les artisans locaux y vendaient des jouets en bois, des bougies, des fruits secs et des g\u00e2teaux traditionnels, destin\u00e9s \u00e0 orner la table du r\u00e9veillon.<\/p>\n\n\n\n<p class=\"wp-block-paragraph\">Apr\u00e8s avoir disparu pendant plusieurs d\u00e9cennies au XXe si\u00e8cle, le march\u00e9 fut&nbsp;<strong>r\u00e9habilit\u00e9 en 1990<\/strong>&nbsp;par la ville de Colmar dans sa forme actuelle, plus festive et touristique. Depuis, il n\u2019a cess\u00e9 de grandir, devenant l\u2019un des plus embl\u00e9matiques d\u2019Europe, aux c\u00f4t\u00e9s de ceux de Strasbourg, Vienne ou Nuremberg.<\/p>\n\n\n\n<hr class=\"wp-block-separator has-alpha-channel-opacity\"\/>\n\n\n\n<h2 class=\"wp-block-heading\">Un march\u00e9 pas comme les autres : six univers magiques<\/h2>\n\n\n\n<p class=\"wp-block-paragraph\">La particularit\u00e9 du march\u00e9 de No\u00ebl de Colmar r\u00e9side dans sa&nbsp;<strong>structure \u00e9clat\u00e9e<\/strong>&nbsp;: plut\u00f4t qu\u2019un seul espace centralis\u00e9, la ville propose&nbsp;<strong>six march\u00e9s distincts<\/strong>, chacun avec sa propre ambiance et ses sp\u00e9cialit\u00e9s.<\/p>\n\n\n\n<ol class=\"wp-block-list\">\n<li><strong>Place des Dominicains<\/strong>\u00a0: le c\u0153ur spirituel du march\u00e9, domin\u00e9 par la magnifique \u00e9glise gothique du XIVe si\u00e8cle. Les chalets en bois y vendent des objets artisanaux et des d\u00e9corations d\u2019inspiration religieuse.<\/li>\n\n\n\n<li><strong>Place de l\u2019Ancienne Douane<\/strong>\u00a0: bord\u00e9e par la pittoresque \u201cKo\u00effhus\u201d, cette place abrite le march\u00e9 le plus embl\u00e9matique, o\u00f9 se m\u00ealent gastronomie, artisanat et tradition.<\/li>\n\n\n\n<li><strong>Place Jeanne d\u2019Arc<\/strong>\u00a0: ici, l\u2019accent est mis sur les produits du terroir alsacien \u2014 foie gras, vins d\u2019Alsace, charcuteries, fromages et pains d\u2019\u00e9pices.<\/li>\n\n\n\n<li><strong>March\u00e9 des enfants (Petite Venise)<\/strong>\u00a0: un lieu f\u00e9\u00e9rique pens\u00e9 pour les plus jeunes, avec man\u00e8ges, ateliers et contes de No\u00ebl.<\/li>\n\n\n\n<li><strong>March\u00e9 des artisans<\/strong>\u00a0: install\u00e9 \u00e0 l\u2019int\u00e9rieur de l\u2019Ancienne Douane, il met \u00e0 l\u2019honneur les cr\u00e9ateurs et m\u00e9tiers d\u2019art locaux.<\/li>\n\n\n\n<li><strong>March\u00e9 gourmand<\/strong>\u00a0: plus r\u00e9cent, ce march\u00e9 de plein air propose des plats chauds \u00e0 d\u00e9guster sur place \u2014 tartes flamb\u00e9es, sp\u00e4tzle, soupes alsaciennes et vin chaud \u00e0 la cannelle.<\/li>\n<\/ol>\n\n\n\n<p class=\"wp-block-paragraph\">Chaque march\u00e9 forme une&nbsp;<strong>\u00e9tape d\u2019un parcours lumineux<\/strong>&nbsp;\u00e0 travers la vieille ville, cr\u00e9ant une exp\u00e9rience immersive o\u00f9 chaque coin de rue r\u00e9serve une surprise.<\/p>\n\n\n\n<hr class=\"wp-block-separator has-alpha-channel-opacity\"\/>\n\n\n\n<h2 class=\"wp-block-heading\">Les traditions alsaciennes au c\u0153ur de la f\u00eate<\/h2>\n\n\n\n<p class=\"wp-block-paragraph\">En Alsace, No\u00ebl n\u2019est pas qu\u2019une f\u00eate commerciale \u2014 c\u2019est une v\u00e9ritable&nbsp;<strong>tradition culturelle<\/strong>. \u00c0 Colmar, cette authenticit\u00e9 se retrouve dans la d\u00e9coration, la gastronomie et les rituels locaux.<\/p>\n\n\n\n<h3 class=\"wp-block-heading\">\ud83c\udf1f Les d\u00e9corations<\/h3>\n\n\n\n<p class=\"wp-block-paragraph\">Les habitants d\u00e9corent leurs fen\u00eatres et balcons avec un soin particulier. On y voit des&nbsp;<strong>couronnes d\u2019\u00e9pic\u00e9a<\/strong>, des&nbsp;<strong>c\u0153urs en tissu rouge<\/strong>, des&nbsp;<strong>boules artisanales<\/strong>&nbsp;et des&nbsp;<strong>petits personnages en pain d\u2019\u00e9pices<\/strong>. Chaque fa\u00e7ade devient une \u0153uvre d\u2019art \u00e9ph\u00e9m\u00e8re, contribuant \u00e0 l\u2019atmosph\u00e8re f\u00e9erique de la ville.<\/p>\n\n\n\n<h3 class=\"wp-block-heading\">\ud83c\udf77 Le vin chaud et les saveurs d\u2019hiver<\/h3>\n\n\n\n<p class=\"wp-block-paragraph\">Impossible d\u2019\u00e9voquer Colmar sans parler du&nbsp;<strong>vin chaud<\/strong>&nbsp;parfum\u00e9 \u00e0 la cannelle et aux agrumes. Servi dans de petits gobelets sigl\u00e9s, il accompagne \u00e0 merveille les&nbsp;<strong>bredeles<\/strong>&nbsp;\u2014 biscuits de No\u00ebl aux formes vari\u00e9es \u2014 et le c\u00e9l\u00e8bre&nbsp;<strong>pain d\u2019\u00e9pices alsacien<\/strong>.<\/p>\n\n\n\n<p class=\"wp-block-paragraph\">D\u2019autres sp\u00e9cialit\u00e9s typiques compl\u00e8tent la f\u00eate :&nbsp;<strong>choucroute garnie<\/strong>,&nbsp;<strong>mannele<\/strong>&nbsp;(petit bonhomme brioch\u00e9),&nbsp;<strong>bretzels sal\u00e9s<\/strong>, et bien s\u00fbr les&nbsp;<strong>vins d\u2019Alsace<\/strong>&nbsp;issus des vignobles environnants.<\/p>\n\n\n\n<h3 class=\"wp-block-heading\">\ud83d\udc7c Le Christkindel et Saint-Nicolas<\/h3>\n\n\n\n<p class=\"wp-block-paragraph\">Contrairement \u00e0 d\u2019autres r\u00e9gions de France, l\u2019Alsace c\u00e9l\u00e8bre encore&nbsp;<strong>Saint Nicholas<\/strong>, le 6 d\u00e9cembre. Ce saint protecteur des enfants pr\u00e9c\u00e8de le P\u00e8re No\u00ebl et distribue friandises et mandarines. Le&nbsp;<strong>Christkindel<\/strong>&nbsp;(enfant J\u00e9sus) est \u00e9galement une figure symbolique du No\u00ebl alsacien, souvent repr\u00e9sent\u00e9 par une jeune fille v\u00eatue de blanc.<\/p>\n\n\n\n<hr class=\"wp-block-separator has-alpha-channel-opacity\"\/>\n\n\n\n<h2 class=\"wp-block-heading\">Une destination f\u00e9erique et internationale<\/h2>\n\n\n\n<p class=\"wp-block-paragraph\">Aujourd\u2019hui, le march\u00e9 de No\u00ebl de Colmar accueille plus de&nbsp;<strong>2 millions de visiteurs<\/strong>&nbsp;chaque ann\u00e9e. Les touristes viennent de toute l\u2019Europe, mais aussi du Canada, du Japon ou des \u00c9tats-Unis pour d\u00e9couvrir cette atmosph\u00e8re unique.<br>Son&nbsp;<strong>classement parmi les \u201c10 plus beaux march\u00e9s de No\u00ebl du monde\u201d<\/strong>&nbsp;par divers magazines de voyage a contribu\u00e9 \u00e0 sa notori\u00e9t\u00e9 internationale.<\/p>\n\n\n\n<p class=\"wp-block-paragraph\">La ville, magnifiquement mise en lumi\u00e8re, propose \u00e9galement de nombreuses&nbsp;<strong>animations culturelles<\/strong>&nbsp;: concerts, expositions, cr\u00e8ches vivantes, chorales d\u2019enfants et patinoire en plein air. Les&nbsp;<strong>bateaux illumin\u00e9s sur la Petite Venise<\/strong>offrent un spectacle enchanteur, particuli\u00e8rement appr\u00e9ci\u00e9 des familles.<\/p>\n\n\n\n<hr class=\"wp-block-separator has-alpha-channel-opacity\"\/>\n\n\n\n<h2 class=\"wp-block-heading\">L\u2019impact \u00e9conomique et \u00e9cologique<\/h2>\n\n\n\n<p class=\"wp-block-paragraph\">Le march\u00e9 de No\u00ebl de Colmar joue un r\u00f4le majeur dans l\u2019\u00e9conomie locale. H\u00f4tels, restaurants et artisans b\u00e9n\u00e9ficient de cette affluence hivernale, qui repr\u00e9sente une part importante du tourisme annuel.<\/p>\n\n\n\n<p class=\"wp-block-paragraph\">Consciente de son succ\u00e8s, la municipalit\u00e9 a mis en place des&nbsp;<strong>mesures \u00e9cologiques<\/strong>&nbsp;afin de pr\u00e9server le charme et la durabilit\u00e9 de l\u2019\u00e9v\u00e9nement :<\/p>\n\n\n\n<ul class=\"wp-block-list\">\n<li>Utilisation d\u2019<strong>ampoules LED<\/strong>\u00a0pour les illuminations.<\/li>\n\n\n\n<li>R\u00e9duction du plastique \u00e0 usage unique sur les stands.<\/li>\n\n\n\n<li>Encouragement du\u00a0<strong>commerce local<\/strong>\u00a0et des produits r\u00e9gionaux.<\/li>\n\n\n\n<li>Gestion raisonn\u00e9e des d\u00e9chets et promotion du\u00a0<strong>vin chaud consign\u00e9<\/strong>.<\/li>\n<\/ul>\n\n\n\n<p class=\"wp-block-paragraph\">Ces efforts permettent \u00e0 Colmar de conserver son authenticit\u00e9 tout en respectant l\u2019environnement.<\/p>\n\n\n\n<hr class=\"wp-block-separator has-alpha-channel-opacity\"\/>\n\n\n\n<h2 class=\"wp-block-heading\">Les particularit\u00e9s qui font la diff\u00e9rence<\/h2>\n\n\n\n<p class=\"wp-block-paragraph\">Ce qui distingue vraiment le march\u00e9 de No\u00ebl de Colmar des autres, c\u2019est son&nbsp;<strong>\u00e9quilibre entre tradition et \u00e9l\u00e9gance<\/strong>.<br>L\u00e0 o\u00f9 d\u2019autres march\u00e9s deviennent parfois trop commerciaux, Colmar r\u00e9ussit \u00e0 pr\u00e9server une&nbsp;<strong>ambiance intimiste<\/strong>. Les d\u00e9corations sont soign\u00e9es, jamais tapageuses, et chaque stand est s\u00e9lectionn\u00e9 avec rigueur. La ville tout enti\u00e8re semble vivre au rythme de l\u2019Avent, comme suspendue dans le temps.<\/p>\n\n\n\n<p class=\"wp-block-paragraph\">Les habitants eux-m\u00eames participent activement \u00e0 l\u2019\u00e9v\u00e9nement, ouvrant leurs boutiques tard dans la soir\u00e9e, organisant des d\u00e9gustations ou d\u00e9corant leurs vitrines avec cr\u00e9ativit\u00e9.<br>C\u2019est cette&nbsp;<strong>authenticit\u00e9 partag\u00e9e<\/strong>&nbsp;qui conf\u00e8re \u00e0 Colmar son charme in\u00e9gal\u00e9.<\/p>\n\n\n\n<h2 class=\"wp-block-heading\">Vid\u00e9o 4K du march\u00e9 de No\u00ebl \u00e0 Colmar en 2024<\/h2>\n\n\n\n<figure class=\"wp-block-embed is-type-video is-provider-youtube wp-block-embed-youtube wp-embed-aspect-16-9 wp-has-aspect-ratio\"><div class=\"wp-block-embed__wrapper\">\n<iframe title=\"COLMAR, The MOST BEAUTIFUL CHRISTMAS places IN THE WORLD\" width=\"720\" height=\"405\" data-src=\"https:\/\/www.youtube.com\/embed\/NzecD66uCNw?feature=oembed\" frameborder=\"0\" allow=\"accelerometer; autoplay; clipboard-write; encrypted-media; gyroscope; picture-in-picture; web-share\" referrerpolicy=\"strict-origin-when-cross-origin\" allowfullscreen src=\"data:image\/svg+xml;base64,PHN2ZyB3aWR0aD0iMSIgaGVpZ2h0PSIxIiB4bWxucz0iaHR0cDovL3d3dy53My5vcmcvMjAwMC9zdmciPjwvc3ZnPg==\" class=\"lazyload\" data-load-mode=\"1\"><\/iframe>\n<\/div><\/figure>\n\n\n\n<hr class=\"wp-block-separator has-alpha-channel-opacity\"\/>\n\n\n\n<h2 class=\"wp-block-heading\">Une exp\u00e9rience \u00e0 vivre au moins une fois<\/h2>\n\n\n\n<p class=\"wp-block-paragraph\">Visiter le march\u00e9 de No\u00ebl de Colmar, c\u2019est bien plus qu\u2019une simple sortie : c\u2019est une&nbsp;<strong>immersion dans l\u2019esprit de No\u00ebl \u00e0 la fran\u00e7aise<\/strong>, avec une touche d\u2019\u00e9l\u00e9gance alsacienne. Entre la beaut\u00e9 des lumi\u00e8res, la richesse des traditions et la chaleur des habitants, tout concourt \u00e0 cr\u00e9er une exp\u00e9rience inoubliable.<\/p>\n\n\n\n<p class=\"wp-block-paragraph\">Chaque ann\u00e9e, les visiteurs repartent avec des&nbsp;<strong>souvenirs pleins les yeux<\/strong>&nbsp;et l\u2019envie de revenir. Car \u00e0 Colmar, No\u00ebl ne se vit pas seulement : il se ressent, dans l\u2019air, dans les chants, et dans le c\u0153ur des gens.<\/p>\n\n\n<style>.kt-post-loop5002_9dae61-91 .kadence-post-image{padding-top:0px;padding-right:30px;padding-bottom:10px;padding-left:0px;}.kt-post-loop5002_9dae61-91 .kt-feat-image-align-left{grid-template-columns:40% auto;}.kt-post-loop5002_9dae61-91 .kt-post-grid-wrap{gap:30px 30px;}.kt-post-loop5002_9dae61-91 .kt-blocks-post-grid-item{border-top-left-radius:0px;border-top-right-radius:0px;border-bottom-right-radius:0px;border-bottom-left-radius:0px;overflow:hidden;}.kt-post-loop5002_9dae61-91 .kt-blocks-post-grid-item .kt-blocks-post-grid-item-inner{padding-top:0px;padding-right:0px;padding-bottom:0px;padding-left:0px;}.kt-post-loop5002_9dae61-91 .kt-blocks-post-grid-item header{padding-top:0px;padding-right:0px;padding-bottom:10px;padding-left:0px;margin-top:0px;margin-right:0px;margin-bottom:0px;margin-left:0px;}.kt-post-loop5002_9dae61-91 .kt-blocks-post-grid-item .kt-blocks-above-categories{font-size:13px;line-height:20px;text-transform:uppercase;}.kt-post-loop5002_9dae61-91 .kt-blocks-post-grid-item .entry-title{padding-top:5px;padding-right:0px;padding-bottom:0px;padding-left:0px;margin-top:0px;margin-right:0px;margin-bottom:0px;margin-left:0px;font-size:24px;line-height:30px;}.kt-post-loop5002_9dae61-91 .entry-content{padding-top:0px;padding-right:0px;padding-bottom:0px;padding-left:0px;margin-top:0px;margin-right:0px;margin-bottom:0px;margin-left:0px;font-size:14px;line-height:24px;}.kt-post-loop5002_9dae61-91 .kt-blocks-post-footer{border-top-width:0px;border-right-width:0px;border-bottom-width:0px;border-left-width:0px;padding-top:0px;padding-right:0px;padding-bottom:0px;padding-left:0px;margin-top:0px;margin-right:0px;margin-bottom:0px;margin-left:0px;font-size:12px;line-height:20px;text-transform:uppercase;}.kt-post-loop5002_9dae61-91 .entry-content:after{height:0px;}.kt-post-loop5002_9dae61-91 .kb-filter-item{border-top-width:0px;border-right-width:0px;border-bottom-width:2px;border-left-width:0px;padding-top:5px;padding-right:8px;padding-bottom:5px;padding-left:8px;margin-top:0px;margin-right:10px;margin-bottom:0px;margin-left:0px;}<\/style><div class=\"wp-block-kadence-postgrid kt-blocks-post-loop-block alignnone kt-post-loop5002_9dae61-91 kt-post-grid-layout-grid\"><div class=\"kt-post-grid-layout-grid-wrap kt-post-grid-wrap\" data-columns-xxl=\"2\" data-columns-xl=\"2\" data-columns-md=\"2\" data-columns-sm=\"2\" data-columns-xs=\"1\" data-columns-ss=\"1\"data-item-selector=\".kt-post-masonry-item\" aria-label=\"Post Carousel\"><article class=\"kt-blocks-post-grid-item post-5163 post type-post status-publish format-standard has-post-thumbnail hentry category-marche tag-suisse\"><div class=\"kt-blocks-post-grid-item-inner-wrap kt-feat-image-align-left kt-feat-image-mobile-align-top\"><div class=\"kadence-post-image\"><div class=\"kadence-post-image-intrisic kt-image-ratio-133-33\" style=\"padding-bottom:133.33%;\"><div class=\"kadence-post-image-inner-intrisic\"><a href=\"https:\/\/www.blognoel.com\/en\/5163\/ce-village-suisse-feerique-a-ete-elu-plus-beau-marche-de-noel-deurope\/\" aria-label=\"Read More Ce village suisse f\u00e9erique a \u00e9t\u00e9 \u00e9lu plus beau march\u00e9 de No\u00ebl d\u2019Europe\" class=\"kadence-post-image-inner-wrap\"><img decoding=\"async\" width=\"510\" height=\"288\" data-src=\"https:\/\/www.blognoel.com\/wp-content\/smush-webp\/2025\/12\/img_9645.jpg.webp\" class=\"attachment-large size-large wp-post-image lazyload\" alt=\"\" data-srcset=\"https:\/\/www.blognoel.com\/wp-content\/smush-webp\/2025\/12\/img_9645.jpg.webp 510w, https:\/\/www.blognoel.com\/wp-content\/uploads\/2025\/12\/img_9645-18x10.jpg 18w\" data-sizes=\"(max-width: 510px) 100vw, 510px\" src=\"data:image\/svg+xml;base64,PHN2ZyB3aWR0aD0iMSIgaGVpZ2h0PSIxIiB4bWxucz0iaHR0cDovL3d3dy53My5vcmcvMjAwMC9zdmciPjwvc3ZnPg==\" style=\"--smush-placeholder-width: 510px; --smush-placeholder-aspect-ratio: 510\/288;\" data-smush-webp-fallback=\"{&quot;data-src&quot;:&quot;https:\\\/\\\/www.blognoel.com\\\/wp-content\\\/uploads\\\/2025\\\/12\\\/img_9645.jpg&quot;,&quot;data-srcset&quot;:&quot;https:\\\/\\\/www.blognoel.com\\\/wp-content\\\/uploads\\\/2025\\\/12\\\/img_9645.jpg 510w, https:\\\/\\\/www.blognoel.com\\\/wp-content\\\/uploads\\\/2025\\\/12\\\/img_9645-18x10.jpg 18w&quot;}\" \/><\/a><\/div><\/div><\/div><div class=\"kt-blocks-post-grid-item-inner\"><header><h2 class=\"entry-title\"><a href=\"https:\/\/www.blognoel.com\/en\/5163\/ce-village-suisse-feerique-a-ete-elu-plus-beau-marche-de-noel-deurope\/\">Ce village suisse f\u00e9erique a \u00e9t\u00e9 \u00e9lu plus beau march\u00e9 de No\u00ebl d\u2019Europe<\/a><\/h2><div class=\"kt-blocks-post-top-meta\"><div class=\"kt-blocks-date\"><span class=\"kt-blocks-date-pretext\">Posted on <\/span><time datetime=\"2025-12-19T22:47:57+01:00\" class=\"kt-blocks-post-date\">19 December 2025<\/time><\/div><\/div><\/header><div class=\"entry-content\">\u00c0 l\u2019approche de No\u00ebl, la magie s\u2019invite partout et transforme nos villes en v\u00e9ritables d\u00e9cors de conte de f\u00e9es. \u00c0 quelques jours des f\u00eates, les march\u00e9s de No\u00ebl s\u2019imposent comme&#8230;<\/div><footer class=\"kt-blocks-post-footer\"><div class=\"kt-blocks-post-footer-left\"><\/div><div class=\"kt-blocks-post-footer-right\"><\/div><\/footer><\/div><\/div><\/article><article class=\"kt-blocks-post-grid-item post-5147 post type-post status-publish format-standard has-post-thumbnail hentry category-marche tag-europe tag-roumanie\"><div class=\"kt-blocks-post-grid-item-inner-wrap kt-feat-image-align-left kt-feat-image-mobile-align-top\"><div class=\"kadence-post-image\"><div class=\"kadence-post-image-intrisic kt-image-ratio-133-33\" style=\"padding-bottom:133.33%;\"><div class=\"kadence-post-image-inner-intrisic\"><a href=\"https:\/\/www.blognoel.com\/en\/5147\/le-plus-grand-marche-de-noel-a-craiova-en-roumanie\/\" aria-label=\"Read More Le plus grand march\u00e9 de No\u00ebl \u00e0 Craiova en Roumanie\" class=\"kadence-post-image-inner-wrap\"><img decoding=\"async\" width=\"1024\" height=\"1024\" data-src=\"https:\/\/www.blognoel.com\/wp-content\/smush-webp\/2025\/11\/img_8632.png.webp\" class=\"attachment-large size-large wp-post-image lazyload\" alt=\"\" data-srcset=\"https:\/\/www.blognoel.com\/wp-content\/smush-webp\/2025\/11\/img_8632.png.webp 1024w, https:\/\/www.blognoel.com\/wp-content\/smush-webp\/2025\/11\/img_8632-600x600.png.webp 600w, https:\/\/www.blognoel.com\/wp-content\/smush-webp\/2025\/11\/img_8632-300x300.png.webp 300w, https:\/\/www.blognoel.com\/wp-content\/smush-webp\/2025\/11\/img_8632-768x768.png.webp 768w, https:\/\/www.blognoel.com\/wp-content\/smush-webp\/2025\/11\/img_8632-12x12.png.webp 12w\" data-sizes=\"(max-width: 1024px) 100vw, 1024px\" src=\"data:image\/svg+xml;base64,PHN2ZyB3aWR0aD0iMSIgaGVpZ2h0PSIxIiB4bWxucz0iaHR0cDovL3d3dy53My5vcmcvMjAwMC9zdmciPjwvc3ZnPg==\" style=\"--smush-placeholder-width: 1024px; --smush-placeholder-aspect-ratio: 1024\/1024;\" data-smush-webp-fallback=\"{&quot;data-src&quot;:&quot;https:\\\/\\\/www.blognoel.com\\\/wp-content\\\/uploads\\\/2025\\\/11\\\/img_8632.png&quot;,&quot;data-srcset&quot;:&quot;https:\\\/\\\/www.blognoel.com\\\/wp-content\\\/uploads\\\/2025\\\/11\\\/img_8632.png 1024w, https:\\\/\\\/www.blognoel.com\\\/wp-content\\\/uploads\\\/2025\\\/11\\\/img_8632-600x600.png 600w, https:\\\/\\\/www.blognoel.com\\\/wp-content\\\/uploads\\\/2025\\\/11\\\/img_8632-300x300.png 300w, https:\\\/\\\/www.blognoel.com\\\/wp-content\\\/uploads\\\/2025\\\/11\\\/img_8632-768x768.png 768w, https:\\\/\\\/www.blognoel.com\\\/wp-content\\\/uploads\\\/2025\\\/11\\\/img_8632-12x12.png 12w&quot;}\" \/><\/a><\/div><\/div><\/div><div class=\"kt-blocks-post-grid-item-inner\"><header><h2 class=\"entry-title\"><a href=\"https:\/\/www.blognoel.com\/en\/5147\/le-plus-grand-marche-de-noel-a-craiova-en-roumanie\/\">Le plus grand march\u00e9 de No\u00ebl \u00e0 Craiova en Roumanie<\/a><\/h2><div class=\"kt-blocks-post-top-meta\"><div class=\"kt-blocks-date\"><span class=\"kt-blocks-date-pretext\">Posted on <\/span><time datetime=\"2025-12-08T00:48:26+01:00\" class=\"kt-blocks-post-date\">8 December 2025<\/time><\/div><\/div><\/header><div class=\"entry-content\">Voici quelques images du march\u00e9 de No\u00ebl de Craiova<\/div><footer class=\"kt-blocks-post-footer\"><div class=\"kt-blocks-post-footer-left\"><\/div><div class=\"kt-blocks-post-footer-right\"><\/div><\/footer><\/div><\/div><\/article><article class=\"kt-blocks-post-grid-item post-5126 post type-post status-publish format-standard has-post-thumbnail hentry category-marche category-reseaux-sociaux tag-instagram\"><div class=\"kt-blocks-post-grid-item-inner-wrap kt-feat-image-align-left kt-feat-image-mobile-align-top\"><div class=\"kadence-post-image\"><div class=\"kadence-post-image-intrisic kt-image-ratio-133-33\" style=\"padding-bottom:133.33%;\"><div class=\"kadence-post-image-inner-intrisic\"><a href=\"https:\/\/www.blognoel.com\/en\/5126\/un-marche-de-noel-a-buckingham-une-supercherie-nee-de-lia\/\" aria-label=\"Read More Un march\u00e9 de No\u00ebl \u00e0 Buckingham ? Une supercherie n\u00e9e de l\u2019IA\" class=\"kadence-post-image-inner-wrap\"><img decoding=\"async\" width=\"800\" height=\"533\" data-src=\"https:\/\/www.blognoel.com\/wp-content\/smush-webp\/2025\/11\/img_8866.jpg.webp\" class=\"attachment-large size-large wp-post-image lazyload\" alt=\"\" data-srcset=\"https:\/\/www.blognoel.com\/wp-content\/smush-webp\/2025\/11\/img_8866.jpg.webp 800w, https:\/\/www.blognoel.com\/wp-content\/smush-webp\/2025\/11\/img_8866-600x400.jpg.webp 600w, https:\/\/www.blognoel.com\/wp-content\/smush-webp\/2025\/11\/img_8866-768x512.jpg.webp 768w, https:\/\/www.blognoel.com\/wp-content\/smush-webp\/2025\/11\/img_8866-18x12.jpg.webp 18w\" data-sizes=\"(max-width: 800px) 100vw, 800px\" src=\"data:image\/svg+xml;base64,PHN2ZyB3aWR0aD0iMSIgaGVpZ2h0PSIxIiB4bWxucz0iaHR0cDovL3d3dy53My5vcmcvMjAwMC9zdmciPjwvc3ZnPg==\" style=\"--smush-placeholder-width: 800px; --smush-placeholder-aspect-ratio: 800\/533;\" data-smush-webp-fallback=\"{&quot;data-src&quot;:&quot;https:\\\/\\\/www.blognoel.com\\\/wp-content\\\/uploads\\\/2025\\\/11\\\/img_8866.jpg&quot;,&quot;data-srcset&quot;:&quot;https:\\\/\\\/www.blognoel.com\\\/wp-content\\\/uploads\\\/2025\\\/11\\\/img_8866.jpg 800w, https:\\\/\\\/www.blognoel.com\\\/wp-content\\\/uploads\\\/2025\\\/11\\\/img_8866-600x400.jpg 600w, https:\\\/\\\/www.blognoel.com\\\/wp-content\\\/uploads\\\/2025\\\/11\\\/img_8866-768x512.jpg 768w, https:\\\/\\\/www.blognoel.com\\\/wp-content\\\/uploads\\\/2025\\\/11\\\/img_8866-18x12.jpg 18w&quot;}\" \/><\/a><\/div><\/div><\/div><div class=\"kt-blocks-post-grid-item-inner\"><header><h2 class=\"entry-title\"><a href=\"https:\/\/www.blognoel.com\/en\/5126\/un-marche-de-noel-a-buckingham-une-supercherie-nee-de-lia\/\">Un march\u00e9 de No\u00ebl \u00e0 Buckingham ? Une supercherie n\u00e9e de l\u2019IA<\/a><\/h2><div class=\"kt-blocks-post-top-meta\"><div class=\"kt-blocks-date\"><span class=\"kt-blocks-date-pretext\">Posted on <\/span><time datetime=\"2025-11-22T07:44:46+01:00\" class=\"kt-blocks-post-date\">22 November 2025<\/time><\/div><\/div><\/header><div class=\"entry-content\">Un faux march\u00e9 de No\u00ebl devant le palais de Buckingham a pi\u00e9g\u00e9 de nombreux touristes, s\u00e9duits par une image g\u00e9n\u00e9r\u00e9e par l\u2019IA et largement diffus\u00e9e sur les r\u00e9seaux sociaux. Pensant&#8230;<\/div><footer class=\"kt-blocks-post-footer\"><div class=\"kt-blocks-post-footer-left\"><\/div><div class=\"kt-blocks-post-footer-right\"><\/div><\/footer><\/div><\/div><\/article><article class=\"kt-blocks-post-grid-item post-4926 post type-post status-publish format-standard has-post-thumbnail hentry category-marche tag-canada tag-montreal\"><div class=\"kt-blocks-post-grid-item-inner-wrap kt-feat-image-align-left kt-feat-image-mobile-align-top\"><div class=\"kadence-post-image\"><div class=\"kadence-post-image-intrisic kt-image-ratio-133-33\" style=\"padding-bottom:133.33%;\"><div class=\"kadence-post-image-inner-intrisic\"><a href=\"https:\/\/www.blognoel.com\/en\/4926\/1-%f0%9f%8e%81-histoire-traditions-de-noel-a-montreal\/\" aria-label=\"Read More 1. \ud83c\udf81 Histoire &#038; traditions de No\u00ebl \u00e0 Montr\u00e9al\" class=\"kadence-post-image-inner-wrap\"><img decoding=\"async\" width=\"1256\" height=\"707\" data-src=\"https:\/\/www.blognoel.com\/wp-content\/uploads\/2025\/11\/montreal-at-christmastime-is-som-1256x707.jpg\" class=\"attachment-large size-large wp-post-image lazyload\" alt=\"Montr\u00e9al \u00e0 No\u00ebl\" data-srcset=\"https:\/\/www.blognoel.com\/wp-content\/uploads\/2025\/11\/montreal-at-christmastime-is-som-1256x707.jpg 1256w, https:\/\/www.blognoel.com\/wp-content\/uploads\/2025\/11\/montreal-at-christmastime-is-som-600x338.jpg 600w, https:\/\/www.blognoel.com\/wp-content\/uploads\/2025\/11\/montreal-at-christmastime-is-som-768x432.jpg 768w, https:\/\/www.blognoel.com\/wp-content\/uploads\/2025\/11\/montreal-at-christmastime-is-som-18x10.jpg 18w, https:\/\/www.blognoel.com\/wp-content\/uploads\/2025\/11\/montreal-at-christmastime-is-som.jpg 1280w\" data-sizes=\"(max-width: 1256px) 100vw, 1256px\" src=\"data:image\/svg+xml;base64,PHN2ZyB3aWR0aD0iMSIgaGVpZ2h0PSIxIiB4bWxucz0iaHR0cDovL3d3dy53My5vcmcvMjAwMC9zdmciPjwvc3ZnPg==\" style=\"--smush-placeholder-width: 1256px; --smush-placeholder-aspect-ratio: 1256\/707;\" \/><\/a><\/div><\/div><\/div><div class=\"kt-blocks-post-grid-item-inner\"><header><h2 class=\"entry-title\"><a href=\"https:\/\/www.blognoel.com\/en\/4926\/1-%f0%9f%8e%81-histoire-traditions-de-noel-a-montreal\/\">1. \ud83c\udf81 History &amp; traditions of Christmas in Montreal<\/a><\/h2><div class=\"kt-blocks-post-top-meta\"><div class=\"kt-blocks-date\"><span class=\"kt-blocks-date-pretext\">Posted on <\/span><time datetime=\"2025-11-03T07:30:01+01:00\" class=\"kt-blocks-post-date\">3 November 2025<\/time><\/div><\/div><\/header><div class=\"entry-content\">Plongez dans la magie de No\u00ebl \u00e0 Montr\u00e9al ! March\u00e9s, traditions qu\u00e9b\u00e9coises, tourti\u00e8re, illuminations, sorties familiales et activit\u00e9s hivernales : le guide complet.<\/div><footer class=\"kt-blocks-post-footer\"><div class=\"kt-blocks-post-footer-left\"><\/div><div class=\"kt-blocks-post-footer-right\"><\/div><\/footer><\/div><\/div><\/article><article class=\"kt-blocks-post-grid-item post-5002 post type-post status-publish format-standard has-post-thumbnail hentry category-marche category-videos tag-france\"><div class=\"kt-blocks-post-grid-item-inner-wrap kt-feat-image-align-left kt-feat-image-mobile-align-top\"><div class=\"kadence-post-image\"><div class=\"kadence-post-image-intrisic kt-image-ratio-133-33\" style=\"padding-bottom:133.33%;\"><div class=\"kadence-post-image-inner-intrisic\"><a href=\"https:\/\/www.blognoel.com\/en\/5002\/%f0%9f%8e%84-le-marche-de-noel-de-colmar-histoire-traditions-et-magie-alsacienne\/\" aria-label=\"Read More \ud83c\udf84 Le March\u00e9 de No\u00ebl de Colmar : Histoire, traditions et magie alsacienne\" class=\"kadence-post-image-inner-wrap\"><img decoding=\"async\" width=\"1256\" height=\"837\" data-src=\"https:\/\/www.blognoel.com\/wp-content\/smush-webp\/2025\/10\/marche-de-noel-a-Colmar-blognoel-1256x837.png.webp\" class=\"attachment-large size-large wp-post-image lazyload\" alt=\"marche\u0301 de noe\u0308l a\u0300 Colmar blognoel alsace France\" data-srcset=\"https:\/\/www.blognoel.com\/wp-content\/smush-webp\/2025\/10\/marche-de-noel-a-Colmar-blognoel-1256x837.png.webp 1256w, https:\/\/www.blognoel.com\/wp-content\/smush-webp\/2025\/10\/marche-de-noel-a-Colmar-blognoel-600x400.png.webp 600w, https:\/\/www.blognoel.com\/wp-content\/smush-webp\/2025\/10\/marche-de-noel-a-Colmar-blognoel-768x512.png.webp 768w, https:\/\/www.blognoel.com\/wp-content\/smush-webp\/2025\/10\/marche-de-noel-a-Colmar-blognoel-18x12.png.webp 18w, https:\/\/www.blognoel.com\/wp-content\/smush-webp\/2025\/10\/marche-de-noel-a-Colmar-blognoel.png.webp 1536w\" data-sizes=\"(max-width: 1256px) 100vw, 1256px\" src=\"data:image\/svg+xml;base64,PHN2ZyB3aWR0aD0iMSIgaGVpZ2h0PSIxIiB4bWxucz0iaHR0cDovL3d3dy53My5vcmcvMjAwMC9zdmciPjwvc3ZnPg==\" style=\"--smush-placeholder-width: 1256px; --smush-placeholder-aspect-ratio: 1256\/837;\" data-smush-webp-fallback=\"{&quot;data-src&quot;:&quot;https:\\\/\\\/www.blognoel.com\\\/wp-content\\\/uploads\\\/2025\\\/10\\\/marche-de-noel-a-Colmar-blognoel-1256x837.png&quot;,&quot;data-srcset&quot;:&quot;https:\\\/\\\/www.blognoel.com\\\/wp-content\\\/uploads\\\/2025\\\/10\\\/marche-de-noel-a-Colmar-blognoel-1256x837.png 1256w, https:\\\/\\\/www.blognoel.com\\\/wp-content\\\/uploads\\\/2025\\\/10\\\/marche-de-noel-a-Colmar-blognoel-600x400.png 600w, https:\\\/\\\/www.blognoel.com\\\/wp-content\\\/uploads\\\/2025\\\/10\\\/marche-de-noel-a-Colmar-blognoel-768x512.png 768w, https:\\\/\\\/www.blognoel.com\\\/wp-content\\\/uploads\\\/2025\\\/10\\\/marche-de-noel-a-Colmar-blognoel-18x12.png 18w, https:\\\/\\\/www.blognoel.com\\\/wp-content\\\/uploads\\\/2025\\\/10\\\/marche-de-noel-a-Colmar-blognoel.png 1536w&quot;}\" \/><\/a><\/div><\/div><\/div><div class=\"kt-blocks-post-grid-item-inner\"><header><h2 class=\"entry-title\"><a href=\"https:\/\/www.blognoel.com\/en\/5002\/%f0%9f%8e%84-le-marche-de-noel-de-colmar-histoire-traditions-et-magie-alsacienne\/\">\ud83c\udf84 Colmar Christmas Market: History, traditions and Alsatian magic<\/a><\/h2><div class=\"kt-blocks-post-top-meta\"><div class=\"kt-blocks-date\"><span class=\"kt-blocks-date-pretext\">Posted on <\/span><time datetime=\"2025-10-31T10:33:43+01:00\" class=\"kt-blocks-post-date\">31 October 2025<\/time><\/div><\/div><\/header><div class=\"entry-content\">Une f\u00e9erie au c\u0153ur de l\u2019Alsace Parmi les plus beaux march\u00e9s de No\u00ebl d\u2019Europe, celui de&nbsp;Colmar&nbsp;occupe une place \u00e0 part. Chaque hiver, cette cit\u00e9 m\u00e9di\u00e9vale alsacienne se transforme en un&#8230;<\/div><footer class=\"kt-blocks-post-footer\"><div class=\"kt-blocks-post-footer-left\"><\/div><div class=\"kt-blocks-post-footer-right\"><\/div><\/footer><\/div><\/div><\/article><article class=\"kt-blocks-post-grid-item post-4929 post type-post status-publish format-standard has-post-thumbnail hentry category-marche tag-floride tag-monde\"><div class=\"kt-blocks-post-grid-item-inner-wrap kt-feat-image-align-left kt-feat-image-mobile-align-top\"><div class=\"kadence-post-image\"><div class=\"kadence-post-image-intrisic kt-image-ratio-133-33\" style=\"padding-bottom:133.33%;\"><div class=\"kadence-post-image-inner-intrisic\"><a href=\"https:\/\/www.blognoel.com\/en\/4929\/noel-magique-en-floride-un-guide-des-festivites-des-fetes\/\" aria-label=\"Read More No\u00ebl magique en Floride\u00a0: un guide des festivit\u00e9s des f\u00eates\" class=\"kadence-post-image-inner-wrap\"><img decoding=\"async\" width=\"1256\" height=\"707\" data-src=\"https:\/\/www.blognoel.com\/wp-content\/uploads\/2025\/10\/magic-kingdom-christmas-nighttim-1256x707.jpg\" class=\"attachment-large size-large wp-post-image lazyload\" alt=\"\" data-srcset=\"https:\/\/www.blognoel.com\/wp-content\/uploads\/2025\/10\/magic-kingdom-christmas-nighttim-1256x707.jpg 1256w, https:\/\/www.blognoel.com\/wp-content\/uploads\/2025\/10\/magic-kingdom-christmas-nighttim-600x338.jpg 600w, https:\/\/www.blognoel.com\/wp-content\/uploads\/2025\/10\/magic-kingdom-christmas-nighttim-768x432.jpg 768w, https:\/\/www.blognoel.com\/wp-content\/uploads\/2025\/10\/magic-kingdom-christmas-nighttim-18x10.jpg 18w, https:\/\/www.blognoel.com\/wp-content\/uploads\/2025\/10\/magic-kingdom-christmas-nighttim.jpg 1280w\" data-sizes=\"(max-width: 1256px) 100vw, 1256px\" src=\"data:image\/svg+xml;base64,PHN2ZyB3aWR0aD0iMSIgaGVpZ2h0PSIxIiB4bWxucz0iaHR0cDovL3d3dy53My5vcmcvMjAwMC9zdmciPjwvc3ZnPg==\" style=\"--smush-placeholder-width: 1256px; --smush-placeholder-aspect-ratio: 1256\/707;\" \/><\/a><\/div><\/div><\/div><div class=\"kt-blocks-post-grid-item-inner\"><header><h2 class=\"entry-title\"><a href=\"https:\/\/www.blognoel.com\/en\/4929\/noel-magique-en-floride-un-guide-des-festivites-des-fetes\/\">A Magical Christmas in Florida: A Guide to the Holiday Festivities<\/a><\/h2><div class=\"kt-blocks-post-top-meta\"><div class=\"kt-blocks-date\"><span class=\"kt-blocks-date-pretext\">Posted on <\/span><time datetime=\"2025-10-29T13:44:00+01:00\" class=\"kt-blocks-post-date\">29 October 2025<\/time><\/div><\/div><\/header><div class=\"entry-content\">\u00c0 l&rsquo;approche des f\u00eates de fin d&rsquo;ann\u00e9e, la Floride se transforme en un pays des merveilles rempli de lumi\u00e8res \u00e9blouissantes, d&rsquo;\u00e9v\u00e9nements festifs et de c\u00e9l\u00e9brations joyeuses. Des superbes parcs \u00e0&#8230;<\/div><footer class=\"kt-blocks-post-footer\"><div class=\"kt-blocks-post-footer-left\"><\/div><div class=\"kt-blocks-post-footer-right\"><\/div><\/footer><\/div><\/div><\/article><\/div><\/div><!-- .wp-block-kadence-postgrid -->","protected":false},"excerpt":{"rendered":"<p>Une f\u00e9erie au c\u0153ur de l\u2019Alsace Parmi les plus beaux march\u00e9s de No\u00ebl d\u2019Europe, celui de&nbsp;Colmar&nbsp;occupe une place \u00e0 part. Chaque hiver, cette cit\u00e9 m\u00e9di\u00e9vale alsacienne se transforme en un v\u00e9ritable&nbsp;conte de f\u00e9es, attirant des centaines de milliers de visiteurs venus du monde entier. Les ruelles pav\u00e9es s\u2019illuminent, les fa\u00e7ades \u00e0 colombages se parent de&#8230;<\/p>","protected":false},"author":18,"featured_media":5003,"comment_status":"open","ping_status":"closed","sticky":false,"template":"","format":"standard","meta":{"_kad_blocks_custom_css":"","_kad_blocks_head_custom_js":"","_kad_blocks_body_custom_js":"","_kad_blocks_footer_custom_js":"","_kadence_starter_templates_imported_post":false,"_kad_post_transparent":"","_kad_post_title":"","_kad_post_layout":"","_kad_post_sidebar_id":"","_kad_post_content_style":"","_kad_post_vertical_padding":"","_kad_post_feature":"","_kad_post_feature_position":"","_kad_post_header":false,"_kad_post_footer":false,"_kad_post_classname":"","_jetpack_newsletter_access":"","_jetpack_dont_email_post_to_subs":false,"_jetpack_newsletter_tier_id":0,"_jetpack_memberships_contains_paywalled_content":false,"_jetpack_feature_clip_id":0,"_jetpack_memberships_contains_paid_content":false,"footnotes":"","jetpack_publicize_message":"","jetpack_publicize_feature_enabled":true,"jetpack_social_post_already_shared":true,"jetpack_social_options":{"image_generator_settings":{"template":"highway","default_image_id":0,"font":"","enabled":false},"version":2},"jetpack_post_was_ever_published":false},"categories":[275,20],"tags":[196],"class_list":["post-5002","post","type-post","status-publish","format-standard","has-post-thumbnail","hentry","category-marche","category-videos","tag-france"],"views":119,"jetpack_publicize_connections":[],"taxonomy_info":{"category":[{"value":275,"label":"March\u00e9"},{"value":20,"label":"Vid\u00e9os"}],"post_tag":[{"value":196,"label":"France"}]},"featured_image_src_large":["https:\/\/www.blognoel.com\/wp-content\/uploads\/2025\/10\/marche-de-noel-a-Colmar-blognoel-1256x837.png",1256,837,true],"author_info":{"display_name":"Jean","author_link":"https:\/\/www.blognoel.com\/en\/author\/bcbg12\/"},"comment_info":0,"category_info":[{"term_id":275,"name":"March\u00e9","slug":"marche","term_group":0,"term_taxonomy_id":275,"taxonomy":"category","description":"","parent":14,"count":12,"filter":"raw","cat_ID":275,"category_count":12,"category_description":"","cat_name":"March\u00e9","category_nicename":"marche","category_parent":14},{"term_id":20,"name":"Vid\u00e9os","slug":"videos","term_group":0,"term_taxonomy_id":20,"taxonomy":"category","description":"Les meilleures vid\u00e9os de no\u00ebl: musiques, histoire, traditions, recettes, films...","parent":0,"count":200,"filter":"raw","cat_ID":20,"category_count":200,"category_description":"Les meilleures vid\u00e9os de no\u00ebl: musiques, histoire, traditions, recettes, films...","cat_name":"Vid\u00e9os","category_nicename":"videos","category_parent":0}],"tag_info":[{"term_id":196,"name":"France","slug":"france","term_group":0,"term_taxonomy_id":196,"taxonomy":"post_tag","description":"","parent":0,"count":11,"filter":"raw"}],"jetpack_sharing_enabled":true,"jetpack_featured_media_url":"https:\/\/www.blognoel.com\/wp-content\/uploads\/2025\/10\/marche-de-noel-a-Colmar-blognoel.png","_links":{"self":[{"href":"https:\/\/www.blognoel.com\/en\/wp-json\/wp\/v2\/posts\/5002","targetHints":{"allow":["GET"]}}],"collection":[{"href":"https:\/\/www.blognoel.com\/en\/wp-json\/wp\/v2\/posts"}],"about":[{"href":"https:\/\/www.blognoel.com\/en\/wp-json\/wp\/v2\/types\/post"}],"author":[{"embeddable":true,"href":"https:\/\/www.blognoel.com\/en\/wp-json\/wp\/v2\/users\/18"}],"replies":[{"embeddable":true,"href":"https:\/\/www.blognoel.com\/en\/wp-json\/wp\/v2\/comments?post=5002"}],"version-history":[{"count":1,"href":"https:\/\/www.blognoel.com\/en\/wp-json\/wp\/v2\/posts\/5002\/revisions"}],"predecessor-version":[{"id":5006,"href":"https:\/\/www.blognoel.com\/en\/wp-json\/wp\/v2\/posts\/5002\/revisions\/5006"}],"wp:featuredmedia":[{"embeddable":true,"href":"https:\/\/www.blognoel.com\/en\/wp-json\/wp\/v2\/media\/5003"}],"wp:attachment":[{"href":"https:\/\/www.blognoel.com\/en\/wp-json\/wp\/v2\/media?parent=5002"}],"wp:term":[{"taxonomy":"category","embeddable":true,"href":"https:\/\/www.blognoel.com\/en\/wp-json\/wp\/v2\/categories?post=5002"},{"taxonomy":"post_tag","embeddable":true,"href":"https:\/\/www.blognoel.com\/en\/wp-json\/wp\/v2\/tags?post=5002"}],"curies":[{"name":"wp","href":"https:\/\/api.w.org\/{rel}","templated":true}]}}