{"id":4939,"date":"2025-10-25T10:53:00","date_gmt":"2025-10-25T08:53:00","guid":{"rendered":"https:\/\/www.blognoel.com\/?p=4939"},"modified":"2025-10-24T16:59:41","modified_gmt":"2025-10-24T14:59:41","slug":"%f0%9f%8e%84-loratorio-de-noel-de-bach-la-grandeur-de-la-foi-mise-en-musique","status":"publish","type":"post","link":"https:\/\/www.blognoel.com\/en\/4939\/%f0%9f%8e%84-loratorio-de-noel-de-bach-la-grandeur-de-la-foi-mise-en-musique\/","title":{"rendered":"\ud83c\udf84 L\u2019Oratorio de No\u00ebl de Bach : la grandeur de la foi mise en musique"},"content":{"rendered":"\n<p class=\"wp-block-paragraph\">Compos\u00e9 \u00e0 Leipzig en 1734,&nbsp;<strong>L\u2019Oratorio de <a href=\"https:\/\/www.blognoel.com\/en\/\">No\u00ebl<\/a><\/strong>&nbsp;(<em>Weihnachtsoratorium<\/em>) de&nbsp;<strong>Johann Sebastian Bach<\/strong>&nbsp;est un cycle monumental de&nbsp;<strong>six cantates<\/strong>&nbsp;destin\u00e9es \u00e0 accompagner les c\u00e9l\u00e9brations entre No\u00ebl et l\u2019\u00c9piphanie.<br>Bach, ma\u00eetre incontest\u00e9 de la musique baroque, y d\u00e9ploie toute sa science du contrepoint et de l\u2019harmonie, mais aussi une tendresse humaine rare.<\/p>\n\n\n\n<p class=\"wp-block-paragraph\">Chaque cantate correspond \u00e0 un \u00e9pisode biblique : la naissance de <a href=\"https:\/\/www.blognoel.com\/en\/characters\/jesus\/\">J\u00e9sus<\/a>, l\u2019Annonciation aux bergers, l\u2019adoration des Mages\u2026 L\u2019ensemble forme une fresque sonore d\u2019une intensit\u00e9 spirituelle et po\u00e9tique in\u00e9gal\u00e9e.<br>Bach y recycle certaines de ses compositions ant\u00e9rieures, mais en leur donnant une&nbsp;<strong>nouvelle vie<\/strong>, transfigur\u00e9e par la joie de No\u00ebl.<\/p>\n\n\n\n<p class=\"wp-block-paragraph\">Le ch\u0153ur d\u2019ouverture,&nbsp;<em>Jauchzet, frohlocket!<\/em>&nbsp;(\u00ab Exultez, r\u00e9jouissez-vous! \u00bb), r\u00e9sume \u00e0 lui seul l\u2019esprit de l\u2019\u0153uvre : \u00e9clat, jubilation et reconnaissance. Les trompettes et timbales \u00e9voquent la gloire divine, tandis que les fl\u00fbtes et les cordes apportent douceur et intimit\u00e9.<br>Bach parvient \u00e0 unir le c\u00e9leste et le terrestre, la majest\u00e9 de Dieu et la tendresse du berceau.<\/p>\n\n\n\n<p class=\"wp-block-paragraph\">L\u2019Oratorio n\u2019est pas qu\u2019une \u0153uvre religieuse : c\u2019est une&nbsp;<strong>m\u00e9ditation universelle sur la joie de vivre<\/strong>. Sa structure cyclique, ses harmonies parfaites et sa profondeur spirituelle font de lui un pilier de la musique sacr\u00e9e.<br>Encore aujourd\u2019hui, les \u00e9glises de Leipzig, Dresde, Paris ou Zurich r\u00e9sonnent de ces ch\u0153urs lumineux \u00e0 chaque No\u00ebl, rappelant combien Bach savait parler \u00e0 l\u2019\u00e2me humaine autant qu\u2019\u00e0 la foi.<\/p>\n\n\n\n<h2 class=\"wp-block-heading\">Oratorio de No\u00ebl de Jean-S\u00e9bastien Bach <\/h2>\n\n\n\n<p class=\"wp-block-paragraph\">version int\u00e9grale 1h19<\/p>\n\n\n\n<p class=\"wp-block-paragraph\">Christmas Oratorio BWV 248 Nikolaus Harnoncourt Concentus Musicus Wien Peter Schreier &#8211; Tenor Robert Holl &#8211; Bass Soloists of the Tolzer Knabenchor Chorusmaster: Gerhard Schmidt-Gaden Fisrt Part: Cantatas No 1 &#8211; 3<\/p>\n\n\n\n<figure class=\"wp-block-embed is-type-video is-provider-youtube wp-block-embed-youtube wp-embed-aspect-4-3 wp-has-aspect-ratio\"><div class=\"wp-block-embed__wrapper\">\n<iframe title=\"Bach - Christmas Oratorio [1-3] Harnoncourt\" width=\"720\" height=\"540\" data-src=\"https:\/\/www.youtube.com\/embed\/98UjjwzJBFE?feature=oembed\" frameborder=\"0\" allow=\"accelerometer; autoplay; clipboard-write; encrypted-media; gyroscope; picture-in-picture; web-share\" referrerpolicy=\"strict-origin-when-cross-origin\" allowfullscreen src=\"data:image\/svg+xml;base64,PHN2ZyB3aWR0aD0iMSIgaGVpZ2h0PSIxIiB4bWxucz0iaHR0cDovL3d3dy53My5vcmcvMjAwMC9zdmciPjwvc3ZnPg==\" class=\"lazyload\" data-load-mode=\"1\"><\/iframe>\n<\/div><\/figure>\n\n\n<style>.kt-post-loop4939_71e1ee-16 .kadence-post-image{padding-top:0px;padding-right:30px;padding-bottom:10px;padding-left:0px;}.kt-post-loop4939_71e1ee-16 .kt-feat-image-align-left{grid-template-columns:40% auto;}.kt-post-loop4939_71e1ee-16 .kt-post-grid-wrap{gap:30px 30px;}.kt-post-loop4939_71e1ee-16 .kt-blocks-post-grid-item{border-top-left-radius:0px;border-top-right-radius:0px;border-bottom-right-radius:0px;border-bottom-left-radius:0px;overflow:hidden;}.kt-post-loop4939_71e1ee-16 .kt-blocks-post-grid-item .kt-blocks-post-grid-item-inner{padding-top:0px;padding-right:0px;padding-bottom:0px;padding-left:0px;}.kt-post-loop4939_71e1ee-16 .kt-blocks-post-grid-item header{padding-top:0px;padding-right:0px;padding-bottom:10px;padding-left:0px;margin-top:0px;margin-right:0px;margin-bottom:0px;margin-left:0px;}.kt-post-loop4939_71e1ee-16 .kt-blocks-post-grid-item .kt-blocks-above-categories{font-size:13px;line-height:20px;text-transform:uppercase;}.kt-post-loop4939_71e1ee-16 .kt-blocks-post-grid-item .entry-title{padding-top:5px;padding-right:0px;padding-bottom:0px;padding-left:0px;margin-top:0px;margin-right:0px;margin-bottom:0px;margin-left:0px;font-size:24px;line-height:30px;}.kt-post-loop4939_71e1ee-16 .entry-content{padding-top:0px;padding-right:0px;padding-bottom:0px;padding-left:0px;margin-top:0px;margin-right:0px;margin-bottom:0px;margin-left:0px;font-size:14px;line-height:24px;}.kt-post-loop4939_71e1ee-16 .kt-blocks-post-footer{border-top-width:0px;border-right-width:0px;border-bottom-width:0px;border-left-width:0px;padding-top:0px;padding-right:0px;padding-bottom:0px;padding-left:0px;margin-top:0px;margin-right:0px;margin-bottom:0px;margin-left:0px;font-size:12px;line-height:20px;text-transform:uppercase;}.kt-post-loop4939_71e1ee-16 .entry-content:after{height:0px;}.kt-post-loop4939_71e1ee-16 .kb-filter-item{border-top-width:0px;border-right-width:0px;border-bottom-width:2px;border-left-width:0px;padding-top:5px;padding-right:8px;padding-bottom:5px;padding-left:8px;margin-top:0px;margin-right:10px;margin-bottom:0px;margin-left:0px;}<\/style><div class=\"wp-block-kadence-postgrid kt-blocks-post-loop-block alignnone kt-post-loop4939_71e1ee-16 kt-post-grid-layout-grid \"><div class=\"kt-post-grid-layout-grid-wrap kt-post-grid-wrap\" data-columns-xxl=\"2\" data-columns-xl=\"2\" data-columns-md=\"2\" data-columns-sm=\"2\" data-columns-xs=\"1\" data-columns-ss=\"1\"data-item-selector=\".kt-post-masonry-item\" aria-label=\"Post Carousel\"><article class=\"kt-blocks-post-grid-item post-4941 post type-post status-publish format-standard has-post-thumbnail hentry category-videos category-musique tag-musique-classique\"><div class=\"kt-blocks-post-grid-item-inner-wrap kt-feat-image-align-left kt-feat-image-mobile-align-top\"><div class=\"kadence-post-image\"><div class=\"kadence-post-image-intrisic kt-image-ratio-133-33\" style=\"padding-bottom:133.33%;\"><div class=\"kadence-post-image-inner-intrisic\"><a href=\"https:\/\/www.blognoel.com\/en\/4941\/%f0%9f%8e%bc-a-ceremony-of-carols-1942-de-benjamin-britten-la-lumiere-dans-la-guerre\/\" aria-label=\"Read More \ud83c\udfbc A Ceremony of Carols (1942) de Benjamin Britten : la lumi\u00e8re dans la guerre\" class=\"kadence-post-image-inner-wrap\"><img decoding=\"async\" width=\"1256\" height=\"707\" data-src=\"https:\/\/www.blognoel.com\/wp-content\/uploads\/2025\/10\/benjamin-britten-a-ceremony-of-c-1256x707.jpg\" class=\"attachment-large size-large wp-post-image lazyload\" alt=\"\" data-srcset=\"https:\/\/www.blognoel.com\/wp-content\/uploads\/2025\/10\/benjamin-britten-a-ceremony-of-c-1256x707.jpg 1256w, https:\/\/www.blognoel.com\/wp-content\/uploads\/2025\/10\/benjamin-britten-a-ceremony-of-c-600x338.jpg 600w, https:\/\/www.blognoel.com\/wp-content\/uploads\/2025\/10\/benjamin-britten-a-ceremony-of-c-768x432.jpg 768w, https:\/\/www.blognoel.com\/wp-content\/uploads\/2025\/10\/benjamin-britten-a-ceremony-of-c-18x10.jpg 18w, https:\/\/www.blognoel.com\/wp-content\/uploads\/2025\/10\/benjamin-britten-a-ceremony-of-c.jpg 1280w\" data-sizes=\"(max-width: 1256px) 100vw, 1256px\" src=\"data:image\/svg+xml;base64,PHN2ZyB3aWR0aD0iMSIgaGVpZ2h0PSIxIiB4bWxucz0iaHR0cDovL3d3dy53My5vcmcvMjAwMC9zdmciPjwvc3ZnPg==\" style=\"--smush-placeholder-width: 1256px; --smush-placeholder-aspect-ratio: 1256\/707;\" \/><\/a><\/div><\/div><\/div><div class=\"kt-blocks-post-grid-item-inner\"><header><h2 class=\"entry-title\"><a href=\"https:\/\/www.blognoel.com\/en\/4941\/%f0%9f%8e%bc-a-ceremony-of-carols-1942-de-benjamin-britten-la-lumiere-dans-la-guerre\/\">\ud83c\udfbc A Ceremony of Carols (1942) de Benjamin Britten : la lumi\u00e8re dans la guerre<\/a><\/h2><div class=\"kt-blocks-post-top-meta\"><div class=\"kt-blocks-date\"><span class=\"kt-blocks-date-pretext\">Posted on <\/span><time datetime=\"2025-10-26T17:00:50+01:00\" class=\"kt-blocks-post-date\">26 October 2025<\/time><\/div><\/div><\/header><div class=\"entry-content\">Compos\u00e9e en 1942 par le musicien britannique&nbsp;Benjamin Britten,&nbsp;A Ceremony of Carols&nbsp;est une \u0153uvre d\u2019une beaut\u00e9 fragile, n\u00e9e dans un contexte sombre : la Seconde Guerre mondiale.Britten, alors en voyage de&#8230;<\/div><footer class=\"kt-blocks-post-footer\"><div class=\"kt-blocks-post-footer-left\"><\/div><div class=\"kt-blocks-post-footer-right\"><\/div><\/footer><\/div><\/div><\/article><article class=\"kt-blocks-post-grid-item post-4940 post type-post status-publish format-standard has-post-thumbnail hentry category-musique category-videos tag-musique-classique\"><div class=\"kt-blocks-post-grid-item-inner-wrap kt-feat-image-align-left kt-feat-image-mobile-align-top\"><div class=\"kadence-post-image\"><div class=\"kadence-post-image-intrisic kt-image-ratio-133-33\" style=\"padding-bottom:133.33%;\"><div class=\"kadence-post-image-inner-intrisic\"><a href=\"https:\/\/www.blognoel.com\/en\/4940\/%f0%9f%a9%b0-casse-noisette-1892-de-tchaikovski-la-feerie-de-noel-en-musique-et-en-danse\/\" aria-label=\"Read More \ud83e\ude70 Casse-Noisette (1892) de Tcha\u00efkovski : la f\u00e9\u00e9rie de No\u00ebl en musique et en danse\" class=\"kadence-post-image-inner-wrap\"><img decoding=\"async\" width=\"480\" height=\"360\" data-src=\"https:\/\/www.blognoel.com\/wp-content\/uploads\/2025\/10\/pyotr-ilyich-tchaikovsky-the-nut.jpg\" class=\"attachment-large size-large wp-post-image lazyload\" alt=\"\" data-srcset=\"https:\/\/www.blognoel.com\/wp-content\/uploads\/2025\/10\/pyotr-ilyich-tchaikovsky-the-nut.jpg 480w, https:\/\/www.blognoel.com\/wp-content\/uploads\/2025\/10\/pyotr-ilyich-tchaikovsky-the-nut-16x12.jpg 16w\" data-sizes=\"(max-width: 480px) 100vw, 480px\" src=\"data:image\/svg+xml;base64,PHN2ZyB3aWR0aD0iMSIgaGVpZ2h0PSIxIiB4bWxucz0iaHR0cDovL3d3dy53My5vcmcvMjAwMC9zdmciPjwvc3ZnPg==\" style=\"--smush-placeholder-width: 480px; --smush-placeholder-aspect-ratio: 480\/360;\" \/><\/a><\/div><\/div><\/div><div class=\"kt-blocks-post-grid-item-inner\"><header><h2 class=\"entry-title\"><a href=\"https:\/\/www.blognoel.com\/en\/4940\/%f0%9f%a9%b0-casse-noisette-1892-de-tchaikovski-la-feerie-de-noel-en-musique-et-en-danse\/\">\ud83e\ude70 Casse-Noisette (1892) de Tcha\u00efkovski : la f\u00e9\u00e9rie de No\u00ebl en musique et en danse<\/a><\/h2><div class=\"kt-blocks-post-top-meta\"><div class=\"kt-blocks-date\"><span class=\"kt-blocks-date-pretext\">Posted on <\/span><time datetime=\"2025-10-25T16:58:12+02:00\" class=\"kt-blocks-post-date\">25 October 2025<\/time><\/div><\/div><\/header><div class=\"entry-content\">En 1892, le compositeur russe&nbsp;Piotr Ilitch Tcha\u00efkovski&nbsp;cr\u00e9a une \u0153uvre qui allait devenir un symbole universel de No\u00ebl : le&nbsp;ballet&nbsp;Casse-Noisette&nbsp;(Shchelkunchik).Inspir\u00e9 du conte d\u2019Hoffmann&nbsp;Casse-Noisette et le Roi des souris, adapt\u00e9 par Alexandre&#8230;<\/div><footer class=\"kt-blocks-post-footer\"><div class=\"kt-blocks-post-footer-left\"><\/div><div class=\"kt-blocks-post-footer-right\"><\/div><\/footer><\/div><\/div><\/article><article class=\"kt-blocks-post-grid-item post-4939 post type-post status-publish format-standard has-post-thumbnail hentry category-musique category-videos tag-musique-classique\"><div class=\"kt-blocks-post-grid-item-inner-wrap kt-feat-image-align-left kt-feat-image-mobile-align-top\"><div class=\"kadence-post-image\"><div class=\"kadence-post-image-intrisic kt-image-ratio-133-33\" style=\"padding-bottom:133.33%;\"><div class=\"kadence-post-image-inner-intrisic\"><a href=\"https:\/\/www.blognoel.com\/en\/4939\/%f0%9f%8e%84-loratorio-de-noel-de-bach-la-grandeur-de-la-foi-mise-en-musique\/\" aria-label=\"Read More \ud83c\udf84 L\u2019Oratorio de No\u00ebl de Bach : la grandeur de la foi mise en musique\" class=\"kadence-post-image-inner-wrap\"><img decoding=\"async\" width=\"480\" height=\"360\" data-src=\"https:\/\/www.blognoel.com\/wp-content\/uploads\/2025\/10\/bach-christmas-oratorio-1-3-harn.jpg\" class=\"attachment-large size-large wp-post-image lazyload\" alt=\"\" data-srcset=\"https:\/\/www.blognoel.com\/wp-content\/uploads\/2025\/10\/bach-christmas-oratorio-1-3-harn.jpg 480w, https:\/\/www.blognoel.com\/wp-content\/uploads\/2025\/10\/bach-christmas-oratorio-1-3-harn-16x12.jpg 16w\" data-sizes=\"(max-width: 480px) 100vw, 480px\" src=\"data:image\/svg+xml;base64,PHN2ZyB3aWR0aD0iMSIgaGVpZ2h0PSIxIiB4bWxucz0iaHR0cDovL3d3dy53My5vcmcvMjAwMC9zdmciPjwvc3ZnPg==\" style=\"--smush-placeholder-width: 480px; --smush-placeholder-aspect-ratio: 480\/360;\" \/><\/a><\/div><\/div><\/div><div class=\"kt-blocks-post-grid-item-inner\"><header><h2 class=\"entry-title\"><a href=\"https:\/\/www.blognoel.com\/en\/4939\/%f0%9f%8e%84-loratorio-de-noel-de-bach-la-grandeur-de-la-foi-mise-en-musique\/\">\ud83c\udf84 L\u2019Oratorio de No\u00ebl de Bach : la grandeur de la foi mise en musique<\/a><\/h2><div class=\"kt-blocks-post-top-meta\"><div class=\"kt-blocks-date\"><span class=\"kt-blocks-date-pretext\">Posted on <\/span><time datetime=\"2025-10-25T10:53:00+02:00\" class=\"kt-blocks-post-date\">25 October 2025<\/time><\/div><\/div><\/header><div class=\"entry-content\">Compos\u00e9 \u00e0 Leipzig en 1734,&nbsp;L\u2019Oratorio de No\u00ebl&nbsp;(Weihnachtsoratorium) de&nbsp;Johann Sebastian Bach&nbsp;est un cycle monumental de&nbsp;six cantates&nbsp;destin\u00e9es \u00e0 accompagner les c\u00e9l\u00e9brations entre No\u00ebl et l\u2019\u00c9piphanie.Bach, ma\u00eetre incontest\u00e9 de la musique baroque, y&#8230;<\/div><footer class=\"kt-blocks-post-footer\"><div class=\"kt-blocks-post-footer-left\"><\/div><div class=\"kt-blocks-post-footer-right\"><\/div><\/footer><\/div><\/div><\/article><article class=\"kt-blocks-post-grid-item post-4938 post type-post status-publish format-standard has-post-thumbnail hentry category-videos category-musique tag-musique-classique\"><div class=\"kt-blocks-post-grid-item-inner-wrap kt-feat-image-align-left kt-feat-image-mobile-align-top\"><div class=\"kadence-post-image\"><div class=\"kadence-post-image-intrisic kt-image-ratio-133-33\" style=\"padding-bottom:133.33%;\"><div class=\"kadence-post-image-inner-intrisic\"><a href=\"https:\/\/www.blognoel.com\/en\/4938\/%f0%9f%8e%b6-le-messie-1741-de-haendel-un-chant-desperance-universel\/\" aria-label=\"Read More \ud83c\udfb6 Le Messie (1741) de Haendel : un chant d\u2019esp\u00e9rance universel\" class=\"kadence-post-image-inner-wrap\"><img decoding=\"async\" width=\"1256\" height=\"707\" data-src=\"https:\/\/www.blognoel.com\/wp-content\/uploads\/2025\/10\/royal-choral-society-hallelujah--1256x707.jpg\" class=\"attachment-large size-large wp-post-image lazyload\" alt=\"\" data-srcset=\"https:\/\/www.blognoel.com\/wp-content\/uploads\/2025\/10\/royal-choral-society-hallelujah--1256x707.jpg 1256w, https:\/\/www.blognoel.com\/wp-content\/uploads\/2025\/10\/royal-choral-society-hallelujah--600x338.jpg 600w, https:\/\/www.blognoel.com\/wp-content\/uploads\/2025\/10\/royal-choral-society-hallelujah--768x432.jpg 768w, https:\/\/www.blognoel.com\/wp-content\/uploads\/2025\/10\/royal-choral-society-hallelujah--18x10.jpg 18w, https:\/\/www.blognoel.com\/wp-content\/uploads\/2025\/10\/royal-choral-society-hallelujah-.jpg 1280w\" data-sizes=\"(max-width: 1256px) 100vw, 1256px\" src=\"data:image\/svg+xml;base64,PHN2ZyB3aWR0aD0iMSIgaGVpZ2h0PSIxIiB4bWxucz0iaHR0cDovL3d3dy53My5vcmcvMjAwMC9zdmciPjwvc3ZnPg==\" style=\"--smush-placeholder-width: 1256px; --smush-placeholder-aspect-ratio: 1256\/707;\" \/><\/a><\/div><\/div><\/div><div class=\"kt-blocks-post-grid-item-inner\"><header><h2 class=\"entry-title\"><a href=\"https:\/\/www.blognoel.com\/en\/4938\/%f0%9f%8e%b6-le-messie-1741-de-haendel-un-chant-desperance-universel\/\">\ud83c\udfb6 Le Messie (1741) de Haendel : un chant d\u2019esp\u00e9rance universel<\/a><\/h2><div class=\"kt-blocks-post-top-meta\"><div class=\"kt-blocks-date\"><span class=\"kt-blocks-date-pretext\">Posted on <\/span><time datetime=\"2025-10-24T16:43:37+02:00\" class=\"kt-blocks-post-date\">24 October 2025<\/time><\/div><\/div><\/header><div class=\"entry-content\">Compos\u00e9 en 1741 par&nbsp;Georg Friedrich Haendel,&nbsp;Le Messie&nbsp;(Messiah) est l\u2019une des \u0153uvres les plus embl\u00e9matiques de la musique occidentale. Ce vaste oratorio, \u00e9crit en seulement&nbsp;vingt-quatre jours, est aujourd\u2019hui indissociable de la&#8230;<\/div><footer class=\"kt-blocks-post-footer\"><div class=\"kt-blocks-post-footer-left\"><\/div><div class=\"kt-blocks-post-footer-right\"><\/div><\/footer><\/div><\/div><\/article><\/div><\/div><!-- .wp-block-kadence-postgrid -->","protected":false},"excerpt":{"rendered":"<p>Compos\u00e9 \u00e0 Leipzig en 1734,&nbsp;L\u2019Oratorio de No\u00ebl&nbsp;(Weihnachtsoratorium) de&nbsp;Johann Sebastian Bach&nbsp;est un cycle monumental de&nbsp;six cantates&nbsp;destin\u00e9es \u00e0 accompagner les c\u00e9l\u00e9brations entre No\u00ebl et l\u2019\u00c9piphanie.Bach, ma\u00eetre incontest\u00e9 de la musique baroque, y d\u00e9ploie toute sa science du contrepoint et de l\u2019harmonie, mais aussi une tendresse humaine rare. Chaque cantate correspond \u00e0 un \u00e9pisode biblique : la naissance&#8230;<\/p>","protected":false},"author":18,"featured_media":4948,"comment_status":"open","ping_status":"closed","sticky":false,"template":"","format":"standard","meta":{"_kad_blocks_custom_css":"","_kad_blocks_head_custom_js":"","_kad_blocks_body_custom_js":"","_kad_blocks_footer_custom_js":"","_kadence_starter_templates_imported_post":false,"_kad_post_transparent":"","_kad_post_title":"","_kad_post_layout":"","_kad_post_sidebar_id":"","_kad_post_content_style":"","_kad_post_vertical_padding":"","_kad_post_feature":"","_kad_post_feature_position":"","_kad_post_header":false,"_kad_post_footer":false,"_kad_post_classname":"","_jetpack_newsletter_access":"","_jetpack_dont_email_post_to_subs":false,"_jetpack_newsletter_tier_id":0,"_jetpack_memberships_contains_paywalled_content":false,"_jetpack_feature_clip_id":0,"_jetpack_memberships_contains_paid_content":false,"footnotes":"","jetpack_publicize_message":"","jetpack_publicize_feature_enabled":true,"jetpack_social_post_already_shared":true,"jetpack_social_options":{"image_generator_settings":{"template":"highway","default_image_id":0,"font":"","enabled":false},"version":2},"jetpack_post_was_ever_published":false},"categories":[48,20],"tags":[282],"class_list":["post-4939","post","type-post","status-publish","format-standard","has-post-thumbnail","hentry","category-musique","category-videos","tag-musique-classique"],"views":95,"jetpack_publicize_connections":[],"taxonomy_info":{"category":[{"value":48,"label":"Musique"},{"value":20,"label":"Vid\u00e9os"}],"post_tag":[{"value":282,"label":"musique classique"}]},"featured_image_src_large":["https:\/\/www.blognoel.com\/wp-content\/uploads\/2025\/10\/bach-christmas-oratorio-1-3-harn.jpg",480,360,false],"author_info":{"display_name":"Jean","author_link":"https:\/\/www.blognoel.com\/en\/author\/bcbg12\/"},"comment_info":0,"category_info":[{"term_id":48,"name":"Musique","slug":"musique","term_group":0,"term_taxonomy_id":48,"taxonomy":"category","description":"","parent":0,"count":175,"filter":"raw","cat_ID":48,"category_count":175,"category_description":"","cat_name":"Musique","category_nicename":"musique","category_parent":0},{"term_id":20,"name":"Vid\u00e9os","slug":"videos","term_group":0,"term_taxonomy_id":20,"taxonomy":"category","description":"Les meilleures vid\u00e9os de no\u00ebl: musiques, histoire, traditions, recettes, films...","parent":0,"count":200,"filter":"raw","cat_ID":20,"category_count":200,"category_description":"Les meilleures vid\u00e9os de no\u00ebl: musiques, histoire, traditions, recettes, films...","cat_name":"Vid\u00e9os","category_nicename":"videos","category_parent":0}],"tag_info":[{"term_id":282,"name":"musique classique","slug":"musique-classique","term_group":0,"term_taxonomy_id":282,"taxonomy":"post_tag","description":"","parent":0,"count":4,"filter":"raw"}],"jetpack_sharing_enabled":true,"jetpack_featured_media_url":"https:\/\/www.blognoel.com\/wp-content\/uploads\/2025\/10\/bach-christmas-oratorio-1-3-harn.jpg","_links":{"self":[{"href":"https:\/\/www.blognoel.com\/en\/wp-json\/wp\/v2\/posts\/4939","targetHints":{"allow":["GET"]}}],"collection":[{"href":"https:\/\/www.blognoel.com\/en\/wp-json\/wp\/v2\/posts"}],"about":[{"href":"https:\/\/www.blognoel.com\/en\/wp-json\/wp\/v2\/types\/post"}],"author":[{"embeddable":true,"href":"https:\/\/www.blognoel.com\/en\/wp-json\/wp\/v2\/users\/18"}],"replies":[{"embeddable":true,"href":"https:\/\/www.blognoel.com\/en\/wp-json\/wp\/v2\/comments?post=4939"}],"version-history":[{"count":2,"href":"https:\/\/www.blognoel.com\/en\/wp-json\/wp\/v2\/posts\/4939\/revisions"}],"predecessor-version":[{"id":4956,"href":"https:\/\/www.blognoel.com\/en\/wp-json\/wp\/v2\/posts\/4939\/revisions\/4956"}],"wp:featuredmedia":[{"embeddable":true,"href":"https:\/\/www.blognoel.com\/en\/wp-json\/wp\/v2\/media\/4948"}],"wp:attachment":[{"href":"https:\/\/www.blognoel.com\/en\/wp-json\/wp\/v2\/media?parent=4939"}],"wp:term":[{"taxonomy":"category","embeddable":true,"href":"https:\/\/www.blognoel.com\/en\/wp-json\/wp\/v2\/categories?post=4939"},{"taxonomy":"post_tag","embeddable":true,"href":"https:\/\/www.blognoel.com\/en\/wp-json\/wp\/v2\/tags?post=4939"}],"curies":[{"name":"wp","href":"https:\/\/api.w.org\/{rel}","templated":true}]}}