{"id":4913,"date":"2025-10-24T19:30:09","date_gmt":"2025-10-24T17:30:09","guid":{"rendered":"https:\/\/www.blognoel.com\/?p=4913"},"modified":"2025-10-24T19:30:13","modified_gmt":"2025-10-24T17:30:13","slug":"les-origines-de-noel-dhistoire-paienne-a-fete-chretienne","status":"publish","type":"post","link":"https:\/\/www.blognoel.com\/en\/4913\/les-origines-de-noel-dhistoire-paienne-a-fete-chretienne\/","title":{"rendered":"Les Origines de No\u00ebl : D&rsquo;Histoire Pa\u00efenne \u00e0 F\u00eate Chr\u00e9tienne"},"content":{"rendered":"<p class=\"wp-block-paragraph\"><\/p>\n\n\n\n<div class=\"container\"><p><\/p>\n<p><a href=\"https:\/\/www.blognoel.com\/en\/\">Christmas<\/a> est aujourd&rsquo;hui synonyme de festivit\u00e9s, de dons et de rassemblements familiaux. Cependant, ses origines sont bien plus complexes et ancr\u00e9es dans des traditions pa\u00efennes anciennes. Cet article explore l&rsquo;\u00e9volution de No\u00ebl, depuis ses racines pa\u00efennes jusqu&rsquo;\u00e0 son adoption par la chr\u00e9tiennet\u00e9.<\/p>\n<p><\/p>\n<h2>Les Traditions Pa\u00efennes<\/h2>\n<p><\/p>\n<p>Avant l&rsquo;av\u00e8nement du christianisme, plusieurs civilisations f\u00eataient le solstice d&rsquo;hiver. Les Romains, par exemple, c\u00e9l\u00e9braient la f\u00eate des Saturnales, une p\u00e9riode marqu\u00e9e par la convivialit\u00e9, les feux de joie et l&rsquo;\u00e9change de cadeaux. Cette c\u00e9l\u00e9bration marquait aussi le retour de la lumi\u00e8re, symbolis\u00e9 par la renaissance du soleil apr\u00e8s les jours les plus courts de l&rsquo;ann\u00e9e.<\/p>\n<p><\/p>\n<h2>Le Solstice d&rsquo;Hiver<\/h2>\n<p><\/p>\n<p>Le solstice d&rsquo;hiver, qui se produit autour du 21 d\u00e9cembre dans l&rsquo;h\u00e9misph\u00e8re nord, \u00e9tait une p\u00e9riode de grande importance dans de nombreuses cultures. Les peuples germaniques, par exemple, c\u00e9l\u00e9braient Yule avec des feux de joie et des festins. Ces traditions de lumi\u00e8re et de convivialit\u00e9 ont profond\u00e9ment influenc\u00e9 les coutumes de No\u00ebl.<\/p>\n<p><\/p>\n<h2>L&rsquo;Adaptation au Christianisme<\/h2>\n<p><\/p>\n<p>Au IVe si\u00e8cle, alors que le christianisme se r\u00e9pandait, l&rsquo;\u00c9glise a choisi de c\u00e9l\u00e9brer la naissance de <a href=\"https:\/\/www.blognoel.com\/en\/characters\/jesus\/\">Jesus<\/a> \u00e0 cette m\u00eame p\u00e9riode. En 336 apr\u00e8s J.-C., le 25 d\u00e9cembre a \u00e9t\u00e9 consacr\u00e9 comme date de la Nativit\u00e9. Ce choix visait non seulement \u00e0 christianiser les f\u00eates pa\u00efennes, mais aussi \u00e0 offrir aux convertis une alternative \u00e0 leurs anciennes traditions.<\/p>\n<p><\/p>\n<h2>Les \u00c9l\u00e9ments de No\u00ebl Modernes<\/h2>\n<p><\/p>\n<p>Avec le temps, No\u00ebl a \u00e9volu\u00e9 et incorpor\u00e9 divers \u00e9l\u00e9ments issus des traditions pa\u00efennes. L&rsquo;arbre de No\u00ebl, par exemple, trouve ses origines dans les pratiques anciennes visant \u00e0 honorer les arbres et la nature. De m\u00eame, la figure du P\u00e8re No\u00ebl est un m\u00e9lange de Saint Nicolas, une figure chr\u00e9tienne bienveillante, et de traditions folkloriques europ\u00e9ennes.<\/p>\n<p><\/p>\n<h2>Conclusion<\/h2>\n<p><\/p>\n<p>Les origines de No\u00ebl t\u00e9moignent d&rsquo;une riche mosa\u00efque d&rsquo;influences culturelles et religieuses. De la f\u00eate pa\u00efenne du solstice d&rsquo;hiver \u00e0 la c\u00e9l\u00e9bration chr\u00e9tienne de la naissance de J\u00e9sus, No\u00ebl continue d&rsquo;\u00e9voluer tout en gardant les traces de son histoire fascinante. Aujourd&rsquo;hui, cette f\u00eate est devenue un symbole d&rsquo;amour, de partage et de r\u00e9trouvailles, transcendant ses racines pour rassembler les gens, quelles sont leurs croyances.<\/p>\n<p>\n    <\/p><\/div>\n\n\n\n<p class=\"wp-block-paragraph\"><\/p>","protected":false},"excerpt":{"rendered":"<p>No\u00ebl est aujourd&rsquo;hui synonyme de festivit\u00e9s, de dons et de rassemblements familiaux. Cependant, ses origines sont bien plus complexes et ancr\u00e9es dans des traditions pa\u00efennes anciennes. Cet article explore l&rsquo;\u00e9volution de No\u00ebl, depuis ses racines pa\u00efennes jusqu&rsquo;\u00e0 son adoption par la chr\u00e9tiennet\u00e9. Les Traditions Pa\u00efennes Avant l&rsquo;av\u00e8nement du christianisme, plusieurs civilisations f\u00eataient le solstice d&rsquo;hiver&#8230;.<\/p>","protected":false},"author":1,"featured_media":4980,"comment_status":"open","ping_status":"closed","sticky":false,"template":"","format":"standard","meta":{"_kad_blocks_custom_css":"","_kad_blocks_head_custom_js":"","_kad_blocks_body_custom_js":"","_kad_blocks_footer_custom_js":"","_kadence_starter_templates_imported_post":false,"_kad_post_transparent":"","_kad_post_title":"","_kad_post_layout":"","_kad_post_sidebar_id":"","_kad_post_content_style":"","_kad_post_vertical_padding":"","_kad_post_feature":"","_kad_post_feature_position":"","_kad_post_header":false,"_kad_post_footer":false,"_kad_post_classname":"","_jetpack_newsletter_access":"","_jetpack_dont_email_post_to_subs":false,"_jetpack_newsletter_tier_id":0,"_jetpack_memberships_contains_paywalled_content":false,"_jetpack_feature_clip_id":0,"_jetpack_memberships_contains_paid_content":false,"footnotes":"","jetpack_publicize_message":"","jetpack_publicize_feature_enabled":true,"jetpack_social_post_already_shared":true,"jetpack_social_options":{"image_generator_settings":{"template":"highway","default_image_id":0,"font":"","enabled":false},"version":2},"jetpack_post_was_ever_published":false},"categories":[14],"tags":[],"class_list":["post-4913","post","type-post","status-publish","format-standard","has-post-thumbnail","hentry","category-fete-de-noel"],"views":145,"jetpack_publicize_connections":[],"taxonomy_info":{"category":[{"value":14,"label":"F\u00eate de No\u00ebl"}]},"featured_image_src_large":["https:\/\/www.blognoel.com\/wp-content\/uploads\/2025\/10\/origine-de-la-fete-de-noel.png",1024,768,false],"author_info":{"display_name":"Jean-Michel","author_link":"https:\/\/www.blognoel.com\/en\/author\/admin\/"},"comment_info":0,"category_info":[{"term_id":14,"name":"F\u00eate de No\u00ebl","slug":"fete-de-noel","term_group":0,"term_taxonomy_id":14,"taxonomy":"category","description":"","parent":0,"count":194,"filter":"raw","cat_ID":14,"category_count":194,"category_description":"","cat_name":"F\u00eate de No\u00ebl","category_nicename":"fete-de-noel","category_parent":0}],"tag_info":false,"jetpack_sharing_enabled":true,"jetpack_featured_media_url":"https:\/\/www.blognoel.com\/wp-content\/uploads\/2025\/10\/origine-de-la-fete-de-noel.png","_links":{"self":[{"href":"https:\/\/www.blognoel.com\/en\/wp-json\/wp\/v2\/posts\/4913","targetHints":{"allow":["GET"]}}],"collection":[{"href":"https:\/\/www.blognoel.com\/en\/wp-json\/wp\/v2\/posts"}],"about":[{"href":"https:\/\/www.blognoel.com\/en\/wp-json\/wp\/v2\/types\/post"}],"author":[{"embeddable":true,"href":"https:\/\/www.blognoel.com\/en\/wp-json\/wp\/v2\/users\/1"}],"replies":[{"embeddable":true,"href":"https:\/\/www.blognoel.com\/en\/wp-json\/wp\/v2\/comments?post=4913"}],"version-history":[{"count":1,"href":"https:\/\/www.blognoel.com\/en\/wp-json\/wp\/v2\/posts\/4913\/revisions"}],"predecessor-version":[{"id":4982,"href":"https:\/\/www.blognoel.com\/en\/wp-json\/wp\/v2\/posts\/4913\/revisions\/4982"}],"wp:featuredmedia":[{"embeddable":true,"href":"https:\/\/www.blognoel.com\/en\/wp-json\/wp\/v2\/media\/4980"}],"wp:attachment":[{"href":"https:\/\/www.blognoel.com\/en\/wp-json\/wp\/v2\/media?parent=4913"}],"wp:term":[{"taxonomy":"category","embeddable":true,"href":"https:\/\/www.blognoel.com\/en\/wp-json\/wp\/v2\/categories?post=4913"},{"taxonomy":"post_tag","embeddable":true,"href":"https:\/\/www.blognoel.com\/en\/wp-json\/wp\/v2\/tags?post=4913"}],"curies":[{"name":"wp","href":"https:\/\/api.w.org\/{rel}","templated":true}]}}