{"id":4885,"date":"2025-10-21T15:21:50","date_gmt":"2025-10-21T13:21:50","guid":{"rendered":"https:\/\/www.blognoel.com\/4885\/leveil-dune-etoile-la-nativite-a-travers-les-ages\/"},"modified":"2025-10-22T21:00:16","modified_gmt":"2025-10-22T19:00:16","slug":"leveil-dune-etoile-la-nativite-a-travers-les-ages","status":"publish","type":"post","link":"https:\/\/www.blognoel.com\/en\/4885\/leveil-dune-etoile-la-nativite-a-travers-les-ages\/","title":{"rendered":"L&rsquo;\u00c9veil d&rsquo;une \u00c9toile : La Nativit\u00e9 \u00e0 Travers les \u00c2ges"},"content":{"rendered":"<div class=\"container\">\n<div class=\"container\">\n<p>La Nativit\u00e9, c\u00e9l\u00e9br\u00e9e \u00e0 travers le <a href=\"https:\/\/www.blognoel.com\/en\/christmas-party-world-tour\/\">monde<\/a>, est un moment de rassemblement et de r\u00e9flexion. Elle repr\u00e9sente non seulement la naissance de <a href=\"https:\/\/www.blognoel.com\/en\/characters\/jesus\/\">Jesus<\/a>-Christ, mais aussi l&rsquo;\u00e9veil de l&rsquo;espoir et de la lumi\u00e8re dans l&rsquo;obscurit\u00e9. Cet \u00e9v\u00e9nement a \u00e9t\u00e9 interpr\u00e9t\u00e9 de diverses mani\u00e8res au fil des si\u00e8cles, variante selon les cultures et les traditions.<\/p>\n<h2>Origines et Significations<\/h2>\n<p>Les racines de la Nativit\u00e9 se trouvent dans les \u00c9vangiles, o\u00f9 la naissance de J\u00e9sus est d\u00e9crite avec des d\u00e9tails poignants. Mais cette c\u00e9l\u00e9bration a transcend\u00e9 ses origines religieuses pour devenir un symbole d&rsquo;amour et de paix. Les premiers chr\u00e9tiens ont choisi cette p\u00e9riode, souvent associ\u00e9e aux festivit\u00e9s pa\u00efennes de l&rsquo;hiver, pour illustrer la lumi\u00e8re qui vient \u00e9clairer le monde.<\/p>\n<h2>Repr\u00e9sentations Artistiques<\/h2>\n<p>\u00c0 travers les \u00e2ges, la Nativit\u00e9 a inspir\u00e9 d&rsquo;innombrables \u0153uvres d&rsquo;art. Des fresques des premiers si\u00e8cles aux chefs-d&rsquo;\u0153uvre de la Renaissance, chaque \u00e9poque a laiss\u00e9 son empreinte unique sur cette sc\u00e8ne sacr\u00e9e. Des artistes tels que Giotto et Caravaggio ont captur\u00e9 les \u00e9motions et la profondeur spirituelle de cet \u00e9v\u00e9nement, enrichissant notre compr\u00e9hension visuelle de la Nativit\u00e9.<\/p>\n<h2>Traditions Modernes<\/h2>\n<p>Aujourd&rsquo;hui, la Nativit\u00e9 est c\u00e9l\u00e9br\u00e9e de diff\u00e9rentes mani\u00e8res dans le monde entier. Les cr\u00e8ches, qui repr\u00e9sentent la sc\u00e8ne de la naissance, sont install\u00e9es dans les foyers et les \u00e9glises. Les chants de No\u00ebl \u00e9voquent l&rsquo;esprit de cette p\u00e9riode, tout en rassemblant les gens autour de valeurs communes de g\u00e9n\u00e9rosit\u00e9 et de gratitude. En plus de respecter les traditions, de nouvelles interpr\u00e9tations \u00e9mergentes, renfor\u00e7ant ainsi le message central d&rsquo;amour et d&rsquo;unit\u00e9.<\/p>\n<h2>La Nativit\u00e9 dans la Culture Populaire<\/h2>\n<p>La Nativit\u00e9 a \u00e9galement trouv\u00e9 sa place dans la culture populaire, inspirant des films, des livres et des spectacles. Ces adaptations modernes contribuent \u00e0 maintenir vivant l&rsquo;esprit de No\u00ebl, tout en le rendant accessible \u00e0 un public encore plus large. Les histoires traditionnelles se m\u00ealent aux r\u00e9cits contemporains, favorisant ainsi une r\u00e9flexion sur les th\u00e8mes intemporels de l&rsquo;espoir et de la r\u00e9demption.<\/p>\n<p>L&rsquo;\u00e9veil d&rsquo;une \u00e9toile dans le ciel lors de la Nativit\u00e9 est un moment d&rsquo;une grande port\u00e9e symbolique. Au fil des \u00e2ges, cet \u00e9v\u00e9nement a \u00e9volu\u00e9, mais son message reste universel : un appel \u00e0 la paix, \u00e0 l&rsquo;amour et \u00e0 la solidarit\u00e9. Que ce soit \u00e0 travers l&rsquo;art, la tradition ou la culture populaire, la Nativit\u00e9 continue d&rsquo;\u00e9clairer les c\u0153urs et d&rsquo;inspirer un nouvel espoir.<\/p>\n<\/div>\n<\/div>","protected":false},"excerpt":{"rendered":"<p>La Nativit\u00e9, c\u00e9l\u00e9br\u00e9e \u00e0 travers le monde, est un moment de rassemblement et de r\u00e9flexion. Elle repr\u00e9sente non seulement la naissance de J\u00e9sus-Christ, mais aussi l&rsquo;\u00e9veil de l&rsquo;espoir et de la lumi\u00e8re dans l&rsquo;obscurit\u00e9. Cet \u00e9v\u00e9nement a \u00e9t\u00e9 interpr\u00e9t\u00e9 de diverses mani\u00e8res au fil des si\u00e8cles, variante selon les cultures et les traditions. Origines et&#8230;<\/p>","protected":false},"author":1,"featured_media":4494,"comment_status":"open","ping_status":"","sticky":false,"template":"","format":"standard","meta":{"_kad_blocks_custom_css":"","_kad_blocks_head_custom_js":"","_kad_blocks_body_custom_js":"","_kad_blocks_footer_custom_js":"","_kadence_starter_templates_imported_post":false,"_kad_post_transparent":"","_kad_post_title":"","_kad_post_layout":"","_kad_post_sidebar_id":"","_kad_post_content_style":"","_kad_post_vertical_padding":"","_kad_post_feature":"","_kad_post_feature_position":"","_kad_post_header":false,"_kad_post_footer":false,"_kad_post_classname":"","_jetpack_newsletter_access":"","_jetpack_dont_email_post_to_subs":false,"_jetpack_newsletter_tier_id":0,"_jetpack_memberships_contains_paywalled_content":false,"_jetpack_feature_clip_id":0,"_jetpack_memberships_contains_paid_content":false,"footnotes":"","jetpack_publicize_message":"L'\u00c9veil d'une \u00c9toile : La Nativit\u00e9 \u00e0 Travers les \u00c2ges","jetpack_publicize_feature_enabled":true,"jetpack_social_post_already_shared":true,"jetpack_social_options":{"image_generator_settings":{"template":"highway","default_image_id":0,"font":"","enabled":false},"version":2},"jetpack_post_was_ever_published":false},"categories":[10,13],"tags":[],"class_list":["post-4885","post","type-post","status-publish","format-standard","has-post-thumbnail","hentry","category-bible","category-traditions"],"views":53,"jetpack_publicize_connections":[],"taxonomy_info":{"category":[{"value":10,"label":"Bible"},{"value":13,"label":"Traditions"}]},"featured_image_src_large":["https:\/\/www.blognoel.com\/wp-content\/uploads\/2025\/09\/Scene-de-Nativite-sous-letoile-1200x800.png",1200,800,true],"author_info":{"display_name":"Jean-Michel","author_link":"https:\/\/www.blognoel.com\/en\/author\/admin\/"},"comment_info":0,"category_info":[{"term_id":10,"name":"Bible","slug":"bible","term_group":0,"term_taxonomy_id":10,"taxonomy":"category","description":"","parent":9,"count":9,"filter":"raw","cat_ID":10,"category_count":9,"category_description":"","cat_name":"Bible","category_nicename":"bible","category_parent":9},{"term_id":13,"name":"Traditions","slug":"traditions","term_group":0,"term_taxonomy_id":13,"taxonomy":"category","description":"","parent":14,"count":87,"filter":"raw","cat_ID":13,"category_count":87,"category_description":"","cat_name":"Traditions","category_nicename":"traditions","category_parent":14}],"tag_info":false,"jetpack_sharing_enabled":true,"jetpack_featured_media_url":"https:\/\/www.blognoel.com\/wp-content\/uploads\/2025\/09\/Scene-de-Nativite-sous-letoile.png","_links":{"self":[{"href":"https:\/\/www.blognoel.com\/en\/wp-json\/wp\/v2\/posts\/4885","targetHints":{"allow":["GET"]}}],"collection":[{"href":"https:\/\/www.blognoel.com\/en\/wp-json\/wp\/v2\/posts"}],"about":[{"href":"https:\/\/www.blognoel.com\/en\/wp-json\/wp\/v2\/types\/post"}],"author":[{"embeddable":true,"href":"https:\/\/www.blognoel.com\/en\/wp-json\/wp\/v2\/users\/1"}],"replies":[{"embeddable":true,"href":"https:\/\/www.blognoel.com\/en\/wp-json\/wp\/v2\/comments?post=4885"}],"version-history":[{"count":2,"href":"https:\/\/www.blognoel.com\/en\/wp-json\/wp\/v2\/posts\/4885\/revisions"}],"predecessor-version":[{"id":4916,"href":"https:\/\/www.blognoel.com\/en\/wp-json\/wp\/v2\/posts\/4885\/revisions\/4916"}],"wp:featuredmedia":[{"embeddable":true,"href":"https:\/\/www.blognoel.com\/en\/wp-json\/wp\/v2\/media\/4494"}],"wp:attachment":[{"href":"https:\/\/www.blognoel.com\/en\/wp-json\/wp\/v2\/media?parent=4885"}],"wp:term":[{"taxonomy":"category","embeddable":true,"href":"https:\/\/www.blognoel.com\/en\/wp-json\/wp\/v2\/categories?post=4885"},{"taxonomy":"post_tag","embeddable":true,"href":"https:\/\/www.blognoel.com\/en\/wp-json\/wp\/v2\/tags?post=4885"}],"curies":[{"name":"wp","href":"https:\/\/api.w.org\/{rel}","templated":true}]}}