{"id":4804,"date":"2025-10-25T11:16:33","date_gmt":"2025-10-25T09:16:33","guid":{"rendered":"https:\/\/www.blognoel.com\/?p=4804"},"modified":"2025-10-21T11:35:57","modified_gmt":"2025-10-21T09:35:57","slug":"new-york-un-noel-xxl-a-lamericaine","status":"publish","type":"post","link":"https:\/\/www.blognoel.com\/en\/4804\/new-york-un-noel-xxl-a-lamericaine\/","title":{"rendered":"New York, un No\u00ebl XXL \u00e0 l\u2019am\u00e9ricaine"},"content":{"rendered":"\n<h2 class=\"wp-block-heading\">\ud83d\uddfd Une ville qui se transforme en d\u00e9cor de film<\/h2>\n\n\n\n<p class=\"wp-block-paragraph\">D\u00e8s la mi-novembre, New York enfile ses habits de lumi\u00e8re. Les gratte-ciel scintillent de guirlandes dor\u00e9es, les rues r\u00e9sonnent des chants de <a href=\"https:\/\/www.blognoel.com\/en\/\">No\u00ebl<\/a>, et l\u2019air frais de Manhattan se m\u00eale aux odeurs de chocolat chaud et de sapin.<br>C\u2019est une exp\u00e9rience presque cin\u00e9matographique : chaque coin de rue semble sorti d\u2019un film de No\u00ebl. Que l\u2019on pense \u00e0&nbsp;<em>Maman, j\u2019ai rat\u00e9 l\u2019avion 2<\/em>&nbsp;ou \u00e0&nbsp;<em>Elf<\/em>, l\u2019ambiance festive new-yorkaise a inspir\u00e9 le monde entier.<\/p>\n\n\n\n<p class=\"wp-block-paragraph\">La ville d\u00e9borde d\u2019\u00e9nergie, entre traditions anciennes et modernit\u00e9. Des march\u00e9s de No\u00ebl aux patinoires g\u00e9antes, des concerts de gospel aux spectacles de Broadway, tout c\u00e9l\u00e8bre la joie et la d\u00e9mesure.<\/p>\n\n\n\n<hr class=\"wp-block-separator has-alpha-channel-opacity\"\/>\n\n\n\n<h2 class=\"wp-block-heading\">\ud83c\udf84 Le Rockefeller Center : symbole plan\u00e9taire de No\u00ebl<\/h2>\n\n\n\n<p class=\"wp-block-paragraph\">Impossible de parler de No\u00ebl \u00e0 New York sans \u00e9voquer le&nbsp;<strong>sapin du Rockefeller Center<\/strong>. Inaugur\u00e9 pour la premi\u00e8re fois en 1933, il est devenu un rituel national. Chaque ann\u00e9e, un \u00e9pic\u00e9a g\u00e9ant venu du nord-est des \u00c9tats-Unis est \u00e9rig\u00e9 sur la c\u00e9l\u00e8bre esplanade.<\/p>\n\n\n\n<p class=\"wp-block-paragraph\">Sa d\u00e9coration est un v\u00e9ritable chef-d\u2019\u0153uvre : plus de 50 000 ampoules LED, une \u00e9toile Swarovski au sommet et des illuminations visibles depuis l\u2019avenue des Am\u00e9riques. L\u2019allumage officiel, retransmis \u00e0 la t\u00e9l\u00e9vision, attire des milliers de personnes.<\/p>\n\n\n\n<p class=\"wp-block-paragraph\">Juste \u00e0 c\u00f4t\u00e9, la&nbsp;<strong>patinoire du Rockefeller Center<\/strong>&nbsp;reste l\u2019une des plus embl\u00e9matiques du monde. Glisser sur la glace entre les gratte-ciel illumin\u00e9s est une exp\u00e9rience mythique, surtout la nuit, quand les lumi\u00e8res dor\u00e9es se refl\u00e8tent sur le sol gel\u00e9.<\/p>\n\n\n\n<hr class=\"wp-block-separator has-alpha-channel-opacity\"\/>\n\n\n\n<h2 class=\"wp-block-heading\">\ud83c\udf81 Les march\u00e9s de No\u00ebl de Manhattan : f\u00e9erie et diversit\u00e9<\/h2>\n\n\n\n<p class=\"wp-block-paragraph\">New York compte plusieurs&nbsp;<strong>march\u00e9s de No\u00ebl<\/strong>&nbsp;qui rivalisent de charme et de cr\u00e9ativit\u00e9 :<\/p>\n\n\n\n<h3 class=\"wp-block-heading\">\ud83c\udfd9\ufe0f&nbsp;<strong>Bryant Park Winter Village<\/strong><\/h3>\n\n\n\n<p class=\"wp-block-paragraph\">C\u2019est le plus c\u00e9l\u00e8bre. Situ\u00e9 derri\u00e8re la New York Public Library, ce march\u00e9 installe plus de 100 chalets d\u2019artisans venus du monde entier. On y trouve des bijoux faits main, des bougies, des \u00e9charpes en laine, des d\u00e9corations originales et des gourmandises internationales.<br>Au centre, une immense&nbsp;<strong>patinoire en acc\u00e8s libre<\/strong>&nbsp;attire des familles enti\u00e8res, tandis que les stands de chocolat chaud et de raclette fondue r\u00e9chauffent les visiteurs transis.<\/p>\n\n\n\n<h3 class=\"wp-block-heading\">\ud83e\udde3&nbsp;<strong>Union Square Holiday Market<\/strong><\/h3>\n\n\n\n<p class=\"wp-block-paragraph\">Ce march\u00e9 met en avant les cr\u00e9ateurs locaux. Les artistes new-yorkais y vendent des objets uniques : illustrations, c\u00e9ramiques, v\u00eatements vintage, bougies artisanales. L\u2019ambiance y est plus boh\u00e8me, plus \u00ab Brooklyn spirit \u00bb.<br>C\u2019est aussi le lieu id\u00e9al pour go\u00fbter aux&nbsp;<em>cookies maison<\/em>, au cidre chaud ou aux&nbsp;<em>pretzels<\/em>&nbsp;cuits sur place.<\/p>\n\n\n\n<h3 class=\"wp-block-heading\">\ud83d\udd6f\ufe0f&nbsp;<strong>Columbus Circle Holiday Market<\/strong><\/h3>\n\n\n\n<p class=\"wp-block-paragraph\">Situ\u00e9 \u00e0 l\u2019entr\u00e9e sud de Central Park, ce march\u00e9 allie luxe et nature. Les chalets rouges et verts s\u2019alignent face aux arbres d\u00e9cor\u00e9s, et les musiciens de rue ajoutent une touche romantique \u00e0 la balade.<\/p>\n\n\n\n<hr class=\"wp-block-separator has-alpha-channel-opacity\"\/>\n\n\n\n<h2 class=\"wp-block-heading\">\u2728 Les vitrines de No\u00ebl : le spectacle des grands magasins<\/h2>\n\n\n\n<p class=\"wp-block-paragraph\">Chaque hiver, les&nbsp;<strong>vitrines des grands magasins<\/strong>&nbsp;new-yorkais deviennent de v\u00e9ritables \u0153uvres d\u2019art.<br>Les enseignes rivalisent d\u2019imagination pour \u00e9merveiller passants et touristes.<\/p>\n\n\n\n<ul class=\"wp-block-list\">\n<li><strong>Macy\u2019s<\/strong>\u00a0\u00e0 Herald Square reconstitue souvent un monde f\u00e9\u00e9rique : <a href=\"https:\/\/www.blognoel.com\/en\/characters\/elves\/\">lutins<\/a>, tra\u00eeneaux, montagnes enneig\u00e9es, peluches anim\u00e9es\u2026 Un univers magique o\u00f9 l\u2019enfance retrouve toute sa place.<\/li>\n\n\n\n<li><strong>Saks Fifth Avenue<\/strong>\u00a0propose un spectacle de lumi\u00e8res synchronis\u00e9es sur sa fa\u00e7ade, visible depuis la 5th Avenue et le Rockefeller Center.<\/li>\n\n\n\n<li><strong>Bloomingdale\u2019s<\/strong>\u00a0et\u00a0<strong>Bergdorf Goodman<\/strong>\u00a0misent sur le luxe et la fantaisie, avec des d\u00e9cors dignes des plus grands studios hollywoodiens.<\/li>\n<\/ul>\n\n\n\n<p class=\"wp-block-paragraph\">Ces vitrines attirent chaque ann\u00e9e des millions de visiteurs et repr\u00e9sentent une tradition incontournable du No\u00ebl new-yorkais.<\/p>\n\n\n\n<hr class=\"wp-block-separator has-alpha-channel-opacity\"\/>\n\n\n\n<h2 class=\"wp-block-heading\">\ud83d\udd6f\ufe0f Les sons de No\u00ebl : concerts, gospel et Broadway<\/h2>\n\n\n\n<p class=\"wp-block-paragraph\">New York est une ville musicale, et No\u00ebl en est la plus belle d\u00e9monstration.<br>Les \u00e9glises d\u2019Harlem r\u00e9sonnent des&nbsp;<strong>chants de gospel<\/strong>&nbsp;qui bouleversent m\u00eame les non-croyants. Les voix puissantes et les rythmes envo\u00fbtants plongent les visiteurs dans une atmosph\u00e8re spirituelle et festive.<\/p>\n\n\n\n<p class=\"wp-block-paragraph\">\u00c0&nbsp;<strong>Carnegie Hall<\/strong>&nbsp;ou au&nbsp;<strong>Lincoln Center<\/strong>, on peut assister \u00e0 des concerts de No\u00ebl m\u00ealant musique classique, jazz et chorales traditionnelles.<br>Et bien s\u00fbr,&nbsp;<strong>Broadway<\/strong>&nbsp;propose chaque ann\u00e9e des spectacles sp\u00e9ciaux : com\u00e9dies musicales, ballets et shows f\u00e9\u00e9riques pour petits et grands.<\/p>\n\n\n\n<hr class=\"wp-block-separator has-alpha-channel-opacity\"\/>\n\n\n\n<h2 class=\"wp-block-heading\">\ud83c\udf6b Saveurs hivernales et traditions gourmandes<\/h2>\n\n\n\n<p class=\"wp-block-paragraph\">\u00c0 New York, No\u00ebl se d\u00e9guste autant qu\u2019il se regarde.<br>Dans les march\u00e9s, on retrouve les classiques :&nbsp;<em>hot chocolate<\/em>,&nbsp;<em>roasted chestnuts<\/em>&nbsp;(ch\u00e2taignes grill\u00e9es),&nbsp;<em>apple cider<\/em>, mais aussi les saveurs venues d\u2019ailleurs : cr\u00eapes fran\u00e7aises, curry indien, gaufres belges ou empanadas argentines.<\/p>\n\n\n\n<p class=\"wp-block-paragraph\">Les caf\u00e9s ind\u00e9pendants rivalisent d\u2019imagination :&nbsp;<em>gingerbread latte<\/em>,&nbsp;<em>pumpkin spice<\/em>, ou encore&nbsp;<em>peppermint mocha<\/em>.<br>Et pour un d\u00eener typiquement am\u00e9ricain, rien de tel qu\u2019un repas dans un&nbsp;<strong>diner d\u00e9cor\u00e9 pour No\u00ebl<\/strong>, ou un brunch \u00e0&nbsp;<strong>Central Park South<\/strong>&nbsp;avec vue sur les cal\u00e8ches.<\/p>\n\n\n\n<hr class=\"wp-block-separator has-alpha-channel-opacity\"\/>\n\n\n\n<h2 class=\"wp-block-heading\">\ud83c\udf86 Nouvel An \u00e0 Times Square : la magie se prolonge<\/h2>\n\n\n\n<p class=\"wp-block-paragraph\">La p\u00e9riode de No\u00ebl \u00e0 New York atteint son apog\u00e9e le 31 d\u00e9cembre.<br>Des centaines de milliers de personnes se rassemblent \u00e0&nbsp;<strong>Times Square<\/strong>&nbsp;pour assister \u00e0 la descente de la fameuse&nbsp;<strong>New Year\u2019s Eve Ball<\/strong>, une boule de cristal g\u00e9ante illumin\u00e9e de 32 000 LED.<br>C\u2019est un moment symbolique, retransmis dans le monde entier. Feux d\u2019artifice, concerts, compte \u00e0 rebours\u2026 La f\u00eate continue jusqu\u2019au petit matin, prolongeant l\u2019\u00e9nergie et la joie des f\u00eates.<\/p>\n\n\n\n<hr class=\"wp-block-separator has-alpha-channel-opacity\"\/>\n\n\n\n<h2 class=\"wp-block-heading\">\ud83c\udf1f Conseils pour profiter de No\u00ebl \u00e0 New York<\/h2>\n\n\n\n<ul class=\"wp-block-list\">\n<li><strong>Quand partir ?<\/strong>\u00a0De la mi-novembre \u00e0 d\u00e9but janvier.<\/li>\n\n\n\n<li><strong>O\u00f9 loger ?<\/strong>\u00a0Midtown pour \u00eatre proche des animations, ou Brooklyn pour un charme plus local.<\/li>\n\n\n\n<li><strong>Transport :<\/strong>\u00a0Le m\u00e9tro fonctionne 24h\/24, pratique pour circuler entre les march\u00e9s et les sites.<\/li>\n\n\n\n<li><strong>Astuce photo :<\/strong>\u00a0Le meilleur moment pour photographier les d\u00e9corations est entre 16h30 et 18h, \u00e0 la tomb\u00e9e du jour.<\/li>\n<\/ul>\n\n\n\n<hr class=\"wp-block-separator has-alpha-channel-opacity\"\/>\n\n\n\n<h2 class=\"wp-block-heading\">\u2764\ufe0f No\u00ebl \u00e0 New York : une \u00e9motion universelle<\/h2>\n\n\n\n<p class=\"wp-block-paragraph\">No\u00ebl \u00e0 New York, c\u2019est plus qu\u2019un d\u00e9cor. C\u2019est une \u00e9motion.<br>Celle d\u2019une ville immense qui, l\u2019espace de quelques semaines, retrouve la chaleur humaine et la magie de l\u2019enfance.<br>Sous la neige, entre les lumi\u00e8res et les chants, on comprend pourquoi tant de films y ont \u00e9t\u00e9 tourn\u00e9s : parce qu\u2019ici,&nbsp;<strong>la magie de No\u00ebl semble r\u00e9elle<\/strong>.<\/p>\n\n\n\n<p class=\"wp-block-paragraph\">La <a href=\"https:\/\/www.suisse-blog.ch\/sports\/coupe-du-monde\/\" target=\"_blank\" rel=\"noopener\">Coupe du Monde 2026 FIFA<\/a> fera halte \u00e0 New York<\/p>\n\n\n\n<p class=\"wp-block-paragraph\">Vid\u00e9o de No\u00ebl en 2024 \u00e0 New York<\/p>\n\n\n\n<figure class=\"wp-block-embed is-type-video is-provider-youtube wp-block-embed-youtube wp-embed-aspect-16-9 wp-has-aspect-ratio\"><div class=\"wp-block-embed__wrapper\">\n<iframe title=\"[4K]\ud83c\uddfa\ud83c\uddf8 NYC Christmas Walk\ud83c\udf84\ud83c\udf81\ud83c\udf85: Festive Vibes on 5th &amp; 6th Ave | Nov. 2024\" width=\"720\" height=\"405\" data-src=\"https:\/\/www.youtube.com\/embed\/5G7lIrrWqXQ?feature=oembed\" frameborder=\"0\" allow=\"accelerometer; autoplay; clipboard-write; encrypted-media; gyroscope; picture-in-picture; web-share\" referrerpolicy=\"strict-origin-when-cross-origin\" allowfullscreen src=\"data:image\/svg+xml;base64,PHN2ZyB3aWR0aD0iMSIgaGVpZ2h0PSIxIiB4bWxucz0iaHR0cDovL3d3dy53My5vcmcvMjAwMC9zdmciPjwvc3ZnPg==\" class=\"lazyload\" data-load-mode=\"1\"><\/iframe>\n<\/div><\/figure>\n\n\n\n<p class=\"wp-block-paragraph\"><\/p>\n\n\n<style>.kt-post-loop4804_fb5a52-47 .kadence-post-image{padding-top:0px;padding-right:30px;padding-bottom:10px;padding-left:0px;}.kt-post-loop4804_fb5a52-47 .kt-feat-image-align-left{grid-template-columns:40% auto;}.kt-post-loop4804_fb5a52-47 .kt-post-grid-wrap{gap:30px 30px;}.kt-post-loop4804_fb5a52-47 .kt-blocks-post-grid-item{border-top-left-radius:0px;border-top-right-radius:0px;border-bottom-right-radius:0px;border-bottom-left-radius:0px;overflow:hidden;}.kt-post-loop4804_fb5a52-47 .kt-blocks-post-grid-item .kt-blocks-post-grid-item-inner{padding-top:0px;padding-right:0px;padding-bottom:0px;padding-left:0px;}.kt-post-loop4804_fb5a52-47 .kt-blocks-post-grid-item header{padding-top:0px;padding-right:0px;padding-bottom:10px;padding-left:0px;margin-top:0px;margin-right:0px;margin-bottom:0px;margin-left:0px;}.kt-post-loop4804_fb5a52-47 .kt-blocks-post-grid-item .kt-blocks-above-categories{font-size:13px;line-height:20px;text-transform:uppercase;}.kt-post-loop4804_fb5a52-47 .kt-blocks-post-grid-item .entry-title{padding-top:5px;padding-right:0px;padding-bottom:0px;padding-left:0px;margin-top:0px;margin-right:0px;margin-bottom:0px;margin-left:0px;font-size:24px;line-height:30px;}.kt-post-loop4804_fb5a52-47 .entry-content{padding-top:0px;padding-right:0px;padding-bottom:0px;padding-left:0px;margin-top:0px;margin-right:0px;margin-bottom:0px;margin-left:0px;font-size:14px;line-height:24px;}.kt-post-loop4804_fb5a52-47 .kt-blocks-post-footer{border-top-width:0px;border-right-width:0px;border-bottom-width:0px;border-left-width:0px;padding-top:0px;padding-right:0px;padding-bottom:0px;padding-left:0px;margin-top:0px;margin-right:0px;margin-bottom:0px;margin-left:0px;font-size:12px;line-height:20px;text-transform:uppercase;}.kt-post-loop4804_fb5a52-47 .entry-content:after{height:0px;}.kt-post-loop4804_fb5a52-47 .kb-filter-item{border-top-width:0px;border-right-width:0px;border-bottom-width:2px;border-left-width:0px;padding-top:5px;padding-right:8px;padding-bottom:5px;padding-left:8px;margin-top:0px;margin-right:10px;margin-bottom:0px;margin-left:0px;}<\/style><div class=\"wp-block-kadence-postgrid kt-blocks-post-loop-block alignnone kt-post-loop4804_fb5a52-47 kt-post-grid-layout-grid \"><div class=\"kt-post-grid-layout-grid-wrap kt-post-grid-wrap\" data-columns-xxl=\"2\" data-columns-xl=\"2\" data-columns-md=\"2\" data-columns-sm=\"2\" data-columns-xs=\"1\" data-columns-ss=\"1\"data-item-selector=\".kt-post-masonry-item\" aria-label=\"Post Carousel\"><article class=\"kt-blocks-post-grid-item post-5163 post type-post status-publish format-standard has-post-thumbnail hentry category-marche tag-suisse\"><div class=\"kt-blocks-post-grid-item-inner-wrap kt-feat-image-align-left kt-feat-image-mobile-align-top\"><div class=\"kadence-post-image\"><div class=\"kadence-post-image-intrisic kt-image-ratio-133-33\" style=\"padding-bottom:133.33%;\"><div class=\"kadence-post-image-inner-intrisic\"><a href=\"https:\/\/www.blognoel.com\/en\/5163\/ce-village-suisse-feerique-a-ete-elu-plus-beau-marche-de-noel-deurope\/\" aria-label=\"Read More Ce village suisse f\u00e9erique a \u00e9t\u00e9 \u00e9lu plus beau march\u00e9 de No\u00ebl d\u2019Europe\" class=\"kadence-post-image-inner-wrap\"><img decoding=\"async\" width=\"510\" height=\"288\" data-src=\"https:\/\/www.blognoel.com\/wp-content\/smush-webp\/2025\/12\/img_9645.jpg.webp\" class=\"attachment-large size-large wp-post-image lazyload\" alt=\"\" data-srcset=\"https:\/\/www.blognoel.com\/wp-content\/smush-webp\/2025\/12\/img_9645.jpg.webp 510w, https:\/\/www.blognoel.com\/wp-content\/uploads\/2025\/12\/img_9645-18x10.jpg 18w\" data-sizes=\"(max-width: 510px) 100vw, 510px\" src=\"data:image\/svg+xml;base64,PHN2ZyB3aWR0aD0iMSIgaGVpZ2h0PSIxIiB4bWxucz0iaHR0cDovL3d3dy53My5vcmcvMjAwMC9zdmciPjwvc3ZnPg==\" style=\"--smush-placeholder-width: 510px; --smush-placeholder-aspect-ratio: 510\/288;\" data-smush-webp-fallback=\"{&quot;data-src&quot;:&quot;https:\\\/\\\/www.blognoel.com\\\/wp-content\\\/uploads\\\/2025\\\/12\\\/img_9645.jpg&quot;,&quot;data-srcset&quot;:&quot;https:\\\/\\\/www.blognoel.com\\\/wp-content\\\/uploads\\\/2025\\\/12\\\/img_9645.jpg 510w, https:\\\/\\\/www.blognoel.com\\\/wp-content\\\/uploads\\\/2025\\\/12\\\/img_9645-18x10.jpg 18w&quot;}\" \/><\/a><\/div><\/div><\/div><div class=\"kt-blocks-post-grid-item-inner\"><header><h2 class=\"entry-title\"><a href=\"https:\/\/www.blognoel.com\/en\/5163\/ce-village-suisse-feerique-a-ete-elu-plus-beau-marche-de-noel-deurope\/\">Ce village suisse f\u00e9erique a \u00e9t\u00e9 \u00e9lu plus beau march\u00e9 de No\u00ebl d\u2019Europe<\/a><\/h2><div class=\"kt-blocks-post-top-meta\"><div class=\"kt-blocks-date\"><span class=\"kt-blocks-date-pretext\">Posted on <\/span><time datetime=\"2025-12-19T22:47:57+01:00\" class=\"kt-blocks-post-date\">19 December 2025<\/time><\/div><\/div><\/header><div class=\"entry-content\">\u00c0 l\u2019approche de No\u00ebl, la magie s\u2019invite partout et transforme nos villes en v\u00e9ritables d\u00e9cors de conte de f\u00e9es. \u00c0 quelques jours des f\u00eates, les march\u00e9s de No\u00ebl s\u2019imposent comme&#8230;<\/div><footer class=\"kt-blocks-post-footer\"><div class=\"kt-blocks-post-footer-left\"><\/div><div class=\"kt-blocks-post-footer-right\"><\/div><\/footer><\/div><\/div><\/article><article class=\"kt-blocks-post-grid-item post-5147 post type-post status-publish format-standard has-post-thumbnail hentry category-marche tag-europe tag-roumanie\"><div class=\"kt-blocks-post-grid-item-inner-wrap kt-feat-image-align-left kt-feat-image-mobile-align-top\"><div class=\"kadence-post-image\"><div class=\"kadence-post-image-intrisic kt-image-ratio-133-33\" style=\"padding-bottom:133.33%;\"><div class=\"kadence-post-image-inner-intrisic\"><a href=\"https:\/\/www.blognoel.com\/en\/5147\/le-plus-grand-marche-de-noel-a-craiova-en-roumanie\/\" aria-label=\"Read More Le plus grand march\u00e9 de No\u00ebl \u00e0 Craiova en Roumanie\" class=\"kadence-post-image-inner-wrap\"><img decoding=\"async\" width=\"1024\" height=\"1024\" data-src=\"https:\/\/www.blognoel.com\/wp-content\/smush-webp\/2025\/11\/img_8632.png.webp\" class=\"attachment-large size-large wp-post-image lazyload\" alt=\"\" data-srcset=\"https:\/\/www.blognoel.com\/wp-content\/smush-webp\/2025\/11\/img_8632.png.webp 1024w, https:\/\/www.blognoel.com\/wp-content\/smush-webp\/2025\/11\/img_8632-600x600.png.webp 600w, https:\/\/www.blognoel.com\/wp-content\/smush-webp\/2025\/11\/img_8632-300x300.png.webp 300w, https:\/\/www.blognoel.com\/wp-content\/smush-webp\/2025\/11\/img_8632-768x768.png.webp 768w, https:\/\/www.blognoel.com\/wp-content\/smush-webp\/2025\/11\/img_8632-12x12.png.webp 12w\" data-sizes=\"(max-width: 1024px) 100vw, 1024px\" src=\"data:image\/svg+xml;base64,PHN2ZyB3aWR0aD0iMSIgaGVpZ2h0PSIxIiB4bWxucz0iaHR0cDovL3d3dy53My5vcmcvMjAwMC9zdmciPjwvc3ZnPg==\" style=\"--smush-placeholder-width: 1024px; --smush-placeholder-aspect-ratio: 1024\/1024;\" data-smush-webp-fallback=\"{&quot;data-src&quot;:&quot;https:\\\/\\\/www.blognoel.com\\\/wp-content\\\/uploads\\\/2025\\\/11\\\/img_8632.png&quot;,&quot;data-srcset&quot;:&quot;https:\\\/\\\/www.blognoel.com\\\/wp-content\\\/uploads\\\/2025\\\/11\\\/img_8632.png 1024w, https:\\\/\\\/www.blognoel.com\\\/wp-content\\\/uploads\\\/2025\\\/11\\\/img_8632-600x600.png 600w, https:\\\/\\\/www.blognoel.com\\\/wp-content\\\/uploads\\\/2025\\\/11\\\/img_8632-300x300.png 300w, https:\\\/\\\/www.blognoel.com\\\/wp-content\\\/uploads\\\/2025\\\/11\\\/img_8632-768x768.png 768w, https:\\\/\\\/www.blognoel.com\\\/wp-content\\\/uploads\\\/2025\\\/11\\\/img_8632-12x12.png 12w&quot;}\" \/><\/a><\/div><\/div><\/div><div class=\"kt-blocks-post-grid-item-inner\"><header><h2 class=\"entry-title\"><a href=\"https:\/\/www.blognoel.com\/en\/5147\/le-plus-grand-marche-de-noel-a-craiova-en-roumanie\/\">Le plus grand march\u00e9 de No\u00ebl \u00e0 Craiova en Roumanie<\/a><\/h2><div class=\"kt-blocks-post-top-meta\"><div class=\"kt-blocks-date\"><span class=\"kt-blocks-date-pretext\">Posted on <\/span><time datetime=\"2025-12-08T00:48:26+01:00\" class=\"kt-blocks-post-date\">8 December 2025<\/time><\/div><\/div><\/header><div class=\"entry-content\">Voici quelques images du march\u00e9 de No\u00ebl de Craiova<\/div><footer class=\"kt-blocks-post-footer\"><div class=\"kt-blocks-post-footer-left\"><\/div><div class=\"kt-blocks-post-footer-right\"><\/div><\/footer><\/div><\/div><\/article><article class=\"kt-blocks-post-grid-item post-5126 post type-post status-publish format-standard has-post-thumbnail hentry category-marche category-reseaux-sociaux tag-instagram\"><div class=\"kt-blocks-post-grid-item-inner-wrap kt-feat-image-align-left kt-feat-image-mobile-align-top\"><div class=\"kadence-post-image\"><div class=\"kadence-post-image-intrisic kt-image-ratio-133-33\" style=\"padding-bottom:133.33%;\"><div class=\"kadence-post-image-inner-intrisic\"><a href=\"https:\/\/www.blognoel.com\/en\/5126\/un-marche-de-noel-a-buckingham-une-supercherie-nee-de-lia\/\" aria-label=\"Read More Un march\u00e9 de No\u00ebl \u00e0 Buckingham ? Une supercherie n\u00e9e de l\u2019IA\" class=\"kadence-post-image-inner-wrap\"><img decoding=\"async\" width=\"800\" height=\"533\" data-src=\"https:\/\/www.blognoel.com\/wp-content\/smush-webp\/2025\/11\/img_8866.jpg.webp\" class=\"attachment-large size-large wp-post-image lazyload\" alt=\"\" data-srcset=\"https:\/\/www.blognoel.com\/wp-content\/smush-webp\/2025\/11\/img_8866.jpg.webp 800w, https:\/\/www.blognoel.com\/wp-content\/smush-webp\/2025\/11\/img_8866-600x400.jpg.webp 600w, https:\/\/www.blognoel.com\/wp-content\/smush-webp\/2025\/11\/img_8866-768x512.jpg.webp 768w, https:\/\/www.blognoel.com\/wp-content\/smush-webp\/2025\/11\/img_8866-18x12.jpg.webp 18w\" data-sizes=\"(max-width: 800px) 100vw, 800px\" src=\"data:image\/svg+xml;base64,PHN2ZyB3aWR0aD0iMSIgaGVpZ2h0PSIxIiB4bWxucz0iaHR0cDovL3d3dy53My5vcmcvMjAwMC9zdmciPjwvc3ZnPg==\" style=\"--smush-placeholder-width: 800px; --smush-placeholder-aspect-ratio: 800\/533;\" data-smush-webp-fallback=\"{&quot;data-src&quot;:&quot;https:\\\/\\\/www.blognoel.com\\\/wp-content\\\/uploads\\\/2025\\\/11\\\/img_8866.jpg&quot;,&quot;data-srcset&quot;:&quot;https:\\\/\\\/www.blognoel.com\\\/wp-content\\\/uploads\\\/2025\\\/11\\\/img_8866.jpg 800w, https:\\\/\\\/www.blognoel.com\\\/wp-content\\\/uploads\\\/2025\\\/11\\\/img_8866-600x400.jpg 600w, https:\\\/\\\/www.blognoel.com\\\/wp-content\\\/uploads\\\/2025\\\/11\\\/img_8866-768x512.jpg 768w, https:\\\/\\\/www.blognoel.com\\\/wp-content\\\/uploads\\\/2025\\\/11\\\/img_8866-18x12.jpg 18w&quot;}\" \/><\/a><\/div><\/div><\/div><div class=\"kt-blocks-post-grid-item-inner\"><header><h2 class=\"entry-title\"><a href=\"https:\/\/www.blognoel.com\/en\/5126\/un-marche-de-noel-a-buckingham-une-supercherie-nee-de-lia\/\">Un march\u00e9 de No\u00ebl \u00e0 Buckingham ? Une supercherie n\u00e9e de l\u2019IA<\/a><\/h2><div class=\"kt-blocks-post-top-meta\"><div class=\"kt-blocks-date\"><span class=\"kt-blocks-date-pretext\">Posted on <\/span><time datetime=\"2025-11-22T07:44:46+01:00\" class=\"kt-blocks-post-date\">22 November 2025<\/time><\/div><\/div><\/header><div class=\"entry-content\">Un faux march\u00e9 de No\u00ebl devant le palais de Buckingham a pi\u00e9g\u00e9 de nombreux touristes, s\u00e9duits par une image g\u00e9n\u00e9r\u00e9e par l\u2019IA et largement diffus\u00e9e sur les r\u00e9seaux sociaux. Pensant&#8230;<\/div><footer class=\"kt-blocks-post-footer\"><div class=\"kt-blocks-post-footer-left\"><\/div><div class=\"kt-blocks-post-footer-right\"><\/div><\/footer><\/div><\/div><\/article><article class=\"kt-blocks-post-grid-item post-4926 post type-post status-publish format-standard has-post-thumbnail hentry category-marche tag-canada tag-montreal\"><div class=\"kt-blocks-post-grid-item-inner-wrap kt-feat-image-align-left kt-feat-image-mobile-align-top\"><div class=\"kadence-post-image\"><div class=\"kadence-post-image-intrisic kt-image-ratio-133-33\" style=\"padding-bottom:133.33%;\"><div class=\"kadence-post-image-inner-intrisic\"><a href=\"https:\/\/www.blognoel.com\/en\/4926\/1-%f0%9f%8e%81-histoire-traditions-de-noel-a-montreal\/\" aria-label=\"Read More 1. \ud83c\udf81 Histoire &#038; traditions de No\u00ebl \u00e0 Montr\u00e9al\" class=\"kadence-post-image-inner-wrap\"><img decoding=\"async\" width=\"1256\" height=\"707\" data-src=\"https:\/\/www.blognoel.com\/wp-content\/uploads\/2025\/11\/montreal-at-christmastime-is-som-1256x707.jpg\" class=\"attachment-large size-large wp-post-image lazyload\" alt=\"Montr\u00e9al \u00e0 No\u00ebl\" data-srcset=\"https:\/\/www.blognoel.com\/wp-content\/uploads\/2025\/11\/montreal-at-christmastime-is-som-1256x707.jpg 1256w, https:\/\/www.blognoel.com\/wp-content\/uploads\/2025\/11\/montreal-at-christmastime-is-som-600x338.jpg 600w, https:\/\/www.blognoel.com\/wp-content\/uploads\/2025\/11\/montreal-at-christmastime-is-som-768x432.jpg 768w, https:\/\/www.blognoel.com\/wp-content\/uploads\/2025\/11\/montreal-at-christmastime-is-som-18x10.jpg 18w, https:\/\/www.blognoel.com\/wp-content\/uploads\/2025\/11\/montreal-at-christmastime-is-som.jpg 1280w\" data-sizes=\"(max-width: 1256px) 100vw, 1256px\" src=\"data:image\/svg+xml;base64,PHN2ZyB3aWR0aD0iMSIgaGVpZ2h0PSIxIiB4bWxucz0iaHR0cDovL3d3dy53My5vcmcvMjAwMC9zdmciPjwvc3ZnPg==\" style=\"--smush-placeholder-width: 1256px; --smush-placeholder-aspect-ratio: 1256\/707;\" \/><\/a><\/div><\/div><\/div><div class=\"kt-blocks-post-grid-item-inner\"><header><h2 class=\"entry-title\"><a href=\"https:\/\/www.blognoel.com\/en\/4926\/1-%f0%9f%8e%81-histoire-traditions-de-noel-a-montreal\/\">1. \ud83c\udf81 Histoire &#038; traditions de No\u00ebl \u00e0 Montr\u00e9al<\/a><\/h2><div class=\"kt-blocks-post-top-meta\"><div class=\"kt-blocks-date\"><span class=\"kt-blocks-date-pretext\">Posted on <\/span><time datetime=\"2025-11-03T07:30:01+01:00\" class=\"kt-blocks-post-date\">3 November 2025<\/time><\/div><\/div><\/header><div class=\"entry-content\">Plongez dans la magie de No\u00ebl \u00e0 Montr\u00e9al ! March\u00e9s, traditions qu\u00e9b\u00e9coises, tourti\u00e8re, illuminations, sorties familiales et activit\u00e9s hivernales : le guide complet.<\/div><footer class=\"kt-blocks-post-footer\"><div class=\"kt-blocks-post-footer-left\"><\/div><div class=\"kt-blocks-post-footer-right\"><\/div><\/footer><\/div><\/div><\/article><article class=\"kt-blocks-post-grid-item post-5002 post type-post status-publish format-standard has-post-thumbnail hentry category-marche category-videos tag-france\"><div class=\"kt-blocks-post-grid-item-inner-wrap kt-feat-image-align-left kt-feat-image-mobile-align-top\"><div class=\"kadence-post-image\"><div class=\"kadence-post-image-intrisic kt-image-ratio-133-33\" style=\"padding-bottom:133.33%;\"><div class=\"kadence-post-image-inner-intrisic\"><a href=\"https:\/\/www.blognoel.com\/en\/5002\/%f0%9f%8e%84-le-marche-de-noel-de-colmar-histoire-traditions-et-magie-alsacienne\/\" aria-label=\"Read More \ud83c\udf84 Le March\u00e9 de No\u00ebl de Colmar : Histoire, traditions et magie alsacienne\" class=\"kadence-post-image-inner-wrap\"><img decoding=\"async\" width=\"1256\" height=\"837\" data-src=\"https:\/\/www.blognoel.com\/wp-content\/smush-webp\/2025\/10\/marche-de-noel-a-Colmar-blognoel-1256x837.png.webp\" class=\"attachment-large size-large wp-post-image lazyload\" alt=\"marche\u0301 de noe\u0308l a\u0300 Colmar blognoel alsace France\" data-srcset=\"https:\/\/www.blognoel.com\/wp-content\/smush-webp\/2025\/10\/marche-de-noel-a-Colmar-blognoel-1256x837.png.webp 1256w, https:\/\/www.blognoel.com\/wp-content\/smush-webp\/2025\/10\/marche-de-noel-a-Colmar-blognoel-600x400.png.webp 600w, https:\/\/www.blognoel.com\/wp-content\/smush-webp\/2025\/10\/marche-de-noel-a-Colmar-blognoel-768x512.png.webp 768w, https:\/\/www.blognoel.com\/wp-content\/smush-webp\/2025\/10\/marche-de-noel-a-Colmar-blognoel-18x12.png.webp 18w, https:\/\/www.blognoel.com\/wp-content\/smush-webp\/2025\/10\/marche-de-noel-a-Colmar-blognoel.png.webp 1536w\" data-sizes=\"(max-width: 1256px) 100vw, 1256px\" src=\"data:image\/svg+xml;base64,PHN2ZyB3aWR0aD0iMSIgaGVpZ2h0PSIxIiB4bWxucz0iaHR0cDovL3d3dy53My5vcmcvMjAwMC9zdmciPjwvc3ZnPg==\" style=\"--smush-placeholder-width: 1256px; --smush-placeholder-aspect-ratio: 1256\/837;\" data-smush-webp-fallback=\"{&quot;data-src&quot;:&quot;https:\\\/\\\/www.blognoel.com\\\/wp-content\\\/uploads\\\/2025\\\/10\\\/marche-de-noel-a-Colmar-blognoel-1256x837.png&quot;,&quot;data-srcset&quot;:&quot;https:\\\/\\\/www.blognoel.com\\\/wp-content\\\/uploads\\\/2025\\\/10\\\/marche-de-noel-a-Colmar-blognoel-1256x837.png 1256w, https:\\\/\\\/www.blognoel.com\\\/wp-content\\\/uploads\\\/2025\\\/10\\\/marche-de-noel-a-Colmar-blognoel-600x400.png 600w, https:\\\/\\\/www.blognoel.com\\\/wp-content\\\/uploads\\\/2025\\\/10\\\/marche-de-noel-a-Colmar-blognoel-768x512.png 768w, https:\\\/\\\/www.blognoel.com\\\/wp-content\\\/uploads\\\/2025\\\/10\\\/marche-de-noel-a-Colmar-blognoel-18x12.png 18w, https:\\\/\\\/www.blognoel.com\\\/wp-content\\\/uploads\\\/2025\\\/10\\\/marche-de-noel-a-Colmar-blognoel.png 1536w&quot;}\" \/><\/a><\/div><\/div><\/div><div class=\"kt-blocks-post-grid-item-inner\"><header><h2 class=\"entry-title\"><a href=\"https:\/\/www.blognoel.com\/en\/5002\/%f0%9f%8e%84-le-marche-de-noel-de-colmar-histoire-traditions-et-magie-alsacienne\/\">\ud83c\udf84 Le March\u00e9 de No\u00ebl de Colmar : Histoire, traditions et magie alsacienne<\/a><\/h2><div class=\"kt-blocks-post-top-meta\"><div class=\"kt-blocks-date\"><span class=\"kt-blocks-date-pretext\">Posted on <\/span><time datetime=\"2025-10-31T10:33:43+01:00\" class=\"kt-blocks-post-date\">31 October 2025<\/time><\/div><\/div><\/header><div class=\"entry-content\">Une f\u00e9erie au c\u0153ur de l\u2019Alsace Parmi les plus beaux march\u00e9s de No\u00ebl d\u2019Europe, celui de&nbsp;Colmar&nbsp;occupe une place \u00e0 part. Chaque hiver, cette cit\u00e9 m\u00e9di\u00e9vale alsacienne se transforme en un&#8230;<\/div><footer class=\"kt-blocks-post-footer\"><div class=\"kt-blocks-post-footer-left\"><\/div><div class=\"kt-blocks-post-footer-right\"><\/div><\/footer><\/div><\/div><\/article><article class=\"kt-blocks-post-grid-item post-4929 post type-post status-publish format-standard has-post-thumbnail hentry category-marche tag-floride tag-monde\"><div class=\"kt-blocks-post-grid-item-inner-wrap kt-feat-image-align-left kt-feat-image-mobile-align-top\"><div class=\"kadence-post-image\"><div class=\"kadence-post-image-intrisic kt-image-ratio-133-33\" style=\"padding-bottom:133.33%;\"><div class=\"kadence-post-image-inner-intrisic\"><a href=\"https:\/\/www.blognoel.com\/en\/4929\/noel-magique-en-floride-un-guide-des-festivites-des-fetes\/\" aria-label=\"Read More No\u00ebl magique en Floride\u00a0: un guide des festivit\u00e9s des f\u00eates\" class=\"kadence-post-image-inner-wrap\"><img decoding=\"async\" width=\"1256\" height=\"707\" data-src=\"https:\/\/www.blognoel.com\/wp-content\/uploads\/2025\/10\/magic-kingdom-christmas-nighttim-1256x707.jpg\" class=\"attachment-large size-large wp-post-image lazyload\" alt=\"\" data-srcset=\"https:\/\/www.blognoel.com\/wp-content\/uploads\/2025\/10\/magic-kingdom-christmas-nighttim-1256x707.jpg 1256w, https:\/\/www.blognoel.com\/wp-content\/uploads\/2025\/10\/magic-kingdom-christmas-nighttim-600x338.jpg 600w, https:\/\/www.blognoel.com\/wp-content\/uploads\/2025\/10\/magic-kingdom-christmas-nighttim-768x432.jpg 768w, https:\/\/www.blognoel.com\/wp-content\/uploads\/2025\/10\/magic-kingdom-christmas-nighttim-18x10.jpg 18w, https:\/\/www.blognoel.com\/wp-content\/uploads\/2025\/10\/magic-kingdom-christmas-nighttim.jpg 1280w\" data-sizes=\"(max-width: 1256px) 100vw, 1256px\" src=\"data:image\/svg+xml;base64,PHN2ZyB3aWR0aD0iMSIgaGVpZ2h0PSIxIiB4bWxucz0iaHR0cDovL3d3dy53My5vcmcvMjAwMC9zdmciPjwvc3ZnPg==\" style=\"--smush-placeholder-width: 1256px; --smush-placeholder-aspect-ratio: 1256\/707;\" \/><\/a><\/div><\/div><\/div><div class=\"kt-blocks-post-grid-item-inner\"><header><h2 class=\"entry-title\"><a href=\"https:\/\/www.blognoel.com\/en\/4929\/noel-magique-en-floride-un-guide-des-festivites-des-fetes\/\">No\u00ebl magique en Floride\u00a0: un guide des festivit\u00e9s des f\u00eates<\/a><\/h2><div class=\"kt-blocks-post-top-meta\"><div class=\"kt-blocks-date\"><span class=\"kt-blocks-date-pretext\">Posted on <\/span><time datetime=\"2025-10-29T13:44:00+01:00\" class=\"kt-blocks-post-date\">29 October 2025<\/time><\/div><\/div><\/header><div class=\"entry-content\">\u00c0 l&rsquo;approche des f\u00eates de fin d&rsquo;ann\u00e9e, la Floride se transforme en un pays des merveilles rempli de lumi\u00e8res \u00e9blouissantes, d&rsquo;\u00e9v\u00e9nements festifs et de c\u00e9l\u00e9brations joyeuses. Des superbes parcs \u00e0&#8230;<\/div><footer class=\"kt-blocks-post-footer\"><div class=\"kt-blocks-post-footer-left\"><\/div><div class=\"kt-blocks-post-footer-right\"><\/div><\/footer><\/div><\/div><\/article><\/div><\/div><!-- .wp-block-kadence-postgrid -->","protected":false},"excerpt":{"rendered":"<p>Patinoires, gratte-ciel illumin\u00e9s, march\u00e9s g\u00e9ants : New York c\u00e9l\u00e8bre No\u00ebl avec une \u00e9nergie unique. Bryant Park et Union Square deviennent de v\u00e9ritables villages d\u2019hiver.<\/p>","protected":false},"author":18,"featured_media":0,"comment_status":"open","ping_status":"open","sticky":false,"template":"","format":"standard","meta":{"_kad_blocks_custom_css":"","_kad_blocks_head_custom_js":"","_kad_blocks_body_custom_js":"","_kad_blocks_footer_custom_js":"","_kadence_starter_templates_imported_post":false,"_kad_post_transparent":"","_kad_post_title":"","_kad_post_layout":"","_kad_post_sidebar_id":"","_kad_post_content_style":"","_kad_post_vertical_padding":"","_kad_post_feature":"","_kad_post_feature_position":"","_kad_post_header":false,"_kad_post_footer":false,"_kad_post_classname":"","_jetpack_newsletter_access":"","_jetpack_dont_email_post_to_subs":false,"_jetpack_newsletter_tier_id":0,"_jetpack_memberships_contains_paywalled_content":false,"_jetpack_feature_clip_id":0,"_jetpack_memberships_contains_paid_content":false,"footnotes":"","jetpack_publicize_message":"","jetpack_publicize_feature_enabled":true,"jetpack_social_post_already_shared":true,"jetpack_social_options":{"image_generator_settings":{"template":"highway","default_image_id":0,"font":"","enabled":false},"version":2},"jetpack_post_was_ever_published":false},"categories":[275,20],"tags":[],"class_list":["post-4804","post","type-post","status-publish","format-standard","hentry","category-marche","category-videos"],"views":45,"jetpack_publicize_connections":[],"taxonomy_info":{"category":[{"value":275,"label":"March\u00e9"},{"value":20,"label":"Vid\u00e9os"}]},"featured_image_src_large":false,"author_info":{"display_name":"Jean","author_link":"https:\/\/www.blognoel.com\/en\/author\/bcbg12\/"},"comment_info":0,"category_info":[{"term_id":275,"name":"March\u00e9","slug":"marche","term_group":0,"term_taxonomy_id":275,"taxonomy":"category","description":"","parent":14,"count":12,"filter":"raw","cat_ID":275,"category_count":12,"category_description":"","cat_name":"March\u00e9","category_nicename":"marche","category_parent":14},{"term_id":20,"name":"Vid\u00e9os","slug":"videos","term_group":0,"term_taxonomy_id":20,"taxonomy":"category","description":"Les meilleures vid\u00e9os de no\u00ebl: musiques, histoire, traditions, recettes, films...","parent":0,"count":200,"filter":"raw","cat_ID":20,"category_count":200,"category_description":"Les meilleures vid\u00e9os de no\u00ebl: musiques, histoire, traditions, recettes, films...","cat_name":"Vid\u00e9os","category_nicename":"videos","category_parent":0}],"tag_info":false,"jetpack_sharing_enabled":true,"jetpack_featured_media_url":"","_links":{"self":[{"href":"https:\/\/www.blognoel.com\/en\/wp-json\/wp\/v2\/posts\/4804","targetHints":{"allow":["GET"]}}],"collection":[{"href":"https:\/\/www.blognoel.com\/en\/wp-json\/wp\/v2\/posts"}],"about":[{"href":"https:\/\/www.blognoel.com\/en\/wp-json\/wp\/v2\/types\/post"}],"author":[{"embeddable":true,"href":"https:\/\/www.blognoel.com\/en\/wp-json\/wp\/v2\/users\/18"}],"replies":[{"embeddable":true,"href":"https:\/\/www.blognoel.com\/en\/wp-json\/wp\/v2\/comments?post=4804"}],"version-history":[{"count":1,"href":"https:\/\/www.blognoel.com\/en\/wp-json\/wp\/v2\/posts\/4804\/revisions"}],"predecessor-version":[{"id":4838,"href":"https:\/\/www.blognoel.com\/en\/wp-json\/wp\/v2\/posts\/4804\/revisions\/4838"}],"wp:attachment":[{"href":"https:\/\/www.blognoel.com\/en\/wp-json\/wp\/v2\/media?parent=4804"}],"wp:term":[{"taxonomy":"category","embeddable":true,"href":"https:\/\/www.blognoel.com\/en\/wp-json\/wp\/v2\/categories?post=4804"},{"taxonomy":"post_tag","embeddable":true,"href":"https:\/\/www.blognoel.com\/en\/wp-json\/wp\/v2\/tags?post=4804"}],"curies":[{"name":"wp","href":"https:\/\/api.w.org\/{rel}","templated":true}]}}