{"id":4784,"date":"2025-10-21T13:47:00","date_gmt":"2025-10-21T11:47:00","guid":{"rendered":"https:\/\/www.blognoel.com\/?p=4784"},"modified":"2025-10-21T13:47:05","modified_gmt":"2025-10-21T11:47:05","slug":"montreux-le-marche-de-noel-le-plus-feerique-de-suisse","status":"publish","type":"post","link":"https:\/\/www.blognoel.com\/en\/4784\/montreux-le-marche-de-noel-le-plus-feerique-de-suisse\/","title":{"rendered":"Montreux, le march\u00e9 de No\u00ebl le plus f\u00e9\u00e9rique de Suisse"},"content":{"rendered":"<h3 class=\"wp-block-heading\">\ud83c\udf84 Montreux : un d\u00e9cor de conte de f\u00e9es<\/h3>\n\n\n\n<p class=\"wp-block-paragraph\">Chaque hiver, Montreux se transforme en capitale <a href=\"https:\/\/www.suisse-blog.ch\/\" target=\"_blank\" rel=\"noopener\">Swiss<\/a> de la magie de <a href=\"https:\/\/www.blognoel.com\/en\/\">Christmas<\/a>. Le long des quais du L\u00e9man, plus de 170 chalets en bois scintillent sous les guirlandes et les flocons. La douce odeur de vin chaud, de cannelle et de raclette flotte dans l\u2019air.<br>Les visiteurs fl\u00e2nent entre stands d\u2019artisans, fromagers, chocolatiers et bijoutiers, tandis que le\u00a0<strong>Ch\u00e2teau de Chillon<\/strong> devient un d\u00e9cor m\u00e9di\u00e9val vivant o\u00f9 <a href=\"https:\/\/www.blognoel.com\/en\/characters\/elves\/\">elfes<\/a> et troubadours font voyager dans le temps.<\/p>\n\n\n\n<h3 class=\"wp-block-heading\">\ud83e\uddd1\u200d\ud83c\udf84 Le P\u00e8re No\u00ebl volant et les animations<\/h3>\n\n\n\n<p class=\"wp-block-paragraph\">L\u2019un des symboles du march\u00e9 est sans doute le&nbsp;<strong>P\u00e8re No\u00ebl volant<\/strong>, suspendu au-dessus du lac, saluant les enfants depuis son tra\u00eeneau lumineux. Chaque soir, ce spectacle \u00e9merveille les foules.<br>Les enfants peuvent aussi monter au&nbsp;<strong>Village du P\u00e8re No\u00ebl<\/strong>&nbsp;aux Rochers-de-Naye, accessible en train \u00e0 cr\u00e9maill\u00e8re depuis Montreux. L\u00e0-haut, la neige recouvre les chalets, et les marmottes endormies rappellent la douceur alpine.<\/p>\n\n\n\n<h3 class=\"wp-block-heading\">\ud83e\udeb5 Artisanat et traditions suisses<\/h3>\n\n\n\n<p class=\"wp-block-paragraph\">Le march\u00e9 de Montreux met \u00e0 l\u2019honneur l\u2019artisanat local : sculpture sur bois, bougies parfum\u00e9es, objets en cuir, couteaux suisses et d\u00e9corations artisanales.<br>Les visiteurs appr\u00e9cient aussi les&nbsp;<strong>sp\u00e9cialit\u00e9s du terroir<\/strong>&nbsp;: fondue, raclette, bricelets, pain d\u2019\u00e9pices et vin chaud du Lavaux.<\/p>\n\n\n\n<h3 class=\"wp-block-heading\">\ud83c\udf1f Une exp\u00e9rience durable et chaleureuse<\/h3>\n\n\n\n<p class=\"wp-block-paragraph\">Montreux mise sur la durabilit\u00e9 : \u00e9clairage LED, vaisselle r\u00e9utilisable et circuits courts. L\u2019ambiance reste \u00e0 taille humaine, chaleureuse et authentique.<br>De nombreux visiteurs reviennent chaque ann\u00e9e pour ce rendez-vous f\u00e9\u00e9rique, qui allie montagne, culture et gastronomie.<\/p>\n\n\n\n<h2 class=\"wp-block-heading\">Le p\u00e8re No\u00ebl sur son traineau passe au dessus du <a href=\"https:\/\/vaud.suisse-blog.ch\/4\/video-youtube-lac-leman\/\" target=\"_blank\" rel=\"noopener\">lac L\u00e9man <\/a><\/h2>\n\n\n\n<figure class=\"wp-block-embed is-type-video is-provider-youtube wp-block-embed-youtube wp-embed-aspect-9-16 wp-has-aspect-ratio\"><div class=\"wp-block-embed__wrapper\">\n<iframe title=\"march\u00e9 de No\u00ebl \ud83c\udf84 \u00e0 Montreux Suisse\" width=\"563\" height=\"1000\" data-src=\"https:\/\/www.youtube.com\/embed\/Vdw5TK1AIdI?feature=oembed\" frameborder=\"0\" allow=\"accelerometer; autoplay; clipboard-write; encrypted-media; gyroscope; picture-in-picture; web-share\" referrerpolicy=\"strict-origin-when-cross-origin\" allowfullscreen src=\"data:image\/svg+xml;base64,PHN2ZyB3aWR0aD0iMSIgaGVpZ2h0PSIxIiB4bWxucz0iaHR0cDovL3d3dy53My5vcmcvMjAwMC9zdmciPjwvc3ZnPg==\" class=\"lazyload\" data-load-mode=\"1\"><\/iframe>\n<\/div><\/figure>\n\n\n\n<p class=\"wp-block-paragraph\"><\/p>\n\n\n<style>.kt-post-loop4784_5f1cf1-61 .kadence-post-image{padding-top:0px;padding-right:30px;padding-bottom:10px;padding-left:0px;}.kt-post-loop4784_5f1cf1-61 .kt-feat-image-align-left{grid-template-columns:40% auto;}.kt-post-loop4784_5f1cf1-61 .kt-post-grid-wrap{gap:30px 30px;}.kt-post-loop4784_5f1cf1-61 .kt-blocks-post-grid-item{border-top-left-radius:0px;border-top-right-radius:0px;border-bottom-right-radius:0px;border-bottom-left-radius:0px;overflow:hidden;}.kt-post-loop4784_5f1cf1-61 .kt-blocks-post-grid-item .kt-blocks-post-grid-item-inner{padding-top:0px;padding-right:0px;padding-bottom:0px;padding-left:0px;}.kt-post-loop4784_5f1cf1-61 .kt-blocks-post-grid-item header{padding-top:0px;padding-right:0px;padding-bottom:10px;padding-left:0px;margin-top:0px;margin-right:0px;margin-bottom:0px;margin-left:0px;}.kt-post-loop4784_5f1cf1-61 .kt-blocks-post-grid-item .kt-blocks-above-categories{font-size:13px;line-height:20px;text-transform:uppercase;}.kt-post-loop4784_5f1cf1-61 .kt-blocks-post-grid-item .entry-title{padding-top:5px;padding-right:0px;padding-bottom:0px;padding-left:0px;margin-top:0px;margin-right:0px;margin-bottom:0px;margin-left:0px;font-size:24px;line-height:30px;}.kt-post-loop4784_5f1cf1-61 .entry-content{padding-top:0px;padding-right:0px;padding-bottom:0px;padding-left:0px;margin-top:0px;margin-right:0px;margin-bottom:0px;margin-left:0px;font-size:14px;line-height:24px;}.kt-post-loop4784_5f1cf1-61 .kt-blocks-post-footer{border-top-width:0px;border-right-width:0px;border-bottom-width:0px;border-left-width:0px;padding-top:0px;padding-right:0px;padding-bottom:0px;padding-left:0px;margin-top:0px;margin-right:0px;margin-bottom:0px;margin-left:0px;font-size:12px;line-height:20px;text-transform:uppercase;}.kt-post-loop4784_5f1cf1-61 .entry-content:after{height:0px;}.kt-post-loop4784_5f1cf1-61 .kb-filter-item{border-top-width:0px;border-right-width:0px;border-bottom-width:2px;border-left-width:0px;padding-top:5px;padding-right:8px;padding-bottom:5px;padding-left:8px;margin-top:0px;margin-right:10px;margin-bottom:0px;margin-left:0px;}<\/style><div class=\"wp-block-kadence-postgrid kt-blocks-post-loop-block alignnone kt-post-loop4784_5f1cf1-61 kt-post-grid-layout-grid\"><div class=\"kt-post-grid-layout-grid-wrap kt-post-grid-wrap\" data-columns-xxl=\"2\" data-columns-xl=\"2\" data-columns-md=\"2\" data-columns-sm=\"2\" data-columns-xs=\"1\" data-columns-ss=\"1\"data-item-selector=\".kt-post-masonry-item\" aria-label=\"Post Carousel\"><article class=\"kt-blocks-post-grid-item post-5163 post type-post status-publish format-standard has-post-thumbnail hentry category-marche tag-suisse\"><div class=\"kt-blocks-post-grid-item-inner-wrap kt-feat-image-align-left kt-feat-image-mobile-align-top\"><div class=\"kadence-post-image\"><div class=\"kadence-post-image-intrisic kt-image-ratio-133-33\" style=\"padding-bottom:133.33%;\"><div class=\"kadence-post-image-inner-intrisic\"><a href=\"https:\/\/www.blognoel.com\/en\/5163\/ce-village-suisse-feerique-a-ete-elu-plus-beau-marche-de-noel-deurope\/\" aria-label=\"Read More Ce village suisse f\u00e9erique a \u00e9t\u00e9 \u00e9lu plus beau march\u00e9 de No\u00ebl d\u2019Europe\" class=\"kadence-post-image-inner-wrap\"><img decoding=\"async\" width=\"510\" height=\"288\" data-src=\"https:\/\/www.blognoel.com\/wp-content\/smush-webp\/2025\/12\/img_9645.jpg.webp\" class=\"attachment-large size-large wp-post-image lazyload\" alt=\"\" data-srcset=\"https:\/\/www.blognoel.com\/wp-content\/smush-webp\/2025\/12\/img_9645.jpg.webp 510w, https:\/\/www.blognoel.com\/wp-content\/uploads\/2025\/12\/img_9645-18x10.jpg 18w\" data-sizes=\"(max-width: 510px) 100vw, 510px\" src=\"data:image\/svg+xml;base64,PHN2ZyB3aWR0aD0iMSIgaGVpZ2h0PSIxIiB4bWxucz0iaHR0cDovL3d3dy53My5vcmcvMjAwMC9zdmciPjwvc3ZnPg==\" style=\"--smush-placeholder-width: 510px; --smush-placeholder-aspect-ratio: 510\/288;\" data-smush-webp-fallback=\"{&quot;data-src&quot;:&quot;https:\\\/\\\/www.blognoel.com\\\/wp-content\\\/uploads\\\/2025\\\/12\\\/img_9645.jpg&quot;,&quot;data-srcset&quot;:&quot;https:\\\/\\\/www.blognoel.com\\\/wp-content\\\/uploads\\\/2025\\\/12\\\/img_9645.jpg 510w, https:\\\/\\\/www.blognoel.com\\\/wp-content\\\/uploads\\\/2025\\\/12\\\/img_9645-18x10.jpg 18w&quot;}\" \/><\/a><\/div><\/div><\/div><div class=\"kt-blocks-post-grid-item-inner\"><header><h2 class=\"entry-title\"><a href=\"https:\/\/www.blognoel.com\/en\/5163\/ce-village-suisse-feerique-a-ete-elu-plus-beau-marche-de-noel-deurope\/\">Ce village suisse f\u00e9erique a \u00e9t\u00e9 \u00e9lu plus beau march\u00e9 de No\u00ebl d\u2019Europe<\/a><\/h2><div class=\"kt-blocks-post-top-meta\"><div class=\"kt-blocks-date\"><span class=\"kt-blocks-date-pretext\">Posted on <\/span><time datetime=\"2025-12-19T22:47:57+01:00\" class=\"kt-blocks-post-date\">19 December 2025<\/time><\/div><\/div><\/header><div class=\"entry-content\">\u00c0 l\u2019approche de No\u00ebl, la magie s\u2019invite partout et transforme nos villes en v\u00e9ritables d\u00e9cors de conte de f\u00e9es. \u00c0 quelques jours des f\u00eates, les march\u00e9s de No\u00ebl s\u2019imposent comme&#8230;<\/div><footer class=\"kt-blocks-post-footer\"><div class=\"kt-blocks-post-footer-left\"><\/div><div class=\"kt-blocks-post-footer-right\"><\/div><\/footer><\/div><\/div><\/article><article class=\"kt-blocks-post-grid-item post-5147 post type-post status-publish format-standard has-post-thumbnail hentry category-marche tag-europe tag-roumanie\"><div class=\"kt-blocks-post-grid-item-inner-wrap kt-feat-image-align-left kt-feat-image-mobile-align-top\"><div class=\"kadence-post-image\"><div class=\"kadence-post-image-intrisic kt-image-ratio-133-33\" style=\"padding-bottom:133.33%;\"><div class=\"kadence-post-image-inner-intrisic\"><a href=\"https:\/\/www.blognoel.com\/en\/5147\/le-plus-grand-marche-de-noel-a-craiova-en-roumanie\/\" aria-label=\"Read More Le plus grand march\u00e9 de No\u00ebl \u00e0 Craiova en Roumanie\" class=\"kadence-post-image-inner-wrap\"><img decoding=\"async\" width=\"1024\" height=\"1024\" data-src=\"https:\/\/www.blognoel.com\/wp-content\/smush-webp\/2025\/11\/img_8632.png.webp\" class=\"attachment-large size-large wp-post-image lazyload\" alt=\"\" data-srcset=\"https:\/\/www.blognoel.com\/wp-content\/smush-webp\/2025\/11\/img_8632.png.webp 1024w, https:\/\/www.blognoel.com\/wp-content\/smush-webp\/2025\/11\/img_8632-600x600.png.webp 600w, https:\/\/www.blognoel.com\/wp-content\/smush-webp\/2025\/11\/img_8632-300x300.png.webp 300w, https:\/\/www.blognoel.com\/wp-content\/smush-webp\/2025\/11\/img_8632-768x768.png.webp 768w, https:\/\/www.blognoel.com\/wp-content\/smush-webp\/2025\/11\/img_8632-12x12.png.webp 12w\" data-sizes=\"(max-width: 1024px) 100vw, 1024px\" src=\"data:image\/svg+xml;base64,PHN2ZyB3aWR0aD0iMSIgaGVpZ2h0PSIxIiB4bWxucz0iaHR0cDovL3d3dy53My5vcmcvMjAwMC9zdmciPjwvc3ZnPg==\" style=\"--smush-placeholder-width: 1024px; --smush-placeholder-aspect-ratio: 1024\/1024;\" data-smush-webp-fallback=\"{&quot;data-src&quot;:&quot;https:\\\/\\\/www.blognoel.com\\\/wp-content\\\/uploads\\\/2025\\\/11\\\/img_8632.png&quot;,&quot;data-srcset&quot;:&quot;https:\\\/\\\/www.blognoel.com\\\/wp-content\\\/uploads\\\/2025\\\/11\\\/img_8632.png 1024w, https:\\\/\\\/www.blognoel.com\\\/wp-content\\\/uploads\\\/2025\\\/11\\\/img_8632-600x600.png 600w, https:\\\/\\\/www.blognoel.com\\\/wp-content\\\/uploads\\\/2025\\\/11\\\/img_8632-300x300.png 300w, https:\\\/\\\/www.blognoel.com\\\/wp-content\\\/uploads\\\/2025\\\/11\\\/img_8632-768x768.png 768w, https:\\\/\\\/www.blognoel.com\\\/wp-content\\\/uploads\\\/2025\\\/11\\\/img_8632-12x12.png 12w&quot;}\" \/><\/a><\/div><\/div><\/div><div class=\"kt-blocks-post-grid-item-inner\"><header><h2 class=\"entry-title\"><a href=\"https:\/\/www.blognoel.com\/en\/5147\/le-plus-grand-marche-de-noel-a-craiova-en-roumanie\/\">Le plus grand march\u00e9 de No\u00ebl \u00e0 Craiova en Roumanie<\/a><\/h2><div class=\"kt-blocks-post-top-meta\"><div class=\"kt-blocks-date\"><span class=\"kt-blocks-date-pretext\">Posted on <\/span><time datetime=\"2025-12-08T00:48:26+01:00\" class=\"kt-blocks-post-date\">8 December 2025<\/time><\/div><\/div><\/header><div class=\"entry-content\">Voici quelques images du march\u00e9 de No\u00ebl de Craiova<\/div><footer class=\"kt-blocks-post-footer\"><div class=\"kt-blocks-post-footer-left\"><\/div><div class=\"kt-blocks-post-footer-right\"><\/div><\/footer><\/div><\/div><\/article><article class=\"kt-blocks-post-grid-item post-5126 post type-post status-publish format-standard has-post-thumbnail hentry category-marche category-reseaux-sociaux tag-instagram\"><div class=\"kt-blocks-post-grid-item-inner-wrap kt-feat-image-align-left kt-feat-image-mobile-align-top\"><div class=\"kadence-post-image\"><div class=\"kadence-post-image-intrisic kt-image-ratio-133-33\" style=\"padding-bottom:133.33%;\"><div class=\"kadence-post-image-inner-intrisic\"><a href=\"https:\/\/www.blognoel.com\/en\/5126\/un-marche-de-noel-a-buckingham-une-supercherie-nee-de-lia\/\" aria-label=\"Read More Un march\u00e9 de No\u00ebl \u00e0 Buckingham ? Une supercherie n\u00e9e de l\u2019IA\" class=\"kadence-post-image-inner-wrap\"><img decoding=\"async\" width=\"800\" height=\"533\" data-src=\"https:\/\/www.blognoel.com\/wp-content\/smush-webp\/2025\/11\/img_8866.jpg.webp\" class=\"attachment-large size-large wp-post-image lazyload\" alt=\"\" data-srcset=\"https:\/\/www.blognoel.com\/wp-content\/smush-webp\/2025\/11\/img_8866.jpg.webp 800w, https:\/\/www.blognoel.com\/wp-content\/smush-webp\/2025\/11\/img_8866-600x400.jpg.webp 600w, https:\/\/www.blognoel.com\/wp-content\/smush-webp\/2025\/11\/img_8866-768x512.jpg.webp 768w, https:\/\/www.blognoel.com\/wp-content\/smush-webp\/2025\/11\/img_8866-18x12.jpg.webp 18w\" data-sizes=\"(max-width: 800px) 100vw, 800px\" src=\"data:image\/svg+xml;base64,PHN2ZyB3aWR0aD0iMSIgaGVpZ2h0PSIxIiB4bWxucz0iaHR0cDovL3d3dy53My5vcmcvMjAwMC9zdmciPjwvc3ZnPg==\" style=\"--smush-placeholder-width: 800px; --smush-placeholder-aspect-ratio: 800\/533;\" data-smush-webp-fallback=\"{&quot;data-src&quot;:&quot;https:\\\/\\\/www.blognoel.com\\\/wp-content\\\/uploads\\\/2025\\\/11\\\/img_8866.jpg&quot;,&quot;data-srcset&quot;:&quot;https:\\\/\\\/www.blognoel.com\\\/wp-content\\\/uploads\\\/2025\\\/11\\\/img_8866.jpg 800w, https:\\\/\\\/www.blognoel.com\\\/wp-content\\\/uploads\\\/2025\\\/11\\\/img_8866-600x400.jpg 600w, https:\\\/\\\/www.blognoel.com\\\/wp-content\\\/uploads\\\/2025\\\/11\\\/img_8866-768x512.jpg 768w, https:\\\/\\\/www.blognoel.com\\\/wp-content\\\/uploads\\\/2025\\\/11\\\/img_8866-18x12.jpg 18w&quot;}\" \/><\/a><\/div><\/div><\/div><div class=\"kt-blocks-post-grid-item-inner\"><header><h2 class=\"entry-title\"><a href=\"https:\/\/www.blognoel.com\/en\/5126\/un-marche-de-noel-a-buckingham-une-supercherie-nee-de-lia\/\">Un march\u00e9 de No\u00ebl \u00e0 Buckingham ? Une supercherie n\u00e9e de l\u2019IA<\/a><\/h2><div class=\"kt-blocks-post-top-meta\"><div class=\"kt-blocks-date\"><span class=\"kt-blocks-date-pretext\">Posted on <\/span><time datetime=\"2025-11-22T07:44:46+01:00\" class=\"kt-blocks-post-date\">22 November 2025<\/time><\/div><\/div><\/header><div class=\"entry-content\">Un faux march\u00e9 de No\u00ebl devant le palais de Buckingham a pi\u00e9g\u00e9 de nombreux touristes, s\u00e9duits par une image g\u00e9n\u00e9r\u00e9e par l\u2019IA et largement diffus\u00e9e sur les r\u00e9seaux sociaux. Pensant&#8230;<\/div><footer class=\"kt-blocks-post-footer\"><div class=\"kt-blocks-post-footer-left\"><\/div><div class=\"kt-blocks-post-footer-right\"><\/div><\/footer><\/div><\/div><\/article><article class=\"kt-blocks-post-grid-item post-4926 post type-post status-publish format-standard has-post-thumbnail hentry category-marche tag-canada tag-montreal\"><div class=\"kt-blocks-post-grid-item-inner-wrap kt-feat-image-align-left kt-feat-image-mobile-align-top\"><div class=\"kadence-post-image\"><div class=\"kadence-post-image-intrisic kt-image-ratio-133-33\" style=\"padding-bottom:133.33%;\"><div class=\"kadence-post-image-inner-intrisic\"><a href=\"https:\/\/www.blognoel.com\/en\/4926\/1-%f0%9f%8e%81-histoire-traditions-de-noel-a-montreal\/\" aria-label=\"Read More 1. \ud83c\udf81 Histoire &#038; traditions de No\u00ebl \u00e0 Montr\u00e9al\" class=\"kadence-post-image-inner-wrap\"><img decoding=\"async\" width=\"1256\" height=\"707\" data-src=\"https:\/\/www.blognoel.com\/wp-content\/uploads\/2025\/11\/montreal-at-christmastime-is-som-1256x707.jpg\" class=\"attachment-large size-large wp-post-image lazyload\" alt=\"Montr\u00e9al \u00e0 No\u00ebl\" data-srcset=\"https:\/\/www.blognoel.com\/wp-content\/uploads\/2025\/11\/montreal-at-christmastime-is-som-1256x707.jpg 1256w, https:\/\/www.blognoel.com\/wp-content\/uploads\/2025\/11\/montreal-at-christmastime-is-som-600x338.jpg 600w, https:\/\/www.blognoel.com\/wp-content\/uploads\/2025\/11\/montreal-at-christmastime-is-som-768x432.jpg 768w, https:\/\/www.blognoel.com\/wp-content\/uploads\/2025\/11\/montreal-at-christmastime-is-som-18x10.jpg 18w, https:\/\/www.blognoel.com\/wp-content\/uploads\/2025\/11\/montreal-at-christmastime-is-som.jpg 1280w\" data-sizes=\"(max-width: 1256px) 100vw, 1256px\" src=\"data:image\/svg+xml;base64,PHN2ZyB3aWR0aD0iMSIgaGVpZ2h0PSIxIiB4bWxucz0iaHR0cDovL3d3dy53My5vcmcvMjAwMC9zdmciPjwvc3ZnPg==\" style=\"--smush-placeholder-width: 1256px; --smush-placeholder-aspect-ratio: 1256\/707;\" \/><\/a><\/div><\/div><\/div><div class=\"kt-blocks-post-grid-item-inner\"><header><h2 class=\"entry-title\"><a href=\"https:\/\/www.blognoel.com\/en\/4926\/1-%f0%9f%8e%81-histoire-traditions-de-noel-a-montreal\/\">1. \ud83c\udf81 History &amp; traditions of Christmas in Montreal<\/a><\/h2><div class=\"kt-blocks-post-top-meta\"><div class=\"kt-blocks-date\"><span class=\"kt-blocks-date-pretext\">Posted on <\/span><time datetime=\"2025-11-03T07:30:01+01:00\" class=\"kt-blocks-post-date\">3 November 2025<\/time><\/div><\/div><\/header><div class=\"entry-content\">Plongez dans la magie de No\u00ebl \u00e0 Montr\u00e9al ! March\u00e9s, traditions qu\u00e9b\u00e9coises, tourti\u00e8re, illuminations, sorties familiales et activit\u00e9s hivernales : le guide complet.<\/div><footer class=\"kt-blocks-post-footer\"><div class=\"kt-blocks-post-footer-left\"><\/div><div class=\"kt-blocks-post-footer-right\"><\/div><\/footer><\/div><\/div><\/article><article class=\"kt-blocks-post-grid-item post-5002 post type-post status-publish format-standard has-post-thumbnail hentry category-marche category-videos tag-france\"><div class=\"kt-blocks-post-grid-item-inner-wrap kt-feat-image-align-left kt-feat-image-mobile-align-top\"><div class=\"kadence-post-image\"><div class=\"kadence-post-image-intrisic kt-image-ratio-133-33\" style=\"padding-bottom:133.33%;\"><div class=\"kadence-post-image-inner-intrisic\"><a href=\"https:\/\/www.blognoel.com\/en\/5002\/%f0%9f%8e%84-le-marche-de-noel-de-colmar-histoire-traditions-et-magie-alsacienne\/\" aria-label=\"Read More \ud83c\udf84 Le March\u00e9 de No\u00ebl de Colmar : Histoire, traditions et magie alsacienne\" class=\"kadence-post-image-inner-wrap\"><img decoding=\"async\" width=\"1256\" height=\"837\" data-src=\"https:\/\/www.blognoel.com\/wp-content\/smush-webp\/2025\/10\/marche-de-noel-a-Colmar-blognoel-1256x837.png.webp\" class=\"attachment-large size-large wp-post-image lazyload\" alt=\"marche\u0301 de noe\u0308l a\u0300 Colmar blognoel alsace France\" data-srcset=\"https:\/\/www.blognoel.com\/wp-content\/smush-webp\/2025\/10\/marche-de-noel-a-Colmar-blognoel-1256x837.png.webp 1256w, https:\/\/www.blognoel.com\/wp-content\/smush-webp\/2025\/10\/marche-de-noel-a-Colmar-blognoel-600x400.png.webp 600w, https:\/\/www.blognoel.com\/wp-content\/smush-webp\/2025\/10\/marche-de-noel-a-Colmar-blognoel-768x512.png.webp 768w, https:\/\/www.blognoel.com\/wp-content\/smush-webp\/2025\/10\/marche-de-noel-a-Colmar-blognoel-18x12.png.webp 18w, https:\/\/www.blognoel.com\/wp-content\/smush-webp\/2025\/10\/marche-de-noel-a-Colmar-blognoel.png.webp 1536w\" data-sizes=\"(max-width: 1256px) 100vw, 1256px\" src=\"data:image\/svg+xml;base64,PHN2ZyB3aWR0aD0iMSIgaGVpZ2h0PSIxIiB4bWxucz0iaHR0cDovL3d3dy53My5vcmcvMjAwMC9zdmciPjwvc3ZnPg==\" style=\"--smush-placeholder-width: 1256px; --smush-placeholder-aspect-ratio: 1256\/837;\" data-smush-webp-fallback=\"{&quot;data-src&quot;:&quot;https:\\\/\\\/www.blognoel.com\\\/wp-content\\\/uploads\\\/2025\\\/10\\\/marche-de-noel-a-Colmar-blognoel-1256x837.png&quot;,&quot;data-srcset&quot;:&quot;https:\\\/\\\/www.blognoel.com\\\/wp-content\\\/uploads\\\/2025\\\/10\\\/marche-de-noel-a-Colmar-blognoel-1256x837.png 1256w, https:\\\/\\\/www.blognoel.com\\\/wp-content\\\/uploads\\\/2025\\\/10\\\/marche-de-noel-a-Colmar-blognoel-600x400.png 600w, https:\\\/\\\/www.blognoel.com\\\/wp-content\\\/uploads\\\/2025\\\/10\\\/marche-de-noel-a-Colmar-blognoel-768x512.png 768w, https:\\\/\\\/www.blognoel.com\\\/wp-content\\\/uploads\\\/2025\\\/10\\\/marche-de-noel-a-Colmar-blognoel-18x12.png 18w, https:\\\/\\\/www.blognoel.com\\\/wp-content\\\/uploads\\\/2025\\\/10\\\/marche-de-noel-a-Colmar-blognoel.png 1536w&quot;}\" \/><\/a><\/div><\/div><\/div><div class=\"kt-blocks-post-grid-item-inner\"><header><h2 class=\"entry-title\"><a href=\"https:\/\/www.blognoel.com\/en\/5002\/%f0%9f%8e%84-le-marche-de-noel-de-colmar-histoire-traditions-et-magie-alsacienne\/\">\ud83c\udf84 Colmar Christmas Market: History, traditions and Alsatian magic<\/a><\/h2><div class=\"kt-blocks-post-top-meta\"><div class=\"kt-blocks-date\"><span class=\"kt-blocks-date-pretext\">Posted on <\/span><time datetime=\"2025-10-31T10:33:43+01:00\" class=\"kt-blocks-post-date\">31 October 2025<\/time><\/div><\/div><\/header><div class=\"entry-content\">Une f\u00e9erie au c\u0153ur de l\u2019Alsace Parmi les plus beaux march\u00e9s de No\u00ebl d\u2019Europe, celui de&nbsp;Colmar&nbsp;occupe une place \u00e0 part. Chaque hiver, cette cit\u00e9 m\u00e9di\u00e9vale alsacienne se transforme en un&#8230;<\/div><footer class=\"kt-blocks-post-footer\"><div class=\"kt-blocks-post-footer-left\"><\/div><div class=\"kt-blocks-post-footer-right\"><\/div><\/footer><\/div><\/div><\/article><article class=\"kt-blocks-post-grid-item post-4929 post type-post status-publish format-standard has-post-thumbnail hentry category-marche tag-floride tag-monde\"><div class=\"kt-blocks-post-grid-item-inner-wrap kt-feat-image-align-left kt-feat-image-mobile-align-top\"><div class=\"kadence-post-image\"><div class=\"kadence-post-image-intrisic kt-image-ratio-133-33\" style=\"padding-bottom:133.33%;\"><div class=\"kadence-post-image-inner-intrisic\"><a href=\"https:\/\/www.blognoel.com\/en\/4929\/noel-magique-en-floride-un-guide-des-festivites-des-fetes\/\" aria-label=\"Read More No\u00ebl magique en Floride\u00a0: un guide des festivit\u00e9s des f\u00eates\" class=\"kadence-post-image-inner-wrap\"><img decoding=\"async\" width=\"1256\" height=\"707\" data-src=\"https:\/\/www.blognoel.com\/wp-content\/uploads\/2025\/10\/magic-kingdom-christmas-nighttim-1256x707.jpg\" class=\"attachment-large size-large wp-post-image lazyload\" alt=\"\" data-srcset=\"https:\/\/www.blognoel.com\/wp-content\/uploads\/2025\/10\/magic-kingdom-christmas-nighttim-1256x707.jpg 1256w, https:\/\/www.blognoel.com\/wp-content\/uploads\/2025\/10\/magic-kingdom-christmas-nighttim-600x338.jpg 600w, https:\/\/www.blognoel.com\/wp-content\/uploads\/2025\/10\/magic-kingdom-christmas-nighttim-768x432.jpg 768w, https:\/\/www.blognoel.com\/wp-content\/uploads\/2025\/10\/magic-kingdom-christmas-nighttim-18x10.jpg 18w, https:\/\/www.blognoel.com\/wp-content\/uploads\/2025\/10\/magic-kingdom-christmas-nighttim.jpg 1280w\" data-sizes=\"(max-width: 1256px) 100vw, 1256px\" src=\"data:image\/svg+xml;base64,PHN2ZyB3aWR0aD0iMSIgaGVpZ2h0PSIxIiB4bWxucz0iaHR0cDovL3d3dy53My5vcmcvMjAwMC9zdmciPjwvc3ZnPg==\" style=\"--smush-placeholder-width: 1256px; --smush-placeholder-aspect-ratio: 1256\/707;\" \/><\/a><\/div><\/div><\/div><div class=\"kt-blocks-post-grid-item-inner\"><header><h2 class=\"entry-title\"><a href=\"https:\/\/www.blognoel.com\/en\/4929\/noel-magique-en-floride-un-guide-des-festivites-des-fetes\/\">A Magical Christmas in Florida: A Guide to the Holiday Festivities<\/a><\/h2><div class=\"kt-blocks-post-top-meta\"><div class=\"kt-blocks-date\"><span class=\"kt-blocks-date-pretext\">Posted on <\/span><time datetime=\"2025-10-29T13:44:00+01:00\" class=\"kt-blocks-post-date\">29 October 2025<\/time><\/div><\/div><\/header><div class=\"entry-content\">\u00c0 l&rsquo;approche des f\u00eates de fin d&rsquo;ann\u00e9e, la Floride se transforme en un pays des merveilles rempli de lumi\u00e8res \u00e9blouissantes, d&rsquo;\u00e9v\u00e9nements festifs et de c\u00e9l\u00e9brations joyeuses. Des superbes parcs \u00e0&#8230;<\/div><footer class=\"kt-blocks-post-footer\"><div class=\"kt-blocks-post-footer-left\"><\/div><div class=\"kt-blocks-post-footer-right\"><\/div><\/footer><\/div><\/div><\/article><\/div><\/div><!-- .wp-block-kadence-postgrid -->","protected":false},"excerpt":{"rendered":"<p>Au bord du L\u00e9man, le march\u00e9 de No\u00ebl de Montreux est une f\u00e9erie alpine. Entre chalets illumin\u00e9s, artisans suisses et P\u00e8re No\u00ebl volant, il charme petits et grands dans un d\u00e9cor de carte postale.<\/p>","protected":false},"author":18,"featured_media":4800,"comment_status":"open","ping_status":"open","sticky":false,"template":"","format":"standard","meta":{"_kad_blocks_custom_css":"","_kad_blocks_head_custom_js":"","_kad_blocks_body_custom_js":"","_kad_blocks_footer_custom_js":"","_kadence_starter_templates_imported_post":false,"_kad_post_transparent":"","_kad_post_title":"","_kad_post_layout":"","_kad_post_sidebar_id":"","_kad_post_content_style":"","_kad_post_vertical_padding":"","_kad_post_feature":"","_kad_post_feature_position":"","_kad_post_header":false,"_kad_post_footer":false,"_kad_post_classname":"","_jetpack_newsletter_access":"","_jetpack_dont_email_post_to_subs":false,"_jetpack_newsletter_tier_id":0,"_jetpack_memberships_contains_paywalled_content":false,"_jetpack_feature_clip_id":0,"_jetpack_memberships_contains_paid_content":false,"footnotes":"","jetpack_publicize_message":"","jetpack_publicize_feature_enabled":true,"jetpack_social_post_already_shared":false,"jetpack_social_options":{"image_generator_settings":{"template":"highway","default_image_id":0,"font":"","enabled":false},"version":2},"jetpack_post_was_ever_published":false},"categories":[275],"tags":[118],"class_list":["post-4784","post","type-post","status-publish","format-standard","has-post-thumbnail","hentry","category-marche","tag-suisse"],"views":220,"jetpack_publicize_connections":[],"taxonomy_info":{"category":[{"value":275,"label":"March\u00e9"}],"post_tag":[{"value":118,"label":"Suisse"}]},"featured_image_src_large":["https:\/\/www.blognoel.com\/wp-content\/uploads\/2025\/10\/Marche-de-Noel-a-Montreux-1200x800.png",1200,800,true],"author_info":{"display_name":"Jean","author_link":"https:\/\/www.blognoel.com\/en\/author\/bcbg12\/"},"comment_info":0,"category_info":[{"term_id":275,"name":"March\u00e9","slug":"marche","term_group":0,"term_taxonomy_id":275,"taxonomy":"category","description":"","parent":14,"count":12,"filter":"raw","cat_ID":275,"category_count":12,"category_description":"","cat_name":"March\u00e9","category_nicename":"marche","category_parent":14}],"tag_info":[{"term_id":118,"name":"Suisse","slug":"suisse","term_group":0,"term_taxonomy_id":118,"taxonomy":"post_tag","description":"","parent":0,"count":7,"filter":"raw"}],"jetpack_sharing_enabled":true,"jetpack_featured_media_url":"https:\/\/www.blognoel.com\/wp-content\/uploads\/2025\/10\/Marche-de-Noel-a-Montreux.png","_links":{"self":[{"href":"https:\/\/www.blognoel.com\/en\/wp-json\/wp\/v2\/posts\/4784","targetHints":{"allow":["GET"]}}],"collection":[{"href":"https:\/\/www.blognoel.com\/en\/wp-json\/wp\/v2\/posts"}],"about":[{"href":"https:\/\/www.blognoel.com\/en\/wp-json\/wp\/v2\/types\/post"}],"author":[{"embeddable":true,"href":"https:\/\/www.blognoel.com\/en\/wp-json\/wp\/v2\/users\/18"}],"replies":[{"embeddable":true,"href":"https:\/\/www.blognoel.com\/en\/wp-json\/wp\/v2\/comments?post=4784"}],"version-history":[{"count":2,"href":"https:\/\/www.blognoel.com\/en\/wp-json\/wp\/v2\/posts\/4784\/revisions"}],"predecessor-version":[{"id":4813,"href":"https:\/\/www.blognoel.com\/en\/wp-json\/wp\/v2\/posts\/4784\/revisions\/4813"}],"wp:featuredmedia":[{"embeddable":true,"href":"https:\/\/www.blognoel.com\/en\/wp-json\/wp\/v2\/media\/4800"}],"wp:attachment":[{"href":"https:\/\/www.blognoel.com\/en\/wp-json\/wp\/v2\/media?parent=4784"}],"wp:term":[{"taxonomy":"category","embeddable":true,"href":"https:\/\/www.blognoel.com\/en\/wp-json\/wp\/v2\/categories?post=4784"},{"taxonomy":"post_tag","embeddable":true,"href":"https:\/\/www.blognoel.com\/en\/wp-json\/wp\/v2\/tags?post=4784"}],"curies":[{"name":"wp","href":"https:\/\/api.w.org\/{rel}","templated":true}]}}