{"id":758,"date":"2014-09-05T23:08:53","date_gmt":"2014-09-05T23:08:53","guid":{"rendered":"http:\/\/www.blognoel.com\/?p=758"},"modified":"2014-09-05T23:08:53","modified_gmt":"2014-09-05T23:08:53","slug":"zu-weihnachten-ein-ausflug-in-den-europa-park","status":"publish","type":"post","link":"https:\/\/www.blognoel.com\/de\/758\/zu-weihnachten-ein-ausflug-in-den-europa-park\/","title":{"rendered":"Ein Ausflug in den Europa-Park zu Weihnachten"},"content":{"rendered":"<p><a href=\"http:\/\/www.blognoel.com\/de\/758\/zu-weihnachten-ein-ausflug-in-den-europa-park\/europa-park\/\" rel=\"attachment wp-att-759\"><img decoding=\"async\" class=\"alignleft size-thumbnail wp-image-759 lazyload\" title=\"Europa-Park\" data-src=\"http:\/\/www.blognoel.com\/wp-content\/smush-webp\/2010\/12\/Europa-park-150x150.jpg.webp\" alt=\"\" width=\"150\" height=\"150\" src=\"data:image\/svg+xml;base64,PHN2ZyB3aWR0aD0iMSIgaGVpZ2h0PSIxIiB4bWxucz0iaHR0cDovL3d3dy53My5vcmcvMjAwMC9zdmciPjwvc3ZnPg==\" style=\"--smush-placeholder-width: 150px; --smush-placeholder-aspect-ratio: 150\/150;\" data-smush-webp-fallback=\"{&quot;data-src&quot;:&quot;http:\\\/\\\/www.blognoel.com\\\/wp-content\\\/uploads\\\/2010\\\/12\\\/Europa-park-150x150.jpg&quot;}\" \/><\/a><\/p>\n<p>Im Herzen Deutschlands feiert der weltweit f\u00fchrende saisonale Freizeitpark sein 35-j\u00e4hriges Jubil\u00e4um und sein 10-j\u00e4hriges<sup>e<\/sup> Wintersaison (vom 27. November 2010 bis 9. Januar 2011). Wie bei jeder Ausgabe stehen Shows, Unterhaltung, Magie und Zauber auf dem Programm. Aber es gibt etwas Neues.<\/p>\n<p><strong>Was ist neu<\/strong><\/p>\n<p>&nbsp;<\/p>\n<p>Mit dem Bau des 55 Meter hohen Riesenrads \u201eBellevue\u201c mit 42 Gondeln \u00f6ffnete in diesem Jahr ein isl\u00e4ndischer Stadtteil seine Pforten. Aus der Vogelperspektive bietet sich ein atemberaubender Blick auf die herrliche Schneelandschaft des Parks und die Ausstellung \u201eTomi Ungerers Tierwelt\u201c in der Mercedes-Benz-Halle.<\/p>\n<p>Geplant sind zahlreiche Attraktionen, wie zum Beispiel die Achterbahn \u201eEuro-Mir\u201c und \u201eEurosat\u201c f\u00fcr Abenteuerlustige. F\u00fcr Outdoor-Fans wurden eigens zu diesem Anlass eine riesige Eislaufbahn, eine Rodelbahn, eine Skipiste (f\u00fcr Kinder \u2013 mit der M\u00f6glichkeit, Skifahren zu lernen), Schneemobile und die Bar \u201eGlaciar\u201c mit einer Innentemperatur von -18\u00b0C installiert.<\/p>\n<p>D\u00e9di\u00e9s aux th\u00e8mes de l\u2019hiver et de <a href=\"https:\/\/www.blognoel.com\/de\/\">Weihnachten<\/a>, le public peut d\u00e9couvrir de somptueux spectacles, d\u00e9ambuler \u00e0 travers les diff\u00e9rents quartiers du parc richement d\u00e9cor\u00e9s ou encore faire une halte au march\u00e9 de No\u00ebl de l\u2019All\u00e9e Allemande et d\u00e9guster un bon vin chaud et quelques saucisses grill\u00e9es.<\/p>\n<p><strong>Um Kinder zu blenden<\/strong><\/p>\n<p>&nbsp;<\/p>\n<p>Les plus jeunes seront \u00e9galement choy\u00e9s avec \u00ab Le monde des merveilles hivernales \u00bb\u00a0: un univers de jeux, de 2.500 m2, sur le th\u00e8me du cirque, dans lequel ils pourront aussi profiter de repr\u00e9sentations qui leurs sont sp\u00e9cialement consacr\u00e9es dont une premi\u00e8re : le spectacle multim\u00e9dia \u00ab Euromaus en Live chez le <a href=\"https:\/\/www.blognoel.com\/de\/charaktere\/weihnachtsmann\/\">Weihnachtsmann<\/a> \u00bb. Cette nouvelle technologie pr\u00e9sente la mascotte de l\u2019\u00e9v\u00e9nement en 3D et offre la possibilit\u00e9 aux enfants de s\u2019entretenir avec elle.<\/p>\n<p>Erstmals nimmt das Land aus Feuer und Eis an der Winterer\u00f6ffnung teil und bietet seinen Besuchern zus\u00e4tzlich 30.000 m2 Unterhaltung mit Familienattraktionen wie den \u201eWhale Adventures-Splash Tours\u201c, dem Spielplatz \u201eL\u00edtill Island\u201c und der \u201eGAZPROM World\u201c (dem mit tausend Lichtern geschm\u00fcckten Energiewunder), die dieses Jahr in russische Weihnachtsatmosph\u00e4re taucht. Im Inneren sind zahlreiche t\u00e4gliche Aktivit\u00e4ten wie das Erz\u00e4hlen russischer Weihnachtsm\u00e4rchen, ein Zeichenworkshop, eine Fotobox mit dem Versenden von weihnachtlichen E-Postkarten und viele weitere kleine Weihnachts\u00fcberraschungen geplant. Drau\u00dfen erfreuen Ponyreiten durch das Isl\u00e4ndische Viertel die Kleinen.<\/p>\n<p><strong>Die \u201eZirkus-Revue\u201c<\/strong> \u00bb<\/p>\n<p>Unter der Regie von Joseph Bouglione pr\u00e4sentiert diese farbenfrohe Show mehrere internationale K\u00fcnstler. In einem authentischen Zirkuszelt auf dem Place des Festivals pr\u00e4sentiert La Revue dem Publikum die wichtigsten und traditionellsten Darbietungen aus Akrobatik, Magie, Dressur und Humor.<\/p>\n<p><strong>Die Nachtverzauberung<\/strong><\/p>\n<p>Jeden Abend sorgen zwei Veranstaltungen bei Einbruch der Dunkelheit f\u00fcr ein Ereignis: die Show \u201eLuna Magica\u201c auf dem See des Universe of Adventure, bei der Lichter, Wasserspiele und Spezialeffekte zu sehen sind, gefolgt von der pr\u00e4chtigen \u201eParade\u201c mit tausend Lichtergirlanden!<\/p>\n<p>\u00d6ffnungszeiten f\u00fcr die Wintersaison 2010\/2011:<\/p>\n<p>Vom 27. November 2010 bis 9. Januar 2011 (au\u00dfer 24. und 25. Dezember 2010).<\/p>\n<p>Erwachsenentarif: 29 \u20ac \u2013 Kindertarif (4 bis 11 Jahre): 26 \u20ac.<\/p>\n<p>Tarif \u201eAbendkarte\u201c (von 16.00 bis 19.00 Uhr): Erwachsene 16,50 \u20ac \u2013 Kinder (4 bis 11 Jahre) 13,50 \u20ac<\/p>\n<p>Um mehr zu erfahren<\/p>\n<p><a href=\"http:\/\/www.europapark\/\" target=\"_blank\" rel=\"noopener\">www.europapark<\/a>.<\/p>","protected":false},"excerpt":{"rendered":"<p>Mitten in Deutschland feiert der weltweit f\u00fchrende saisonale Freizeitpark sein 35-j\u00e4hriges Jubil\u00e4um und seine 10. Wintersaison (vom 27. November 2010 bis 9. Januar 2011). Wie jedes Jahr stehen Shows, Unterhaltung, Magie und Zauber auf dem Programm. Doch es gibt etwas Neues. Was gibt es Neues? Ein isl\u00e4ndisches Viertel wurde er\u00f6ffnet...<\/p>","protected":false},"author":3,"featured_media":0,"comment_status":"open","ping_status":"open","sticky":false,"template":"","format":"standard","meta":{"_kad_blocks_custom_css":"","_kad_blocks_head_custom_js":"","_kad_blocks_body_custom_js":"","_kad_blocks_footer_custom_js":"","_kadence_starter_templates_imported_post":false,"_kad_post_transparent":"","_kad_post_title":"","_kad_post_layout":"","_kad_post_sidebar_id":"","_kad_post_content_style":"","_kad_post_vertical_padding":"","_kad_post_feature":"","_kad_post_feature_position":"","_kad_post_header":false,"_kad_post_footer":false,"_kad_post_classname":"","_jetpack_newsletter_access":"","_jetpack_dont_email_post_to_subs":false,"_jetpack_newsletter_tier_id":0,"_jetpack_memberships_contains_paywalled_content":false,"_jetpack_feature_clip_id":0,"_jetpack_memberships_contains_paid_content":false,"footnotes":"","jetpack_publicize_message":"","jetpack_publicize_feature_enabled":true,"jetpack_social_post_already_shared":false,"jetpack_social_options":{"image_generator_settings":{"template":"highway","default_image_id":0,"font":"","enabled":false},"version":2},"jetpack_post_was_ever_published":false},"categories":[14],"tags":[52,146,132,82,83],"class_list":["post-758","post","type-post","status-publish","format-standard","hentry","category-fete-de-noel","tag-enfants","tag-europe","tag-famille","tag-festivites-de-noel","tag-noel-dans-le-monde"],"views":285,"jetpack_publicize_connections":[],"taxonomy_info":{"category":[{"value":14,"label":"F\u00eate de No\u00ebl"}],"post_tag":[{"value":52,"label":"enfants"},{"value":146,"label":"Europe"},{"value":132,"label":"famille"},{"value":82,"label":"festivit\u00e9s de No\u00ebl"},{"value":83,"label":"No\u00ebl dans le monde"}]},"featured_image_src_large":false,"author_info":{"display_name":"plumelle","author_link":"https:\/\/www.blognoel.com\/de\/author\/plumelle\/"},"comment_info":0,"category_info":[{"term_id":14,"name":"F\u00eate de No\u00ebl","slug":"fete-de-noel","term_group":0,"term_taxonomy_id":14,"taxonomy":"category","description":"","parent":0,"count":194,"filter":"raw","cat_ID":14,"category_count":194,"category_description":"","cat_name":"F\u00eate de No\u00ebl","category_nicename":"fete-de-noel","category_parent":0}],"tag_info":[{"term_id":52,"name":"enfants","slug":"enfants","term_group":0,"term_taxonomy_id":52,"taxonomy":"post_tag","description":"","parent":0,"count":39,"filter":"raw"},{"term_id":146,"name":"Europe","slug":"europe","term_group":0,"term_taxonomy_id":146,"taxonomy":"post_tag","description":"","parent":0,"count":6,"filter":"raw"},{"term_id":132,"name":"famille","slug":"famille","term_group":0,"term_taxonomy_id":132,"taxonomy":"post_tag","description":"","parent":0,"count":30,"filter":"raw"},{"term_id":82,"name":"festivit\u00e9s de No\u00ebl","slug":"festivites-de-noel","term_group":0,"term_taxonomy_id":82,"taxonomy":"post_tag","description":"","parent":0,"count":59,"filter":"raw"},{"term_id":83,"name":"No\u00ebl dans le monde","slug":"noel-dans-le-monde","term_group":0,"term_taxonomy_id":83,"taxonomy":"post_tag","description":"","parent":0,"count":42,"filter":"raw"}],"jetpack_sharing_enabled":true,"jetpack_featured_media_url":"","_links":{"self":[{"href":"https:\/\/www.blognoel.com\/de\/wp-json\/wp\/v2\/posts\/758","targetHints":{"allow":["GET"]}}],"collection":[{"href":"https:\/\/www.blognoel.com\/de\/wp-json\/wp\/v2\/posts"}],"about":[{"href":"https:\/\/www.blognoel.com\/de\/wp-json\/wp\/v2\/types\/post"}],"author":[{"embeddable":true,"href":"https:\/\/www.blognoel.com\/de\/wp-json\/wp\/v2\/users\/3"}],"replies":[{"embeddable":true,"href":"https:\/\/www.blognoel.com\/de\/wp-json\/wp\/v2\/comments?post=758"}],"version-history":[{"count":6,"href":"https:\/\/www.blognoel.com\/de\/wp-json\/wp\/v2\/posts\/758\/revisions"}],"predecessor-version":[{"id":2487,"href":"https:\/\/www.blognoel.com\/de\/wp-json\/wp\/v2\/posts\/758\/revisions\/2487"}],"wp:attachment":[{"href":"https:\/\/www.blognoel.com\/de\/wp-json\/wp\/v2\/media?parent=758"}],"wp:term":[{"taxonomy":"category","embeddable":true,"href":"https:\/\/www.blognoel.com\/de\/wp-json\/wp\/v2\/categories?post=758"},{"taxonomy":"post_tag","embeddable":true,"href":"https:\/\/www.blognoel.com\/de\/wp-json\/wp\/v2\/tags?post=758"}],"curies":[{"name":"wp","href":"https:\/\/api.w.org\/{rel}","templated":true}]}}