{"id":4926,"date":"2025-11-03T07:30:01","date_gmt":"2025-11-03T06:30:01","guid":{"rendered":"https:\/\/www.blognoel.com\/?p=4926"},"modified":"2025-11-03T07:31:56","modified_gmt":"2025-11-03T06:31:56","slug":"1-%f0%9f%8e%81-histoire-traditions-de-noel-a-montreal","status":"publish","type":"post","link":"https:\/\/www.blognoel.com\/de\/4926\/1-%f0%9f%8e%81-histoire-traditions-de-noel-a-montreal\/","title":{"rendered":"1. \ud83c\udf81 Histoire &#038; traditions de No\u00ebl \u00e0 Montr\u00e9al"},"content":{"rendered":"<h3 class=\"wp-block-heading\">Montr\u00e9al &#8211; Un h\u00e9ritage fran\u00e7ais et catholique<\/h3>\n\n\n\n<p class=\"wp-block-paragraph\">La f\u00eate de <a href=\"https:\/\/www.blognoel.com\/de\/\">Weihnachten<\/a> au Qu\u00e9bec remonte \u00e0 l\u2019\u00e9poque de la Nouvelle-France. Les colons fran\u00e7ais, tr\u00e8s attach\u00e9s aux traditions chr\u00e9tiennes, c\u00e9l\u00e9braient la messe de minuit puis partageaient un grand repas familial : le&nbsp;<strong>Silvester<\/strong>.<\/p>\n\n\n\n<p class=\"wp-block-paragraph\">Cette tradition est encore tr\u00e8s forte aujourd\u2019hui :<\/p>\n\n\n\n<ul class=\"wp-block-list\">\n<li><strong>La messe de minuit<\/strong>\u00a0attire encore des familles dans des \u00e9glises embl\u00e9matiques comme la Basilique Notre-Dame.<\/li>\n\n\n\n<li><strong>La cr\u00e8che<\/strong>\u00a0et les d\u00e9corations religieuses restent pr\u00e9sentes dans certains foyers.<\/li>\n\n\n\n<li>DER\u00a0<strong>Silvester<\/strong>\u00a0se fait souvent apr\u00e8s la messe ou tard le soir du 24 d\u00e9cembre.<\/li>\n<\/ul>\n\n\n\n<p class=\"wp-block-paragraph\">Activit\u00e9 ete \u00e9v\u00e9nement en hiver \u00e0 Montr\u00e9al : <a href=\"https:\/\/www.mtl.org\/fr\/quoi-faire\/hiver\" target=\"_blank\" rel=\"noreferrer noopener\">https:\/\/www.mtl.org\/fr\/quoi-faire\/hiver<\/a><\/p>\n\n\n\n<p class=\"wp-block-paragraph\">Ste officiel de la ville : <a href=\"https:\/\/montreal.ca\" target=\"_blank\" rel=\"noreferrer noopener\">Montr\u00e9al<\/a><\/p>\n\n\n\n<h3 class=\"wp-block-heading\">L\u2019influence nord-am\u00e9ricaine<\/h3>\n\n\n\n<p class=\"wp-block-paragraph\">Avec le temps, Montr\u00e9al a adopt\u00e9 des \u00e9l\u00e9ments plus modernes :<\/p>\n\n\n\n<ul class=\"wp-block-list\">\n<li>Le personnage du\u00a0<strong><a href=\"https:\/\/www.blognoel.com\/de\/charaktere\/weihnachtsmann\/\" data-type=\"page\" data-id=\"4486\">Weihnachtsmann<\/a><\/strong>\u00a0version Coca-Cola<\/li>\n\n\n\n<li>Les d\u00e9corations lumineuses XXL dans les rues<\/li>\n\n\n\n<li>Les spectacles et parades hivernales<\/li>\n\n\n\n<li>Les sapins g\u00e9ants en place publique (Place des Arts, Quartier des Spectacles)<\/li>\n<\/ul>\n\n\n\n<h2 class=\"wp-block-heading\">Vid\u00e9o No\u00ebl \u00e0 Montr\u00e9al<\/h2>\n\n\n\n<figure class=\"wp-block-embed is-type-video is-provider-youtube wp-block-embed-youtube wp-embed-aspect-16-9 wp-has-aspect-ratio\"><div class=\"wp-block-embed__wrapper\">\n<iframe title=\"Montreal at Christmastime is Something Special\" width=\"720\" height=\"405\" data-src=\"https:\/\/www.youtube.com\/embed\/PPlMVuBEVlw?feature=oembed\" frameborder=\"0\" allow=\"accelerometer; autoplay; clipboard-write; encrypted-media; gyroscope; picture-in-picture; web-share\" referrerpolicy=\"strict-origin-when-cross-origin\" allowfullscreen src=\"data:image\/svg+xml;base64,PHN2ZyB3aWR0aD0iMSIgaGVpZ2h0PSIxIiB4bWxucz0iaHR0cDovL3d3dy53My5vcmcvMjAwMC9zdmciPjwvc3ZnPg==\" class=\"lazyload\" data-load-mode=\"1\"><\/iframe>\n<\/div><\/figure>\n\n\n\n<hr class=\"wp-block-separator has-alpha-channel-opacity\"\/>\n\n\n\n<h2 class=\"wp-block-heading\">2. \ud83c\udf7d\ufe0f Recettes traditionnelles du r\u00e9veillon qu\u00e9b\u00e9cois<\/h2>\n\n\n\n<h3 class=\"wp-block-heading\">La tourti\u00e8re<\/h3>\n\n\n\n<p class=\"wp-block-paragraph\">Plat star du r\u00e9veillon, la&nbsp;<strong>tourti\u00e8re<\/strong>&nbsp;est une tarte sal\u00e9e \u00e0 base de viande (souvent porc, veau et b\u0153uf), \u00e9pices, pommes de terre. C\u2019est LE plat qui symbolise No\u00ebl au Qu\u00e9bec.<\/p>\n\n\n\n<p class=\"wp-block-paragraph\"><strong>Zutaten :<\/strong><\/p>\n\n\n\n<ul class=\"wp-block-list\">\n<li>500 g de porc hach\u00e9<\/li>\n\n\n\n<li>300 g de b\u0153uf hach\u00e9 ou veau<\/li>\n\n\n\n<li>2 pommes de terre r\u00e2p\u00e9es<\/li>\n\n\n\n<li>1 oignon hach\u00e9<\/li>\n\n\n\n<li>1 c. \u00e0 caf\u00e9 de cannelle<\/li>\n\n\n\n<li>1 c. \u00e0 caf\u00e9 de clou de girofle moulu<\/li>\n\n\n\n<li>1 pinc\u00e9e de muscade<\/li>\n\n\n\n<li>Sel, poivre<\/li>\n\n\n\n<li>1 p\u00e2te bris\u00e9e maison ou 2 abaisses de p\u00e2te du commerce<\/li>\n\n\n\n<li>200 ml de bouillon<\/li>\n<\/ul>\n\n\n\n<p class=\"wp-block-paragraph\"><strong>\u00c9tapes :<\/strong><\/p>\n\n\n\n<ol class=\"wp-block-list\">\n<li>Faire revenir les viandes avec l\u2019oignon jusqu\u2019\u00e0 l\u00e9g\u00e8re coloration.<\/li>\n\n\n\n<li>Ajouter les \u00e9pices, le bouillon, les pommes de terre. Laisser mijoter 30 min \u00e0 feu doux.<\/li>\n\n\n\n<li>Laisser ti\u00e9dir puis garnir la p\u00e2te dans un moule.<\/li>\n\n\n\n<li>Recouvrir d\u2019une seconde abaisse, sceller, dorer au jaune d\u2019\u0153uf.<\/li>\n\n\n\n<li>Cuisson : 45 min \u00e0 180\u00b0C (350\u00b0F).<br>\ud83d\udc49 \u00c0 servir avec ketchup aux fruits ou marinades.<\/li>\n<\/ol>\n\n\n\n<h3 class=\"wp-block-heading\">La dinde r\u00f4tie<\/h3>\n\n\n\n<p class=\"wp-block-paragraph\">Import\u00e9e des \u00c9tats-Unis mais adopt\u00e9e par les Qu\u00e9b\u00e9cois, elle est souvent farcie, servie avec pommes de terre pil\u00e9es et sauce brune.<\/p>\n\n\n\n<h3 class=\"wp-block-heading\">Le rago\u00fbt de pattes de cochon<\/h3>\n\n\n\n<p class=\"wp-block-paragraph\">Vieille recette canadienne-fran\u00e7aise, \u00e9pic\u00e9e \u00e0 la cannelle, clou de girofle, muscade.<\/p>\n\n\n\n<h3 class=\"wp-block-heading\">Les desserts<\/h3>\n\n\n\n<figure class=\"wp-block-table\"><table class=\"has-fixed-layout\"><thead><tr><th>Nachtisch<\/th><th>Description<\/th><\/tr><\/thead><tbody><tr><td><strong>B\u00fbche de No\u00ebl<\/strong><\/td><td>G\u00e2teau roul\u00e9 \u00e0 la cr\u00e8me au beurre, chocolat ou \u00e9rable<\/td><\/tr><tr><td><strong>Sahnefondant<\/strong><\/td><td>Carr\u00e9s fondants \u00e0 base de sucre, sirop d\u2019\u00e9rable, cr\u00e8me<\/td><\/tr><tr><td><strong>Pouding ch\u00f4meur<\/strong><\/td><td>G\u00e2teau imbib\u00e9 de sirop d\u2019\u00e9rable, invent\u00e9 en crise \u00e9conomique<\/td><\/tr><\/tbody><\/table><\/figure>\n\n\n\n<p class=\"wp-block-paragraph\"><\/p>\n\n\n\n<h3 class=\"wp-block-heading\">2\ufe0f\u20e3 B\u00fbche de No\u00ebl \u00e0 l\u2019\u00e9rable (roul\u00e9 \u00e0 la cr\u00e8me au beurre)<\/h3>\n\n\n\n<p class=\"wp-block-paragraph\"><strong>Ingr\u00e9dients biscuit roul\u00e9 :<\/strong><\/p>\n\n\n\n<ul class=\"wp-block-list\">\n<li>4 \u0153ufs<\/li>\n\n\n\n<li>100 g sucre<\/li>\n\n\n\n<li>100 g farine<\/li>\n\n\n\n<li>1 c. \u00e0 c. extrait de vanille<\/li>\n<\/ul>\n\n\n\n<p class=\"wp-block-paragraph\"><strong>Cr\u00e8me au beurre \u00e9rable :<\/strong><\/p>\n\n\n\n<ul class=\"wp-block-list\">\n<li>150 g beurre mou<\/li>\n\n\n\n<li>250 g sucre glace<\/li>\n\n\n\n<li>3 c. \u00e0 soupe sirop d\u2019\u00e9rable pur<\/li>\n<\/ul>\n\n\n\n<p class=\"wp-block-paragraph\"><strong>\u00c9tapes :<\/strong><\/p>\n\n\n\n<ol class=\"wp-block-list\">\n<li>Monter les \u0153ufs + sucre jusqu\u2019\u00e0 blanchiment.<\/li>\n\n\n\n<li>Ajouter doucement la farine tamis\u00e9e.<\/li>\n\n\n\n<li>Cuire 10 min \u00e0 180\u00b0C sur plaque (biscuit fin).<\/li>\n\n\n\n<li>Rouler chaud dans linge humide, laisser refroidir.<\/li>\n\n\n\n<li>Battre le beurre + sucre glace + sirop d\u2019\u00e9rable.<\/li>\n\n\n\n<li>Garnir puis rouler, d\u00e9corer sucre glace ou copeaux.<\/li>\n<\/ol>\n\n\n\n<hr class=\"wp-block-separator has-alpha-channel-opacity\"\/>\n\n\n\n<h3 class=\"wp-block-heading\">3\ufe0f\u20e3 Sucre \u00e0 la cr\u00e8me (dessert qu\u00e9b\u00e9cois express)<\/h3>\n\n\n\n<p class=\"wp-block-paragraph\"><strong>Zutaten :<\/strong><\/p>\n\n\n\n<ul class=\"wp-block-list\">\n<li>250 ml cr\u00e8me 35%<\/li>\n\n\n\n<li>2 tasses cassonade<\/li>\n\n\n\n<li>1\/4 tasse beurre<\/li>\n\n\n\n<li>1 c. \u00e0 caf\u00e9 vanille<\/li>\n\n\n\n<li>1 pinc\u00e9e sel<\/li>\n<\/ul>\n\n\n\n<p class=\"wp-block-paragraph\"><strong>\u00c9tapes :<\/strong><\/p>\n\n\n\n<ol class=\"wp-block-list\">\n<li>Chauffer cr\u00e8me + cassonade + beurre jusqu\u2019\u00e0 \u00e9bullition.<\/li>\n\n\n\n<li>Cuire 5 min en remuant.<\/li>\n\n\n\n<li>Retirer, ajouter vanille, battre 2 min.<\/li>\n\n\n\n<li>Verser dans moule carr\u00e9 + refroidir.<\/li>\n\n\n\n<li>Couper en carr\u00e9s \u2192 se conserve 1 semaine.<\/li>\n<\/ol>\n\n\n\n<hr class=\"wp-block-separator has-alpha-channel-opacity\"\/>\n\n\n\n<h2 class=\"wp-block-heading\">3. \ud83c\udf84 Les march\u00e9s de No\u00ebl incontournables \u00e0 Montr\u00e9al<\/h2>\n\n\n\n<figure class=\"wp-block-table\"><table class=\"has-fixed-layout\"><thead><tr><th>March\u00e9<\/th><th>Lieu<\/th><th>Particularit\u00e9s<\/th><\/tr><\/thead><tbody><tr><td><strong>Grand March\u00e9 de No\u00ebl de Montr\u00e9al<\/strong><\/td><td>Quartier des spectacles<\/td><td>100+ exposants, ambiance festive, spectacles gratuits, produits artisanaux locaux<\/td><\/tr><tr><td><strong>March\u00e9 de No\u00ebl Allemand<\/strong><\/td><td>Vieux-Montr\u00e9al<\/td><td>Chalets en bois style europ\u00e9en, vin chaud, pain d\u2019\u00e9pices<\/td><\/tr><tr><td><strong>March\u00e9 Atwater \u2013 Village de No\u00ebl<\/strong><\/td><td>Canal Lachine<\/td><td>Produits gourmands, sapins naturels, ateliers cr\u00e9atifs<\/td><\/tr><tr><td><strong>March\u00e9 Jean-Talon \u2013 \u00c9dition de No\u00ebl<\/strong><\/td><td>Petite Italie<\/td><td>Produits fermiers, sp\u00e9cialit\u00e9s qu\u00e9b\u00e9coises, fromages, tourti\u00e8res<\/td><\/tr><tr><td><strong>Foire de No\u00ebl \u00c9thique &amp; \u00c9co-responsable<\/strong><\/td><td>Mile-End<\/td><td>Artisanat local, cadeaux z\u00e9ro d\u00e9chet<\/td><\/tr><\/tbody><\/table><\/figure>\n\n\n\n<p class=\"wp-block-paragraph\"><\/p>\n\n\n\n<figure class=\"wp-block-image size-large\"><img decoding=\"async\" width=\"1256\" height=\"707\" data-src=\"https:\/\/www.blognoel.com\/wp-content\/uploads\/2025\/11\/montreal-at-christmastime-is-som-1256x707.jpg\" alt=\"Montr\u00e9al \u00e0 No\u00ebl\" class=\"wp-image-5030 lazyload\" data-srcset=\"https:\/\/www.blognoel.com\/wp-content\/uploads\/2025\/11\/montreal-at-christmastime-is-som-1256x707.jpg 1256w, https:\/\/www.blognoel.com\/wp-content\/uploads\/2025\/11\/montreal-at-christmastime-is-som-600x338.jpg 600w, https:\/\/www.blognoel.com\/wp-content\/uploads\/2025\/11\/montreal-at-christmastime-is-som-768x432.jpg 768w, https:\/\/www.blognoel.com\/wp-content\/uploads\/2025\/11\/montreal-at-christmastime-is-som-18x10.jpg 18w, https:\/\/www.blognoel.com\/wp-content\/uploads\/2025\/11\/montreal-at-christmastime-is-som.jpg 1280w\" data-sizes=\"(max-width: 1256px) 100vw, 1256px\" src=\"data:image\/svg+xml;base64,PHN2ZyB3aWR0aD0iMSIgaGVpZ2h0PSIxIiB4bWxucz0iaHR0cDovL3d3dy53My5vcmcvMjAwMC9zdmciPjwvc3ZnPg==\" style=\"--smush-placeholder-width: 1256px; --smush-placeholder-aspect-ratio: 1256\/707;\" \/><\/figure>\n\n\n\n<hr class=\"wp-block-separator has-alpha-channel-opacity\"\/>\n\n\n\n<h2 class=\"wp-block-heading\">4. \u2728 O\u00f9 voir les plus belles d\u00e9corations de No\u00ebl \u00e0 Montr\u00e9al ?<\/h2>\n\n\n\n<h3 class=\"wp-block-heading\">\ud83c\udf87 Les incontournables<\/h3>\n\n\n\n<ul class=\"wp-block-list\">\n<li><strong>Rue Sainte-Catherine Ouest<\/strong>\u00a0: vitrines et illuminations commerciales<\/li>\n\n\n\n<li><strong>Place Ville Marie<\/strong>\u00a0: sapins g\u00e9ants &amp; d\u00e9cor chic<\/li>\n\n\n\n<li><strong>Quartier des spectacles<\/strong>\u00a0: jeux de lumi\u00e8re, animations artistiques<\/li>\n\n\n\n<li><strong>Avenue du Mont-Royal<\/strong>\u00a0: ambiance de village, guirlandes, commerces ind\u00e9pendants<\/li>\n\n\n\n<li><strong>Vieux-Montr\u00e9al &amp; Place Jacques-Cartier<\/strong>\u00a0: d\u00e9cor historique + patinoire<\/li>\n<\/ul>\n\n\n\n<h3 class=\"wp-block-heading\">\ud83e\uddca Activit\u00e9 embl\u00e9matique<\/h3>\n\n\n\n<p class=\"wp-block-paragraph\">\u26f8\ufe0f&nbsp;<em>Patiner sur la patinoire du Vieux-Port<\/em>&nbsp;avec vue sur le fleuve Saint-Laurent.<\/p>\n\n\n\n<hr class=\"wp-block-separator has-alpha-channel-opacity\"\/>\n\n\n\n<h2 class=\"wp-block-heading\">5. \ud83c\udfad Activit\u00e9s et \u00e9v\u00e9nements pour vivre un No\u00ebl magique \u00e0 Montr\u00e9al<\/h2>\n\n\n\n<p class=\"wp-block-paragraph\">\u2705 Patinage ext\u00e9rieur (Vieux-Port, Esplanade Tranquille)<br>\u2705 Festival&nbsp;<strong>Montr\u00e9al en F\u00eates<\/strong>&nbsp;(musique, feux d\u2019artifice, activit\u00e9s gratuites)<br>\u2705 Parade du <a href=\"https:\/\/www.blognoel.com\/de\/charaktere\/weihnachtsmann\/\">Weihnachtsmann<\/a> (mi-novembre, centre-ville)<br>\u2705 Spectacle musical&nbsp;<strong>Casse-Noisette<\/strong>&nbsp;des Grands Ballets Canadiens<br>\u2705 Randonn\u00e9e en raquettes sur le Mont-Royal<br>\u2705 D\u00e9gustation de&nbsp;<strong>chocolat chaud artisanal<\/strong>&nbsp;dans Griffintown ou Mile End<br>\u2705 D\u00e9couverte des&nbsp;<strong>microbrasseries d\u2019hiver<\/strong>&nbsp;(bi\u00e8res de No\u00ebl, IPA nordiques)<br>\u2705 Soir\u00e9e \u00ab\u00a0cabane \u00e0 sucre hivernale\u00a0\u00bb avec tire d\u2019\u00e9rable sur neige<\/p>\n\n\n\n<hr class=\"wp-block-separator has-alpha-channel-opacity\"\/>\n\n\n\n<h2 class=\"wp-block-heading\">6. \ud83c\udf85 No\u00ebl pour les enfants \u00e0 Montr\u00e9al<\/h2>\n\n\n\n<ul class=\"wp-block-list\">\n<li><strong>Le Village du P\u00e8re No\u00ebl<\/strong>\u00a0au Complexe Desjardins<\/li>\n\n\n\n<li>Ateliers bricolage dans les biblioth\u00e8ques municipales<\/li>\n\n\n\n<li>Balades en cal\u00e8che dans le Vieux-Port<\/li>\n\n\n\n<li>Activit\u00e9s ludiques dans les mus\u00e9es : Pointe-\u00e0-Calli\u00e8re, Biod\u00f4me, Plan\u00e9tarium<\/li>\n\n\n\n<li>Rencontre avec le P\u00e8re No\u00ebl dans les centres commerciaux (Eaton, Rockland)<\/li>\n<\/ul>\n\n\n\n<hr class=\"wp-block-separator has-alpha-channel-opacity\"\/>\n\n\n\n<h2 class=\"wp-block-heading\">7. \ud83c\udf86 Pourquoi passer No\u00ebl \u00e0 Montr\u00e9al ?<\/h2>\n\n\n\n<figure class=\"wp-block-table\"><table class=\"has-fixed-layout\"><thead><tr><th>Atout<\/th><th>Description<\/th><\/tr><\/thead><tbody><tr><td>\u2744\ufe0f Ambiance hivernale garantie<\/td><td>Neige quasi certaine, d\u00e9cor carte postale<\/td><\/tr><tr><td>\ud83c\udfb6 Culture festive<\/td><td>Concerts, chants, parades, spectacles<\/td><\/tr><tr><td>\ud83e\uddc0 Gastronomie riche<\/td><td>Plats traditionnels + fusion moderne<\/td><\/tr><tr><td>\ud83c\udf0e Ville bilingue &amp; accueillante<\/td><td>Fran\u00e7ais + anglais, esprit chaleureux<\/td><\/tr><tr><td>\ud83d\udca1 \u00c9v\u00e9nements gratuits<\/td><td>Id\u00e9al pour familles, \u00e9tudiants, touristes<\/td><\/tr><\/tbody><\/table><\/figure>\n\n\n\n<hr class=\"wp-block-separator has-alpha-channel-opacity\"\/>\n\n\n\n<h2 class=\"wp-block-heading\">8. \u2705 Conseils pratiques pour un s\u00e9jour de No\u00ebl r\u00e9ussi<\/h2>\n\n\n\n<figure class=\"wp-block-table\"><table class=\"has-fixed-layout\"><thead><tr><th>Th\u00e8me<\/th><th>Conseils<\/th><\/tr><\/thead><tbody><tr><td>Temp\u00e9rature<\/td><td>Entre -5\u00b0C et -20\u00b0C \u2013 pr\u00e9voir v\u00eatements techniques<\/td><\/tr><tr><td>Transport<\/td><td>M\u00e9tro + bus STM, tr\u00e8s efficace en hiver<\/td><\/tr><tr><td>Logement<\/td><td>R\u00e9server t\u00f4t (Airbnb, h\u00f4tels du Vieux-Montr\u00e9al, Plateau Mont-Royal)<\/td><\/tr><tr><td>Budget<\/td><td>Saison haute \u2192 pr\u00e9voir 150\u2013200 $ CAD \/ jour (moyenne)<\/td><\/tr><tr><td>D\u00e9calage culturel<\/td><td>R\u00e9veillon souvent familial le 24, plus festif entre amis le 31<\/td><\/tr><\/tbody><\/table><\/figure>\n\n\n\n<p class=\"wp-block-paragraph\"><\/p>\n\n\n\n<p class=\"wp-block-paragraph\"><\/p>\n\n\n<style>.kt-post-loop4926_215f8d-f1 .kadence-post-image{padding-top:0px;padding-right:30px;padding-bottom:10px;padding-left:0px;}.kt-post-loop4926_215f8d-f1 .kt-feat-image-align-left{grid-template-columns:40% auto;}.kt-post-loop4926_215f8d-f1 .kt-post-grid-wrap{gap:30px 30px;}.kt-post-loop4926_215f8d-f1 .kt-blocks-post-grid-item{border-top-left-radius:0px;border-top-right-radius:0px;border-bottom-right-radius:0px;border-bottom-left-radius:0px;overflow:hidden;}.kt-post-loop4926_215f8d-f1 .kt-blocks-post-grid-item .kt-blocks-post-grid-item-inner{padding-top:0px;padding-right:0px;padding-bottom:0px;padding-left:0px;}.kt-post-loop4926_215f8d-f1 .kt-blocks-post-grid-item header{padding-top:0px;padding-right:0px;padding-bottom:10px;padding-left:0px;margin-top:0px;margin-right:0px;margin-bottom:0px;margin-left:0px;}.kt-post-loop4926_215f8d-f1 .kt-blocks-post-grid-item .kt-blocks-above-categories{font-size:13px;line-height:20px;text-transform:uppercase;}.kt-post-loop4926_215f8d-f1 .kt-blocks-post-grid-item .entry-title{padding-top:5px;padding-right:0px;padding-bottom:0px;padding-left:0px;margin-top:0px;margin-right:0px;margin-bottom:0px;margin-left:0px;font-size:24px;line-height:30px;}.kt-post-loop4926_215f8d-f1 .entry-content{padding-top:0px;padding-right:0px;padding-bottom:0px;padding-left:0px;margin-top:0px;margin-right:0px;margin-bottom:0px;margin-left:0px;font-size:14px;line-height:24px;}.kt-post-loop4926_215f8d-f1 .kt-blocks-post-footer{border-top-width:0px;border-right-width:0px;border-bottom-width:0px;border-left-width:0px;padding-top:0px;padding-right:0px;padding-bottom:0px;padding-left:0px;margin-top:0px;margin-right:0px;margin-bottom:0px;margin-left:0px;font-size:12px;line-height:20px;text-transform:uppercase;}.kt-post-loop4926_215f8d-f1 .entry-content:after{height:0px;}.kt-post-loop4926_215f8d-f1 .kb-filter-item{border-top-width:0px;border-right-width:0px;border-bottom-width:2px;border-left-width:0px;padding-top:5px;padding-right:8px;padding-bottom:5px;padding-left:8px;margin-top:0px;margin-right:10px;margin-bottom:0px;margin-left:0px;}<\/style><div class=\"wp-block-kadence-postgrid kt-blocks-post-loop-block alignnone kt-post-loop4926_215f8d-f1 kt-post-grid-layout-grid\"><div class=\"kt-post-grid-layout-grid-wrap kt-post-grid-wrap\" data-columns-xxl=\"2\" data-columns-xl=\"2\" data-columns-md=\"2\" data-columns-sm=\"2\" data-columns-xs=\"1\" data-columns-ss=\"1\"data-item-selector=\".kt-post-masonry-item\" aria-label=\"Post Carousel\"><article class=\"kt-blocks-post-grid-item post-5163 post type-post status-publish format-standard has-post-thumbnail hentry category-marche tag-suisse\"><div class=\"kt-blocks-post-grid-item-inner-wrap kt-feat-image-align-left kt-feat-image-mobile-align-top\"><div class=\"kadence-post-image\"><div class=\"kadence-post-image-intrisic kt-image-ratio-133-33\" style=\"padding-bottom:133.33%;\"><div class=\"kadence-post-image-inner-intrisic\"><a href=\"https:\/\/www.blognoel.com\/de\/5163\/ce-village-suisse-feerique-a-ete-elu-plus-beau-marche-de-noel-deurope\/\" aria-label=\"Read More Ce village suisse f\u00e9erique a \u00e9t\u00e9 \u00e9lu plus beau march\u00e9 de No\u00ebl d\u2019Europe\" class=\"kadence-post-image-inner-wrap\"><img decoding=\"async\" width=\"510\" height=\"288\" data-src=\"https:\/\/www.blognoel.com\/wp-content\/smush-webp\/2025\/12\/img_9645.jpg.webp\" class=\"attachment-large size-large wp-post-image lazyload\" alt=\"\" data-srcset=\"https:\/\/www.blognoel.com\/wp-content\/smush-webp\/2025\/12\/img_9645.jpg.webp 510w, https:\/\/www.blognoel.com\/wp-content\/uploads\/2025\/12\/img_9645-18x10.jpg 18w\" data-sizes=\"(max-width: 510px) 100vw, 510px\" src=\"data:image\/svg+xml;base64,PHN2ZyB3aWR0aD0iMSIgaGVpZ2h0PSIxIiB4bWxucz0iaHR0cDovL3d3dy53My5vcmcvMjAwMC9zdmciPjwvc3ZnPg==\" style=\"--smush-placeholder-width: 510px; --smush-placeholder-aspect-ratio: 510\/288;\" data-smush-webp-fallback=\"{&quot;data-src&quot;:&quot;https:\\\/\\\/www.blognoel.com\\\/wp-content\\\/uploads\\\/2025\\\/12\\\/img_9645.jpg&quot;,&quot;data-srcset&quot;:&quot;https:\\\/\\\/www.blognoel.com\\\/wp-content\\\/uploads\\\/2025\\\/12\\\/img_9645.jpg 510w, https:\\\/\\\/www.blognoel.com\\\/wp-content\\\/uploads\\\/2025\\\/12\\\/img_9645-18x10.jpg 18w&quot;}\" \/><\/a><\/div><\/div><\/div><div class=\"kt-blocks-post-grid-item-inner\"><header><h2 class=\"entry-title\"><a href=\"https:\/\/www.blognoel.com\/de\/5163\/ce-village-suisse-feerique-a-ete-elu-plus-beau-marche-de-noel-deurope\/\">Ce village suisse f\u00e9erique a \u00e9t\u00e9 \u00e9lu plus beau march\u00e9 de No\u00ebl d\u2019Europe<\/a><\/h2><div class=\"kt-blocks-post-top-meta\"><div class=\"kt-blocks-date\"><span class=\"kt-blocks-date-pretext\">Ver\u00f6ffentlicht am <\/span><time datetime=\"2025-12-19T22:47:57+01:00\" class=\"kt-blocks-post-date\">19 Dezember 2025<\/time><\/div><\/div><\/header><div class=\"entry-content\">\u00c0 l\u2019approche de No\u00ebl, la magie s\u2019invite partout et transforme nos villes en v\u00e9ritables d\u00e9cors de conte de f\u00e9es. \u00c0 quelques jours des f\u00eates, les march\u00e9s de No\u00ebl s\u2019imposent comme&#8230;<\/div><footer class=\"kt-blocks-post-footer\"><div class=\"kt-blocks-post-footer-left\"><\/div><div class=\"kt-blocks-post-footer-right\"><\/div><\/footer><\/div><\/div><\/article><article class=\"kt-blocks-post-grid-item post-5147 post type-post status-publish format-standard has-post-thumbnail hentry category-marche tag-europe tag-roumanie\"><div class=\"kt-blocks-post-grid-item-inner-wrap kt-feat-image-align-left kt-feat-image-mobile-align-top\"><div class=\"kadence-post-image\"><div class=\"kadence-post-image-intrisic kt-image-ratio-133-33\" style=\"padding-bottom:133.33%;\"><div class=\"kadence-post-image-inner-intrisic\"><a href=\"https:\/\/www.blognoel.com\/de\/5147\/le-plus-grand-marche-de-noel-a-craiova-en-roumanie\/\" aria-label=\"Read More Le plus grand march\u00e9 de No\u00ebl \u00e0 Craiova en Roumanie\" class=\"kadence-post-image-inner-wrap\"><img decoding=\"async\" width=\"1024\" height=\"1024\" data-src=\"https:\/\/www.blognoel.com\/wp-content\/smush-webp\/2025\/11\/img_8632.png.webp\" class=\"attachment-large size-large wp-post-image lazyload\" alt=\"\" data-srcset=\"https:\/\/www.blognoel.com\/wp-content\/smush-webp\/2025\/11\/img_8632.png.webp 1024w, https:\/\/www.blognoel.com\/wp-content\/smush-webp\/2025\/11\/img_8632-600x600.png.webp 600w, https:\/\/www.blognoel.com\/wp-content\/smush-webp\/2025\/11\/img_8632-300x300.png.webp 300w, https:\/\/www.blognoel.com\/wp-content\/smush-webp\/2025\/11\/img_8632-768x768.png.webp 768w, https:\/\/www.blognoel.com\/wp-content\/smush-webp\/2025\/11\/img_8632-12x12.png.webp 12w\" data-sizes=\"(max-width: 1024px) 100vw, 1024px\" src=\"data:image\/svg+xml;base64,PHN2ZyB3aWR0aD0iMSIgaGVpZ2h0PSIxIiB4bWxucz0iaHR0cDovL3d3dy53My5vcmcvMjAwMC9zdmciPjwvc3ZnPg==\" style=\"--smush-placeholder-width: 1024px; --smush-placeholder-aspect-ratio: 1024\/1024;\" data-smush-webp-fallback=\"{&quot;data-src&quot;:&quot;https:\\\/\\\/www.blognoel.com\\\/wp-content\\\/uploads\\\/2025\\\/11\\\/img_8632.png&quot;,&quot;data-srcset&quot;:&quot;https:\\\/\\\/www.blognoel.com\\\/wp-content\\\/uploads\\\/2025\\\/11\\\/img_8632.png 1024w, https:\\\/\\\/www.blognoel.com\\\/wp-content\\\/uploads\\\/2025\\\/11\\\/img_8632-600x600.png 600w, https:\\\/\\\/www.blognoel.com\\\/wp-content\\\/uploads\\\/2025\\\/11\\\/img_8632-300x300.png 300w, https:\\\/\\\/www.blognoel.com\\\/wp-content\\\/uploads\\\/2025\\\/11\\\/img_8632-768x768.png 768w, https:\\\/\\\/www.blognoel.com\\\/wp-content\\\/uploads\\\/2025\\\/11\\\/img_8632-12x12.png 12w&quot;}\" \/><\/a><\/div><\/div><\/div><div class=\"kt-blocks-post-grid-item-inner\"><header><h2 class=\"entry-title\"><a href=\"https:\/\/www.blognoel.com\/de\/5147\/le-plus-grand-marche-de-noel-a-craiova-en-roumanie\/\">Le plus grand march\u00e9 de No\u00ebl \u00e0 Craiova en Roumanie<\/a><\/h2><div class=\"kt-blocks-post-top-meta\"><div class=\"kt-blocks-date\"><span class=\"kt-blocks-date-pretext\">Ver\u00f6ffentlicht am <\/span><time datetime=\"2025-12-08T00:48:26+01:00\" class=\"kt-blocks-post-date\">8 Dezember 2025<\/time><\/div><\/div><\/header><div class=\"entry-content\">Voici quelques images du march\u00e9 de No\u00ebl de Craiova<\/div><footer class=\"kt-blocks-post-footer\"><div class=\"kt-blocks-post-footer-left\"><\/div><div class=\"kt-blocks-post-footer-right\"><\/div><\/footer><\/div><\/div><\/article><article class=\"kt-blocks-post-grid-item post-5126 post type-post status-publish format-standard has-post-thumbnail hentry category-marche category-reseaux-sociaux tag-instagram\"><div class=\"kt-blocks-post-grid-item-inner-wrap kt-feat-image-align-left kt-feat-image-mobile-align-top\"><div class=\"kadence-post-image\"><div class=\"kadence-post-image-intrisic kt-image-ratio-133-33\" style=\"padding-bottom:133.33%;\"><div class=\"kadence-post-image-inner-intrisic\"><a href=\"https:\/\/www.blognoel.com\/de\/5126\/un-marche-de-noel-a-buckingham-une-supercherie-nee-de-lia\/\" aria-label=\"Read More Un march\u00e9 de No\u00ebl \u00e0 Buckingham ? Une supercherie n\u00e9e de l\u2019IA\" class=\"kadence-post-image-inner-wrap\"><img decoding=\"async\" width=\"800\" height=\"533\" data-src=\"https:\/\/www.blognoel.com\/wp-content\/smush-webp\/2025\/11\/img_8866.jpg.webp\" class=\"attachment-large size-large wp-post-image lazyload\" alt=\"\" data-srcset=\"https:\/\/www.blognoel.com\/wp-content\/smush-webp\/2025\/11\/img_8866.jpg.webp 800w, https:\/\/www.blognoel.com\/wp-content\/smush-webp\/2025\/11\/img_8866-600x400.jpg.webp 600w, https:\/\/www.blognoel.com\/wp-content\/smush-webp\/2025\/11\/img_8866-768x512.jpg.webp 768w, https:\/\/www.blognoel.com\/wp-content\/smush-webp\/2025\/11\/img_8866-18x12.jpg.webp 18w\" data-sizes=\"(max-width: 800px) 100vw, 800px\" src=\"data:image\/svg+xml;base64,PHN2ZyB3aWR0aD0iMSIgaGVpZ2h0PSIxIiB4bWxucz0iaHR0cDovL3d3dy53My5vcmcvMjAwMC9zdmciPjwvc3ZnPg==\" style=\"--smush-placeholder-width: 800px; --smush-placeholder-aspect-ratio: 800\/533;\" data-smush-webp-fallback=\"{&quot;data-src&quot;:&quot;https:\\\/\\\/www.blognoel.com\\\/wp-content\\\/uploads\\\/2025\\\/11\\\/img_8866.jpg&quot;,&quot;data-srcset&quot;:&quot;https:\\\/\\\/www.blognoel.com\\\/wp-content\\\/uploads\\\/2025\\\/11\\\/img_8866.jpg 800w, https:\\\/\\\/www.blognoel.com\\\/wp-content\\\/uploads\\\/2025\\\/11\\\/img_8866-600x400.jpg 600w, https:\\\/\\\/www.blognoel.com\\\/wp-content\\\/uploads\\\/2025\\\/11\\\/img_8866-768x512.jpg 768w, https:\\\/\\\/www.blognoel.com\\\/wp-content\\\/uploads\\\/2025\\\/11\\\/img_8866-18x12.jpg 18w&quot;}\" \/><\/a><\/div><\/div><\/div><div class=\"kt-blocks-post-grid-item-inner\"><header><h2 class=\"entry-title\"><a href=\"https:\/\/www.blognoel.com\/de\/5126\/un-marche-de-noel-a-buckingham-une-supercherie-nee-de-lia\/\">Un march\u00e9 de No\u00ebl \u00e0 Buckingham ? Une supercherie n\u00e9e de l\u2019IA<\/a><\/h2><div class=\"kt-blocks-post-top-meta\"><div class=\"kt-blocks-date\"><span class=\"kt-blocks-date-pretext\">Ver\u00f6ffentlicht am <\/span><time datetime=\"2025-11-22T07:44:46+01:00\" class=\"kt-blocks-post-date\">22 November 2025<\/time><\/div><\/div><\/header><div class=\"entry-content\">Un faux march\u00e9 de No\u00ebl devant le palais de Buckingham a pi\u00e9g\u00e9 de nombreux touristes, s\u00e9duits par une image g\u00e9n\u00e9r\u00e9e par l\u2019IA et largement diffus\u00e9e sur les r\u00e9seaux sociaux. Pensant&#8230;<\/div><footer class=\"kt-blocks-post-footer\"><div class=\"kt-blocks-post-footer-left\"><\/div><div class=\"kt-blocks-post-footer-right\"><\/div><\/footer><\/div><\/div><\/article><article class=\"kt-blocks-post-grid-item post-4926 post type-post status-publish format-standard has-post-thumbnail hentry category-marche tag-canada tag-montreal\"><div class=\"kt-blocks-post-grid-item-inner-wrap kt-feat-image-align-left kt-feat-image-mobile-align-top\"><div class=\"kadence-post-image\"><div class=\"kadence-post-image-intrisic kt-image-ratio-133-33\" style=\"padding-bottom:133.33%;\"><div class=\"kadence-post-image-inner-intrisic\"><a href=\"https:\/\/www.blognoel.com\/de\/4926\/1-%f0%9f%8e%81-histoire-traditions-de-noel-a-montreal\/\" aria-label=\"Read More 1. \ud83c\udf81 Histoire &#038; traditions de No\u00ebl \u00e0 Montr\u00e9al\" class=\"kadence-post-image-inner-wrap\"><img decoding=\"async\" width=\"1256\" height=\"707\" data-src=\"https:\/\/www.blognoel.com\/wp-content\/uploads\/2025\/11\/montreal-at-christmastime-is-som-1256x707.jpg\" class=\"attachment-large size-large wp-post-image lazyload\" alt=\"Montr\u00e9al \u00e0 No\u00ebl\" data-srcset=\"https:\/\/www.blognoel.com\/wp-content\/uploads\/2025\/11\/montreal-at-christmastime-is-som-1256x707.jpg 1256w, https:\/\/www.blognoel.com\/wp-content\/uploads\/2025\/11\/montreal-at-christmastime-is-som-600x338.jpg 600w, https:\/\/www.blognoel.com\/wp-content\/uploads\/2025\/11\/montreal-at-christmastime-is-som-768x432.jpg 768w, https:\/\/www.blognoel.com\/wp-content\/uploads\/2025\/11\/montreal-at-christmastime-is-som-18x10.jpg 18w, https:\/\/www.blognoel.com\/wp-content\/uploads\/2025\/11\/montreal-at-christmastime-is-som.jpg 1280w\" data-sizes=\"(max-width: 1256px) 100vw, 1256px\" src=\"data:image\/svg+xml;base64,PHN2ZyB3aWR0aD0iMSIgaGVpZ2h0PSIxIiB4bWxucz0iaHR0cDovL3d3dy53My5vcmcvMjAwMC9zdmciPjwvc3ZnPg==\" style=\"--smush-placeholder-width: 1256px; --smush-placeholder-aspect-ratio: 1256\/707;\" \/><\/a><\/div><\/div><\/div><div class=\"kt-blocks-post-grid-item-inner\"><header><h2 class=\"entry-title\"><a href=\"https:\/\/www.blognoel.com\/de\/4926\/1-%f0%9f%8e%81-histoire-traditions-de-noel-a-montreal\/\">1. \ud83c\udf81 Histoire &#038; traditions de No\u00ebl \u00e0 Montr\u00e9al<\/a><\/h2><div class=\"kt-blocks-post-top-meta\"><div class=\"kt-blocks-date\"><span class=\"kt-blocks-date-pretext\">Ver\u00f6ffentlicht am <\/span><time datetime=\"2025-11-03T07:30:01+01:00\" class=\"kt-blocks-post-date\">3 November 2025<\/time><\/div><\/div><\/header><div class=\"entry-content\">Plongez dans la magie de No\u00ebl \u00e0 Montr\u00e9al ! March\u00e9s, traditions qu\u00e9b\u00e9coises, tourti\u00e8re, illuminations, sorties familiales et activit\u00e9s hivernales : le guide complet.<\/div><footer class=\"kt-blocks-post-footer\"><div class=\"kt-blocks-post-footer-left\"><\/div><div class=\"kt-blocks-post-footer-right\"><\/div><\/footer><\/div><\/div><\/article><article class=\"kt-blocks-post-grid-item post-5002 post type-post status-publish format-standard has-post-thumbnail hentry category-marche category-videos tag-france\"><div class=\"kt-blocks-post-grid-item-inner-wrap kt-feat-image-align-left kt-feat-image-mobile-align-top\"><div class=\"kadence-post-image\"><div class=\"kadence-post-image-intrisic kt-image-ratio-133-33\" style=\"padding-bottom:133.33%;\"><div class=\"kadence-post-image-inner-intrisic\"><a href=\"https:\/\/www.blognoel.com\/de\/5002\/%f0%9f%8e%84-le-marche-de-noel-de-colmar-histoire-traditions-et-magie-alsacienne\/\" aria-label=\"Read More \ud83c\udf84 Le March\u00e9 de No\u00ebl de Colmar : Histoire, traditions et magie alsacienne\" class=\"kadence-post-image-inner-wrap\"><img decoding=\"async\" width=\"1256\" height=\"837\" data-src=\"https:\/\/www.blognoel.com\/wp-content\/smush-webp\/2025\/10\/marche-de-noel-a-Colmar-blognoel-1256x837.png.webp\" class=\"attachment-large size-large wp-post-image lazyload\" alt=\"marche\u0301 de noe\u0308l a\u0300 Colmar blognoel alsace France\" data-srcset=\"https:\/\/www.blognoel.com\/wp-content\/smush-webp\/2025\/10\/marche-de-noel-a-Colmar-blognoel-1256x837.png.webp 1256w, https:\/\/www.blognoel.com\/wp-content\/smush-webp\/2025\/10\/marche-de-noel-a-Colmar-blognoel-600x400.png.webp 600w, https:\/\/www.blognoel.com\/wp-content\/smush-webp\/2025\/10\/marche-de-noel-a-Colmar-blognoel-768x512.png.webp 768w, https:\/\/www.blognoel.com\/wp-content\/smush-webp\/2025\/10\/marche-de-noel-a-Colmar-blognoel-18x12.png.webp 18w, https:\/\/www.blognoel.com\/wp-content\/smush-webp\/2025\/10\/marche-de-noel-a-Colmar-blognoel.png.webp 1536w\" data-sizes=\"(max-width: 1256px) 100vw, 1256px\" src=\"data:image\/svg+xml;base64,PHN2ZyB3aWR0aD0iMSIgaGVpZ2h0PSIxIiB4bWxucz0iaHR0cDovL3d3dy53My5vcmcvMjAwMC9zdmciPjwvc3ZnPg==\" style=\"--smush-placeholder-width: 1256px; --smush-placeholder-aspect-ratio: 1256\/837;\" data-smush-webp-fallback=\"{&quot;data-src&quot;:&quot;https:\\\/\\\/www.blognoel.com\\\/wp-content\\\/uploads\\\/2025\\\/10\\\/marche-de-noel-a-Colmar-blognoel-1256x837.png&quot;,&quot;data-srcset&quot;:&quot;https:\\\/\\\/www.blognoel.com\\\/wp-content\\\/uploads\\\/2025\\\/10\\\/marche-de-noel-a-Colmar-blognoel-1256x837.png 1256w, https:\\\/\\\/www.blognoel.com\\\/wp-content\\\/uploads\\\/2025\\\/10\\\/marche-de-noel-a-Colmar-blognoel-600x400.png 600w, https:\\\/\\\/www.blognoel.com\\\/wp-content\\\/uploads\\\/2025\\\/10\\\/marche-de-noel-a-Colmar-blognoel-768x512.png 768w, https:\\\/\\\/www.blognoel.com\\\/wp-content\\\/uploads\\\/2025\\\/10\\\/marche-de-noel-a-Colmar-blognoel-18x12.png 18w, https:\\\/\\\/www.blognoel.com\\\/wp-content\\\/uploads\\\/2025\\\/10\\\/marche-de-noel-a-Colmar-blognoel.png 1536w&quot;}\" \/><\/a><\/div><\/div><\/div><div class=\"kt-blocks-post-grid-item-inner\"><header><h2 class=\"entry-title\"><a href=\"https:\/\/www.blognoel.com\/de\/5002\/%f0%9f%8e%84-le-marche-de-noel-de-colmar-histoire-traditions-et-magie-alsacienne\/\">\ud83c\udf84 Le March\u00e9 de No\u00ebl de Colmar : Histoire, traditions et magie alsacienne<\/a><\/h2><div class=\"kt-blocks-post-top-meta\"><div class=\"kt-blocks-date\"><span class=\"kt-blocks-date-pretext\">Ver\u00f6ffentlicht am <\/span><time datetime=\"2025-10-31T10:33:43+01:00\" class=\"kt-blocks-post-date\">31 Oktober 2025<\/time><\/div><\/div><\/header><div class=\"entry-content\">Une f\u00e9erie au c\u0153ur de l\u2019Alsace Parmi les plus beaux march\u00e9s de No\u00ebl d\u2019Europe, celui de&nbsp;Colmar&nbsp;occupe une place \u00e0 part. Chaque hiver, cette cit\u00e9 m\u00e9di\u00e9vale alsacienne se transforme en un&#8230;<\/div><footer class=\"kt-blocks-post-footer\"><div class=\"kt-blocks-post-footer-left\"><\/div><div class=\"kt-blocks-post-footer-right\"><\/div><\/footer><\/div><\/div><\/article><article class=\"kt-blocks-post-grid-item post-4929 post type-post status-publish format-standard has-post-thumbnail hentry category-marche tag-floride tag-monde\"><div class=\"kt-blocks-post-grid-item-inner-wrap kt-feat-image-align-left kt-feat-image-mobile-align-top\"><div class=\"kadence-post-image\"><div class=\"kadence-post-image-intrisic kt-image-ratio-133-33\" style=\"padding-bottom:133.33%;\"><div class=\"kadence-post-image-inner-intrisic\"><a href=\"https:\/\/www.blognoel.com\/de\/4929\/noel-magique-en-floride-un-guide-des-festivites-des-fetes\/\" aria-label=\"Read More No\u00ebl magique en Floride\u00a0: un guide des festivit\u00e9s des f\u00eates\" class=\"kadence-post-image-inner-wrap\"><img decoding=\"async\" width=\"1256\" height=\"707\" data-src=\"https:\/\/www.blognoel.com\/wp-content\/uploads\/2025\/10\/magic-kingdom-christmas-nighttim-1256x707.jpg\" class=\"attachment-large size-large wp-post-image lazyload\" alt=\"\" data-srcset=\"https:\/\/www.blognoel.com\/wp-content\/uploads\/2025\/10\/magic-kingdom-christmas-nighttim-1256x707.jpg 1256w, https:\/\/www.blognoel.com\/wp-content\/uploads\/2025\/10\/magic-kingdom-christmas-nighttim-600x338.jpg 600w, https:\/\/www.blognoel.com\/wp-content\/uploads\/2025\/10\/magic-kingdom-christmas-nighttim-768x432.jpg 768w, https:\/\/www.blognoel.com\/wp-content\/uploads\/2025\/10\/magic-kingdom-christmas-nighttim-18x10.jpg 18w, https:\/\/www.blognoel.com\/wp-content\/uploads\/2025\/10\/magic-kingdom-christmas-nighttim.jpg 1280w\" data-sizes=\"(max-width: 1256px) 100vw, 1256px\" src=\"data:image\/svg+xml;base64,PHN2ZyB3aWR0aD0iMSIgaGVpZ2h0PSIxIiB4bWxucz0iaHR0cDovL3d3dy53My5vcmcvMjAwMC9zdmciPjwvc3ZnPg==\" style=\"--smush-placeholder-width: 1256px; --smush-placeholder-aspect-ratio: 1256\/707;\" \/><\/a><\/div><\/div><\/div><div class=\"kt-blocks-post-grid-item-inner\"><header><h2 class=\"entry-title\"><a href=\"https:\/\/www.blognoel.com\/de\/4929\/noel-magique-en-floride-un-guide-des-festivites-des-fetes\/\">No\u00ebl magique en Floride\u00a0: un guide des festivit\u00e9s des f\u00eates<\/a><\/h2><div class=\"kt-blocks-post-top-meta\"><div class=\"kt-blocks-date\"><span class=\"kt-blocks-date-pretext\">Ver\u00f6ffentlicht am <\/span><time datetime=\"2025-10-29T13:44:00+01:00\" class=\"kt-blocks-post-date\">29 Oktober 2025<\/time><\/div><\/div><\/header><div class=\"entry-content\">\u00c0 l&rsquo;approche des f\u00eates de fin d&rsquo;ann\u00e9e, la Floride se transforme en un pays des merveilles rempli de lumi\u00e8res \u00e9blouissantes, d&rsquo;\u00e9v\u00e9nements festifs et de c\u00e9l\u00e9brations joyeuses. Des superbes parcs \u00e0&#8230;<\/div><footer class=\"kt-blocks-post-footer\"><div class=\"kt-blocks-post-footer-left\"><\/div><div class=\"kt-blocks-post-footer-right\"><\/div><\/footer><\/div><\/div><\/article><\/div><\/div><!-- .wp-block-kadence-postgrid -->","protected":false},"excerpt":{"rendered":"<p>Plongez dans la magie de No\u00ebl \u00e0 Montr\u00e9al ! March\u00e9s, traditions qu\u00e9b\u00e9coises, tourti\u00e8re, illuminations, sorties familiales et activit\u00e9s hivernales : le guide complet.<\/p>","protected":false},"author":1,"featured_media":5030,"comment_status":"open","ping_status":"closed","sticky":false,"template":"","format":"standard","meta":{"_kad_blocks_custom_css":"","_kad_blocks_head_custom_js":"","_kad_blocks_body_custom_js":"","_kad_blocks_footer_custom_js":"","_kadence_starter_templates_imported_post":false,"_kad_post_transparent":"","_kad_post_title":"","_kad_post_layout":"","_kad_post_sidebar_id":"","_kad_post_content_style":"","_kad_post_vertical_padding":"","_kad_post_feature":"","_kad_post_feature_position":"","_kad_post_header":false,"_kad_post_footer":false,"_kad_post_classname":"","_jetpack_newsletter_access":"","_jetpack_dont_email_post_to_subs":false,"_jetpack_newsletter_tier_id":0,"_jetpack_memberships_contains_paywalled_content":false,"_jetpack_feature_clip_id":0,"_jetpack_memberships_contains_paid_content":false,"footnotes":"","jetpack_publicize_message":"","jetpack_publicize_feature_enabled":true,"jetpack_social_post_already_shared":true,"jetpack_social_options":{"image_generator_settings":{"template":"highway","default_image_id":0,"font":"","enabled":false},"version":2},"jetpack_post_was_ever_published":false},"categories":[275],"tags":[187,286],"class_list":["post-4926","post","type-post","status-publish","format-standard","has-post-thumbnail","hentry","category-marche","tag-canada","tag-montreal"],"views":110,"jetpack_publicize_connections":[],"taxonomy_info":{"category":[{"value":275,"label":"March\u00e9"}],"post_tag":[{"value":187,"label":"Canada"},{"value":286,"label":"Montr\u00e9al"}]},"featured_image_src_large":["https:\/\/www.blognoel.com\/wp-content\/uploads\/2025\/11\/montreal-at-christmastime-is-som-1256x707.jpg",1256,707,true],"author_info":{"display_name":"Jean-Michel","author_link":"https:\/\/www.blognoel.com\/de\/author\/admin\/"},"comment_info":0,"category_info":[{"term_id":275,"name":"March\u00e9","slug":"marche","term_group":0,"term_taxonomy_id":275,"taxonomy":"category","description":"","parent":14,"count":12,"filter":"raw","cat_ID":275,"category_count":12,"category_description":"","cat_name":"March\u00e9","category_nicename":"marche","category_parent":14}],"tag_info":[{"term_id":187,"name":"Canada","slug":"canada","term_group":0,"term_taxonomy_id":187,"taxonomy":"post_tag","description":"","parent":0,"count":2,"filter":"raw"},{"term_id":286,"name":"Montr\u00e9al","slug":"montreal","term_group":0,"term_taxonomy_id":286,"taxonomy":"post_tag","description":"","parent":0,"count":1,"filter":"raw"}],"jetpack_sharing_enabled":true,"jetpack_featured_media_url":"https:\/\/www.blognoel.com\/wp-content\/uploads\/2025\/11\/montreal-at-christmastime-is-som.jpg","_links":{"self":[{"href":"https:\/\/www.blognoel.com\/de\/wp-json\/wp\/v2\/posts\/4926","targetHints":{"allow":["GET"]}}],"collection":[{"href":"https:\/\/www.blognoel.com\/de\/wp-json\/wp\/v2\/posts"}],"about":[{"href":"https:\/\/www.blognoel.com\/de\/wp-json\/wp\/v2\/types\/post"}],"author":[{"embeddable":true,"href":"https:\/\/www.blognoel.com\/de\/wp-json\/wp\/v2\/users\/1"}],"replies":[{"embeddable":true,"href":"https:\/\/www.blognoel.com\/de\/wp-json\/wp\/v2\/comments?post=4926"}],"version-history":[{"count":2,"href":"https:\/\/www.blognoel.com\/de\/wp-json\/wp\/v2\/posts\/4926\/revisions"}],"predecessor-version":[{"id":5032,"href":"https:\/\/www.blognoel.com\/de\/wp-json\/wp\/v2\/posts\/4926\/revisions\/5032"}],"wp:featuredmedia":[{"embeddable":true,"href":"https:\/\/www.blognoel.com\/de\/wp-json\/wp\/v2\/media\/5030"}],"wp:attachment":[{"href":"https:\/\/www.blognoel.com\/de\/wp-json\/wp\/v2\/media?parent=4926"}],"wp:term":[{"taxonomy":"category","embeddable":true,"href":"https:\/\/www.blognoel.com\/de\/wp-json\/wp\/v2\/categories?post=4926"},{"taxonomy":"post_tag","embeddable":true,"href":"https:\/\/www.blognoel.com\/de\/wp-json\/wp\/v2\/tags?post=4926"}],"curies":[{"name":"wp","href":"https:\/\/api.w.org\/{rel}","templated":true}]}}