{"id":4924,"date":"2025-10-26T19:08:15","date_gmt":"2025-10-26T18:08:15","guid":{"rendered":"https:\/\/www.blognoel.com\/?p=4924"},"modified":"2025-10-26T19:08:15","modified_gmt":"2025-10-26T18:08:15","slug":"lhistoire-et-la-magie-du-son-de-noel-un-voyage-musical","status":"publish","type":"post","link":"https:\/\/www.blognoel.com\/de\/4924\/lhistoire-et-la-magie-du-son-de-noel-un-voyage-musical\/","title":{"rendered":"L&rsquo;Histoire et la Magie du Son de No\u00ebl : Un Voyage Musical"},"content":{"rendered":"<div class=\"container\">\n<div class=\"container\">\n<p>La p\u00e9riode des f\u00eates est souvent associ\u00e9e \u00e0 des sons enchanteurs qui r\u00e9sonnent \u00e0 travers les rues et les foyers. Des chants de No\u00ebl traditionnels aux m\u00e9lodies joyeuses diffus\u00e9es dans les centres commerciaux, la musique de No\u00ebl joue un r\u00f4le essentiel dans l&rsquo;ambiance festive.<\/p>\n<h2>Les Origines de la Musique de No\u00ebl<\/h2>\n<p>La musique de No\u00ebl a des racines profondes qui remontent \u00e0 des si\u00e8cles. Les premi\u00e8res chansons de No\u00ebl ont \u00e9t\u00e9 \u00e9crites au Moyen \u00c2ge et \u00e9taient souvent li\u00e9es \u00e0 des c\u00e9r\u00e9monies religieuses. Ces chants \u00e9taient con\u00e7us pour c\u00e9l\u00e9brer la naissance de J\u00e9sus-Christ et exprimer la joie et l&rsquo;espoir de l&rsquo;hiver.<\/p>\n<h3>Chants Gr\u00e9goriens et M\u00e9lodies Traditionnelles<\/h3>\n<p>Parmi les premiers exemples de musique de No\u00ebl, on trouve les chants gr\u00e9goriens, qui ont \u00e9t\u00e9 adapt\u00e9s pour le temps des f\u00eates. Ces chants \u00e9taient souvent ex\u00e9cut\u00e9s dans les \u00e9glises et ont servi de base \u00e0 de nombreuses compositions modernes.<\/p>\n<h2>L&rsquo;\u00c9volution au Fil des Si\u00e8cles<\/h2>\n<p>Avec les si\u00e8cles, la musique de No\u00ebl a \u00e9volu\u00e9, s&rsquo;int\u00e9grant \u00e0 diverses cultures et traditions \u00e0 travers le monde. Au XVIIIe si\u00e8cle, des compositeurs tels que Johann Sebastian Bach et Georg Friedrich H\u00e4ndel ont enrichi le paysage musical de No\u00ebl avec leurs \u0153uvres classiques.<\/p>\n<h3>Les Classiques Modernes<\/h3>\n<p>Au XXe si\u00e8cle, de nouvelles m\u00e9lodies ont \u00e9merg\u00e9, telles que \u00ab\u00a0Silent Night\u00a0\u00bb et \u00ab\u00a0Jingle Bells\u00a0\u00bb, qui sont devenues des classiques incontournables. Ces chansons continuent d&rsquo;\u00eatre chant\u00e9es et r\u00e9interpr\u00e9t\u00e9es par des artistes de tous genres, de la pop au jazz.<\/p>\n<h2>La Magie des Chansons de No\u00ebl<\/h2>\n<p>Les chansons de No\u00ebl ne sont pas seulement musicales ; elles \u00e9voquent \u00e9galement des souvenirs, des traditions familiales et des moments de partage. La magie r\u00e9side dans leur capacit\u00e9 \u00e0 rassembler les gens, \u00e9voquant des \u00e9motions de nostalgie, de joie et d&rsquo;amour.<\/p>\n<h3>Chanter Ensemble : Une Tradition Universelle<\/h3>\n<p>Que ce soit autour d&rsquo;un feu de chemin\u00e9e ou lors d&rsquo;un concert, chanter des chansons de No\u00ebl ensemble est une tradition qui transcende les fronti\u00e8res. Les chorals et les concerts de No\u00ebl sont devenus des \u00e9v\u00e9nements embl\u00e9matiques, apportant ensemble les communaut\u00e9s et c\u00e9l\u00e9brant l&rsquo;esprit de la saison.<\/p>\n<p>En somme, le son de No\u00ebl est plus qu&rsquo;une simple m\u00e9lodie : c&rsquo;est un voyage musical \u00e0 travers l&rsquo;histoire, la tradition et les \u00e9motions humaines. Chaque note chant\u00e9e ou jou\u00e9e rappelle la magie de cette p\u00e9riode enchant\u00e9e, faisant du No\u00ebl un moment inoubliable pour chacun d&rsquo;entre nous.<\/p>\n<\/div>\n<\/div>","protected":false},"excerpt":{"rendered":"<p>La p\u00e9riode des f\u00eates est souvent associ\u00e9e \u00e0 des sons enchanteurs qui r\u00e9sonnent \u00e0 travers les rues et les foyers. Des chants de No\u00ebl traditionnels aux m\u00e9lodies joyeuses diffus\u00e9es dans les centres commerciaux, la musique de No\u00ebl joue un r\u00f4le essentiel dans l&rsquo;ambiance festive. Les Origines de la Musique de No\u00ebl La musique de No\u00ebl&#8230;<\/p>","protected":false},"author":1,"featured_media":4888,"comment_status":"open","ping_status":"","sticky":false,"template":"","format":"standard","meta":{"_kad_blocks_custom_css":"","_kad_blocks_head_custom_js":"","_kad_blocks_body_custom_js":"","_kad_blocks_footer_custom_js":"","_kadence_starter_templates_imported_post":false,"_kad_post_transparent":"","_kad_post_title":"","_kad_post_layout":"","_kad_post_sidebar_id":"","_kad_post_content_style":"","_kad_post_vertical_padding":"","_kad_post_feature":"","_kad_post_feature_position":"","_kad_post_header":false,"_kad_post_footer":false,"_kad_post_classname":"","_jetpack_newsletter_access":"","_jetpack_dont_email_post_to_subs":false,"_jetpack_newsletter_tier_id":0,"_jetpack_memberships_contains_paywalled_content":false,"_jetpack_feature_clip_id":0,"_jetpack_memberships_contains_paid_content":false,"footnotes":"","jetpack_publicize_message":"L'Histoire et la Magie du Son de No\u00ebl : Un Voyage Musical","jetpack_publicize_feature_enabled":true,"jetpack_social_post_already_shared":true,"jetpack_social_options":{"image_generator_settings":{"template":"highway","default_image_id":0,"font":"","enabled":false},"version":2},"jetpack_post_was_ever_published":false},"categories":[14],"tags":[],"class_list":["post-4924","post","type-post","status-publish","format-standard","has-post-thumbnail","hentry","category-fete-de-noel"],"views":71,"jetpack_publicize_connections":[],"taxonomy_info":{"category":[{"value":14,"label":"F\u00eate de No\u00ebl"}]},"featured_image_src_large":["https:\/\/www.blognoel.com\/wp-content\/uploads\/2025\/10\/pexels-photo-250177-1200x800.jpeg",1200,800,true],"author_info":{"display_name":"Jean-Michel","author_link":"https:\/\/www.blognoel.com\/de\/author\/admin\/"},"comment_info":0,"category_info":[{"term_id":14,"name":"F\u00eate de No\u00ebl","slug":"fete-de-noel","term_group":0,"term_taxonomy_id":14,"taxonomy":"category","description":"","parent":0,"count":194,"filter":"raw","cat_ID":14,"category_count":194,"category_description":"","cat_name":"F\u00eate de No\u00ebl","category_nicename":"fete-de-noel","category_parent":0}],"tag_info":false,"jetpack_sharing_enabled":true,"jetpack_featured_media_url":"https:\/\/www.blognoel.com\/wp-content\/uploads\/2025\/10\/pexels-photo-250177.jpeg","_links":{"self":[{"href":"https:\/\/www.blognoel.com\/de\/wp-json\/wp\/v2\/posts\/4924","targetHints":{"allow":["GET"]}}],"collection":[{"href":"https:\/\/www.blognoel.com\/de\/wp-json\/wp\/v2\/posts"}],"about":[{"href":"https:\/\/www.blognoel.com\/de\/wp-json\/wp\/v2\/types\/post"}],"author":[{"embeddable":true,"href":"https:\/\/www.blognoel.com\/de\/wp-json\/wp\/v2\/users\/1"}],"replies":[{"embeddable":true,"href":"https:\/\/www.blognoel.com\/de\/wp-json\/wp\/v2\/comments?post=4924"}],"version-history":[{"count":1,"href":"https:\/\/www.blognoel.com\/de\/wp-json\/wp\/v2\/posts\/4924\/revisions"}],"predecessor-version":[{"id":4987,"href":"https:\/\/www.blognoel.com\/de\/wp-json\/wp\/v2\/posts\/4924\/revisions\/4987"}],"wp:featuredmedia":[{"embeddable":true,"href":"https:\/\/www.blognoel.com\/de\/wp-json\/wp\/v2\/media\/4888"}],"wp:attachment":[{"href":"https:\/\/www.blognoel.com\/de\/wp-json\/wp\/v2\/media?parent=4924"}],"wp:term":[{"taxonomy":"category","embeddable":true,"href":"https:\/\/www.blognoel.com\/de\/wp-json\/wp\/v2\/categories?post=4924"},{"taxonomy":"post_tag","embeddable":true,"href":"https:\/\/www.blognoel.com\/de\/wp-json\/wp\/v2\/tags?post=4924"}],"curies":[{"name":"wp","href":"https:\/\/api.w.org\/{rel}","templated":true}]}}