{"id":49,"date":"2010-10-21T18:47:22","date_gmt":"2010-10-21T18:47:22","guid":{"rendered":"http:\/\/www.blognoel.com\/?p=49"},"modified":"2010-10-27T10:54:57","modified_gmt":"2010-10-27T10:54:57","slug":"woher-kommt-weihnachten","status":"publish","type":"post","link":"https:\/\/www.blognoel.com\/de\/49\/woher-kommt-weihnachten\/","title":{"rendered":"Woher kommt Weihnachten?"},"content":{"rendered":"<p style=\"text-align: center;\"><a rel=\"attachment wp-att-50\" href=\"http:\/\/www.blognoel.com\/de\/49\/woher-kommt-weihnachten\/noeleglise\/\"><img decoding=\"async\" class=\"size-medium wp-image-50 aligncenter lazyload\" title=\"Weihnachtskirche\" data-src=\"http:\/\/www.blognoel.com\/wp-content\/smush-webp\/2010\/10\/noeleglise-300x251.jpg.webp\" alt=\"\" width=\"300\" height=\"251\" data-srcset=\"https:\/\/www.blognoel.com\/wp-content\/smush-webp\/2010\/10\/noeleglise-300x251.jpg.webp 300w, https:\/\/www.blognoel.com\/wp-content\/smush-webp\/2010\/10\/noeleglise.jpg.webp 307w\" data-sizes=\"(max-width: 300px) 100vw, 300px\" src=\"data:image\/svg+xml;base64,PHN2ZyB3aWR0aD0iMSIgaGVpZ2h0PSIxIiB4bWxucz0iaHR0cDovL3d3dy53My5vcmcvMjAwMC9zdmciPjwvc3ZnPg==\" style=\"--smush-placeholder-width: 300px; --smush-placeholder-aspect-ratio: 300\/251;\" data-smush-webp-fallback=\"{&quot;data-src&quot;:&quot;http:\\\/\\\/www.blognoel.com\\\/wp-content\\\/uploads\\\/2010\\\/10\\\/noeleglise-300x251.jpg&quot;,&quot;data-srcset&quot;:&quot;https:\\\/\\\/www.blognoel.com\\\/wp-content\\\/uploads\\\/2010\\\/10\\\/noeleglise-300x251.jpg 300w, https:\\\/\\\/www.blognoel.com\\\/wp-content\\\/uploads\\\/2010\\\/10\\\/noeleglise.jpg 307w&quot;}\" \/><\/a><\/p>\n<p>S\u2019il est un cong\u00e9 f\u00e9ri\u00e9 c\u00e9l\u00e9br\u00e9 un peu partout autour du monde, il s\u2019agit bien de <a href=\"https:\/\/www.blognoel.com\/de\/\">Weihnachten<\/a>. Quelle est son origine? Voyons un peu ce que nous raconte l\u2019Histoire \u00e0 ce sujet.<\/p>\n<p>Vers l&rsquo;an 336, au moment du solstice d\u2019hiver, on c\u00e9l\u00e9brait la f\u00eate du dieu Soleil, \u00e0 Rome, le 25 d\u00e9cembre. Les chr\u00e9tiens de la ville consid\u00e9rant cette f\u00eate trop pa\u00efenne prirent la d\u00e9cision de f\u00eater ce jour \u00e0 leur mani\u00e8re\u00a0: on dressa une liste des chr\u00e9tiens martyrs avec la date de leur mort, que l\u2019on consid\u00e9rait comme leur \u00ab\u00a0naissance\u00a0\u00bb c\u00e9leste, afin de les honorer.\u00a0 En t\u00eate de cette liste, on inscrivit le nom de <a href=\"https:\/\/www.blognoel.com\/de\/charaktere\/jesus\/\">Jesus<\/a>-Christ. Vers la fin du IVe si\u00e8cle, cette f\u00eate \u00e9tait c\u00e9l\u00e9br\u00e9e dans la majorit\u00e9 des \u00e9glises chr\u00e9tiennes mais ce n\u2019\u00e9tait pas encore une occasion de r\u00e9jouissance mais plut\u00f4t un rappel spirituel de la naissance de J\u00e9sus.<\/p>\n<p><strong>Urspr\u00fcnge des Wortes \u201eWeihnachten\u201c<\/strong><\/p>\n<p>Wussten Sie, dass das Wort \u201eWeihnachten\u201c in keinem der Evangelien der Bibel vorkommt? Tats\u00e4chlich erschien es erst 1175 in unserer Sprache. Der Begriff stammt aus dem lateinischen Ausdruck <em>&quot;dies natalis&quot;<\/em> was so viel wie \u201eGeburtstag\u201c bedeutet und zur Bezeichnung des Tages verwendet wurde, an dem Christen die Geburt Christi feiern. Im Laufe der Jahre \u201e <em>N<\/em><em>atalis<\/em> \u00bb wurde zu \u00ab<em>Nael<\/em> &quot;, genauer gesagt um das Jahr 1120. Interessant ist, dass in Bethlehem, der pal\u00e4stinensischen Stadt, in der Jesus geboren wurde, Weihnachten an drei Tagen gefeiert wird: am 24. Dezember bei den protestantischen oder katholischen Gl\u00e4ubigen, am 5. Januar bei den griechisch-orthodoxen Christen, den Kopten und den Anh\u00e4ngern der syrischen Religion und am 6. Januar bei den Armeniern.<\/p>","protected":false},"excerpt":{"rendered":"<p>Wenn es einen Feiertag gibt, der auf der ganzen Welt gefeiert wird, dann ist es Weihnachten. Woher stammt er? Werfen wir einen Blick darauf, was uns die Geschichte dar\u00fcber erz\u00e4hlt. Um das Jahr 336, zur Zeit der Wintersonnenwende, wurde in Rom am 25. Dezember das Fest des Sonnengottes gefeiert. Die Christen\u2026<\/p>","protected":false},"author":3,"featured_media":0,"comment_status":"open","ping_status":"open","sticky":false,"template":"","format":"standard","meta":{"_kad_blocks_custom_css":"","_kad_blocks_head_custom_js":"","_kad_blocks_body_custom_js":"","_kad_blocks_footer_custom_js":"","_kadence_starter_templates_imported_post":false,"_kad_post_transparent":"","_kad_post_title":"","_kad_post_layout":"","_kad_post_sidebar_id":"","_kad_post_content_style":"","_kad_post_vertical_padding":"","_kad_post_feature":"","_kad_post_feature_position":"","_kad_post_header":false,"_kad_post_footer":false,"_kad_post_classname":"","_jetpack_newsletter_access":"","_jetpack_dont_email_post_to_subs":false,"_jetpack_newsletter_tier_id":0,"_jetpack_memberships_contains_paywalled_content":false,"_jetpack_feature_clip_id":0,"_jetpack_memberships_contains_paid_content":false,"footnotes":"","jetpack_publicize_message":"","jetpack_publicize_feature_enabled":true,"jetpack_social_post_already_shared":false,"jetpack_social_options":{"image_generator_settings":{"template":"highway","default_image_id":0,"font":"","enabled":false},"version":2},"jetpack_post_was_ever_published":false},"categories":[8,10,14,9],"tags":[24,30,45,23,31],"class_list":["post-49","post","type-post","status-publish","format-standard","hentry","category-a-la-une","category-bible","category-fete-de-noel","category-histoire","tag-fete","tag-histoire-2","tag-nativite","tag-noel","tag-tradition"],"views":690,"jetpack_publicize_connections":[],"taxonomy_info":{"category":[{"value":8,"label":"A la Une"},{"value":10,"label":"Bible"},{"value":14,"label":"F\u00eate de No\u00ebl"},{"value":9,"label":"Histoire"}],"post_tag":[{"value":24,"label":"f\u00eate"},{"value":30,"label":"histoire"},{"value":45,"label":"Nativit\u00e9"},{"value":23,"label":"no\u00ebl"},{"value":31,"label":"tradition"}]},"featured_image_src_large":false,"author_info":{"display_name":"plumelle","author_link":"https:\/\/www.blognoel.com\/de\/author\/plumelle\/"},"comment_info":1,"category_info":[{"term_id":8,"name":"A la Une","slug":"a-la-une","term_group":0,"term_taxonomy_id":8,"taxonomy":"category","description":"","parent":1,"count":265,"filter":"raw","cat_ID":8,"category_count":265,"category_description":"","cat_name":"A la Une","category_nicename":"a-la-une","category_parent":1},{"term_id":10,"name":"Bible","slug":"bible","term_group":0,"term_taxonomy_id":10,"taxonomy":"category","description":"","parent":9,"count":9,"filter":"raw","cat_ID":10,"category_count":9,"category_description":"","cat_name":"Bible","category_nicename":"bible","category_parent":9},{"term_id":14,"name":"F\u00eate de No\u00ebl","slug":"fete-de-noel","term_group":0,"term_taxonomy_id":14,"taxonomy":"category","description":"","parent":0,"count":194,"filter":"raw","cat_ID":14,"category_count":194,"category_description":"","cat_name":"F\u00eate de No\u00ebl","category_nicename":"fete-de-noel","category_parent":0},{"term_id":9,"name":"Histoire","slug":"histoire","term_group":0,"term_taxonomy_id":9,"taxonomy":"category","description":"","parent":0,"count":28,"filter":"raw","cat_ID":9,"category_count":28,"category_description":"","cat_name":"Histoire","category_nicename":"histoire","category_parent":0}],"tag_info":[{"term_id":24,"name":"f\u00eate","slug":"fete","term_group":0,"term_taxonomy_id":24,"taxonomy":"post_tag","description":"","parent":0,"count":33,"filter":"raw"},{"term_id":30,"name":"histoire","slug":"histoire-2","term_group":0,"term_taxonomy_id":30,"taxonomy":"post_tag","description":"","parent":0,"count":20,"filter":"raw"},{"term_id":45,"name":"Nativit\u00e9","slug":"nativite","term_group":0,"term_taxonomy_id":45,"taxonomy":"post_tag","description":"","parent":0,"count":8,"filter":"raw"},{"term_id":23,"name":"no\u00ebl","slug":"noel","term_group":0,"term_taxonomy_id":23,"taxonomy":"post_tag","description":"","parent":0,"count":146,"filter":"raw"},{"term_id":31,"name":"tradition","slug":"tradition","term_group":0,"term_taxonomy_id":31,"taxonomy":"post_tag","description":"","parent":0,"count":64,"filter":"raw"}],"jetpack_sharing_enabled":true,"jetpack_featured_media_url":"","_links":{"self":[{"href":"https:\/\/www.blognoel.com\/de\/wp-json\/wp\/v2\/posts\/49","targetHints":{"allow":["GET"]}}],"collection":[{"href":"https:\/\/www.blognoel.com\/de\/wp-json\/wp\/v2\/posts"}],"about":[{"href":"https:\/\/www.blognoel.com\/de\/wp-json\/wp\/v2\/types\/post"}],"author":[{"embeddable":true,"href":"https:\/\/www.blognoel.com\/de\/wp-json\/wp\/v2\/users\/3"}],"replies":[{"embeddable":true,"href":"https:\/\/www.blognoel.com\/de\/wp-json\/wp\/v2\/comments?post=49"}],"version-history":[{"count":7,"href":"https:\/\/www.blognoel.com\/de\/wp-json\/wp\/v2\/posts\/49\/revisions"}],"predecessor-version":[{"id":97,"href":"https:\/\/www.blognoel.com\/de\/wp-json\/wp\/v2\/posts\/49\/revisions\/97"}],"wp:attachment":[{"href":"https:\/\/www.blognoel.com\/de\/wp-json\/wp\/v2\/media?parent=49"}],"wp:term":[{"taxonomy":"category","embeddable":true,"href":"https:\/\/www.blognoel.com\/de\/wp-json\/wp\/v2\/categories?post=49"},{"taxonomy":"post_tag","embeddable":true,"href":"https:\/\/www.blognoel.com\/de\/wp-json\/wp\/v2\/tags?post=49"}],"curies":[{"name":"wp","href":"https:\/\/api.w.org\/{rel}","templated":true}]}}