{"id":4806,"date":"2025-10-26T11:16:45","date_gmt":"2025-10-26T10:16:45","guid":{"rendered":"https:\/\/www.blognoel.com\/?p=4806"},"modified":"2025-10-21T13:37:06","modified_gmt":"2025-10-21T11:37:06","slug":"tokyo-un-noel-insolite-au-pays-du-soleil-levant","status":"publish","type":"post","link":"https:\/\/www.blognoel.com\/de\/4806\/tokyo-un-noel-insolite-au-pays-du-soleil-levant\/","title":{"rendered":"Tokyo, un No\u00ebl insolite au pays du Soleil-Levant"},"content":{"rendered":"<h2 class=\"wp-block-heading\">\ud83c\udf8e No\u00ebl \u00e0 la japonaise : une f\u00eate sans religion mais pleine de lumi\u00e8re<\/h2>\n\n\n\n<p class=\"wp-block-paragraph\">Contrairement \u00e0 l\u2019Europe, <a href=\"https:\/\/www.blognoel.com\/de\/\">Weihnachten<\/a> n\u2019est pas une f\u00eate religieuse au Japon. Moins de 2 % des Japonais sont chr\u00e9tiens, mais cela n\u2019emp\u00eache pas le pays d\u2019embrasser la magie hivernale avec enthousiasme.<br>\u00c0 Tokyo, No\u00ebl est synonyme de&nbsp;<strong>romance, de lumi\u00e8res et de partage<\/strong>. Les couples sortent d\u00eener dans des restaurants d\u00e9cor\u00e9s, les familles se prom\u00e8nent sous les guirlandes lumineuses et les amis s\u2019offrent de petits cadeaux.<\/p>\n\n\n\n<p class=\"wp-block-paragraph\">Le 24 d\u00e9cembre est d\u2019ailleurs consid\u00e9r\u00e9 comme&nbsp;<strong>une soir\u00e9e romantique<\/strong>, l\u2019\u00e9quivalent d\u2019une Saint-Valentin hivernale. Les restaurants affichent complet, les p\u00e2tisseries d\u00e9bordent de g\u00e2teaux aux fraises et les rues brillent de mille feux.<\/p>\n\n\n\n<hr class=\"wp-block-separator has-alpha-channel-opacity\"\/>\n\n\n\n<h2 class=\"wp-block-heading\">\ud83c\udfd9\ufe0f Les illuminations f\u00e9\u00e9riques de Tokyo<\/h2>\n\n\n\n<p class=\"wp-block-paragraph\">Chaque quartier de la capitale rivalise de cr\u00e9ativit\u00e9 pour proposer les&nbsp;<strong>plus belles illuminations de No\u00ebl d\u2019Asie<\/strong>.<br>Les Tokyo\u00eftes adorent d\u00e9ambuler dans ces \u201c<strong>illuminations spots<\/strong>\u201d, souvent gratuites et ouvertes jusqu\u2019\u00e0 minuit.<\/p>\n\n\n\n<h3 class=\"wp-block-heading\">\ud83c\udf1f&nbsp;<strong>Roppongi Hills Christmas Illumination<\/strong><\/h3>\n\n\n\n<p class=\"wp-block-paragraph\">L\u2019une des plus spectaculaires, cette installation transforme l\u2019avenue Keyakizaka en tunnel de lumi\u00e8re. Des milliers de LED bleues et argent\u00e9es cr\u00e9ent une atmosph\u00e8re glac\u00e9e et \u00e9l\u00e9gante, avec la&nbsp;<strong>Tokyo Tower<\/strong>&nbsp;en toile de fond.<\/p>\n\n\n\n<h3 class=\"wp-block-heading\">\ud83d\udc99&nbsp;<strong>Shibuya Blue Cave<\/strong><\/h3>\n\n\n\n<p class=\"wp-block-paragraph\">Sur plus de 800 m\u00e8tres, la rue de Shibuya s\u2019illumine de&nbsp;<strong>lumi\u00e8res bleues \u00e9lectriques<\/strong>. Les couples s\u2019y prom\u00e8nent main dans la main, dans un d\u00e9cor quasi surr\u00e9aliste. Les reflets des n\u00e9ons sur les trottoirs humides rappellent les sc\u00e8nes d\u2019un film futuriste.<\/p>\n\n\n\n<h3 class=\"wp-block-heading\">\ud83c\udfa0&nbsp;<strong>Tokyo Midtown et Omotesando<\/strong><\/h3>\n\n\n\n<p class=\"wp-block-paragraph\">Les jardins de&nbsp;<strong>Tokyo Midtown<\/strong>&nbsp;accueillent chaque ann\u00e9e un spectacle lumineux accompagn\u00e9 de musique, tandis qu\u2019\u00e0&nbsp;<strong>Omotesando<\/strong>, les arbres des avenues s\u2019enveloppent de 900 000 petites ampoules dor\u00e9es.<\/p>\n\n\n\n<p class=\"wp-block-paragraph\">Ces illuminations ne sont pas qu\u2019un d\u00e9cor : elles repr\u00e9sentent une v\u00e9ritable tradition hivernale, un art visuel m\u00ealant po\u00e9sie, technologie et pr\u00e9cision japonaise.<\/p>\n\n\n\n<hr class=\"wp-block-separator has-alpha-channel-opacity\"\/>\n\n\n\n<h2 class=\"wp-block-heading\">\ud83c\udf84 Les march\u00e9s de No\u00ebl : l\u2019Europe \u00e0 la sauce nippone<\/h2>\n\n\n\n<p class=\"wp-block-paragraph\">Le Japon a su s\u2019inspirer de l\u2019Europe tout en adaptant No\u00ebl \u00e0 sa culture.<br>\u00c0 Tokyo, les\u00a0<strong><a href=\"https:\/\/www.blognoel.com\/de\/496\/ein-ungewohnlicher-weihnachtsmarkt-der-der-wonck-hohlen\/\" data-type=\"post\" data-id=\"496\">Weihnachtsm\u00e4rkte<\/a><\/strong>\u00a0sont devenus incontournables pour les amateurs de gastronomie et d\u2019artisanat.<\/p>\n\n\n\n<h3 class=\"wp-block-heading\">\ud83c\udf81&nbsp;<strong>Tokyo Christmas Market \u2013 Hibiya Park<\/strong><\/h3>\n\n\n\n<p class=\"wp-block-paragraph\">Le plus c\u00e9l\u00e8bre, inspir\u00e9 du march\u00e9 de Dresde en Allemagne, se tient chaque ann\u00e9e dans&nbsp;<strong>le parc Hibiya<\/strong>, en plein centre-ville.<br>Au programme : chalets en bois, bi\u00e8re allemande, saucisses grill\u00e9es, pains d\u2019\u00e9pices, et un immense sapin import\u00e9 d\u2019Europe.<br>Les Japonais adorent s\u2019y promener en couple, d\u00e9guster du vin chaud (<em>gl\u00fchwein<\/em>) et acheter des d\u00e9corations artisanales.<\/p>\n\n\n\n<h3 class=\"wp-block-heading\">\ud83c\udf7a&nbsp;<strong>Yokohama Red Brick Warehouse Christmas Market<\/strong><\/h3>\n\n\n\n<p class=\"wp-block-paragraph\">Un autre joyau se trouve \u00e0&nbsp;<strong>Yokohama<\/strong>, \u00e0 40 minutes de Tokyo. Dans un cadre industriel chic, les anciens entrep\u00f4ts en briques rouges accueillent un march\u00e9 anim\u00e9, avec patinoire, concerts et stands internationaux.<br>La nuit, les briques se teintent d\u2019orange sous les guirlandes dor\u00e9es, cr\u00e9ant une ambiance magique entre mer et modernit\u00e9.<\/p>\n\n\n\n<hr class=\"wp-block-separator has-alpha-channel-opacity\"\/>\n\n\n\n<h2 class=\"wp-block-heading\">\ud83c\udf70 Les douceurs de No\u00ebl \u00e0 la japonaise<\/h2>\n\n\n\n<p class=\"wp-block-paragraph\">Au Japon,&nbsp;<strong>le repas de No\u00ebl n\u2019a rien de traditionnellement europ\u00e9en<\/strong>.<br>La sp\u00e9cialit\u00e9 la plus populaire est le&nbsp;<strong>Christmas Cake<\/strong>&nbsp;\u2014 une g\u00e9noise l\u00e9g\u00e8re garnie de cr\u00e8me chantilly et de fraises fra\u00eeches. Ce g\u00e2teau est si embl\u00e9matique qu\u2019il symbolise \u00e0 lui seul la f\u00eate. Les p\u00e2tisseries comme&nbsp;<strong>Ginza Cozy Corner<\/strong>Oder&nbsp;<strong>P\u00e2tisserie Sadaharu Aoki<\/strong>&nbsp;rivalisent d\u2019imagination pour en proposer des versions luxueuses.<\/p>\n\n\n\n<p class=\"wp-block-paragraph\">Autre particularit\u00e9 : le&nbsp;<strong>repas du KFC de No\u00ebl<\/strong>.<br>Depuis une campagne publicitaire l\u00e9gendaire des ann\u00e9es 1970, le poulet frit de la cha\u00eene am\u00e9ricaine est devenu une tradition japonaise. Des millions de familles passent commande des semaines \u00e0 l\u2019avance pour d\u00e9guster leur \u201cChristmas Bucket\u201d le soir du r\u00e9veillon.<br>Un symbole \u00e9tonnant d\u2019un No\u00ebl \u00e0 la fois occidental et profond\u00e9ment japonais.<\/p>\n\n\n\n<hr class=\"wp-block-separator has-alpha-channel-opacity\"\/>\n\n\n\n<h2 class=\"wp-block-heading\">\ud83d\udd6f\ufe0f Les cadeaux, la musique et l\u2019esprit kawaii<\/h2>\n\n\n\n<p class=\"wp-block-paragraph\">Les <a href=\"https:\/\/www.blognoel.com\/de\/weihnachtsgeschenke\/\">Weihnachtsgeschenke<\/a> au Japon sont souvent petits mais raffin\u00e9s : chocolats, parfums, accessoires ou objets mignons (<em>kawaii<\/em>). Les Japonais attachent une grande importance \u00e0 l\u2019emballage : chaque pr\u00e9sent est soigneusement d\u00e9cor\u00e9, souvent plus beau que le cadeau lui-m\u00eame.<\/p>\n\n\n\n<p class=\"wp-block-paragraph\">Les rues et les centres commerciaux diffusent des chansons de No\u00ebl, de&nbsp;<strong>Mariah Carey<\/strong>&nbsp;\u00e0&nbsp;<strong>Wham!<\/strong>, m\u00e9lang\u00e9es \u00e0 des versions japonaises de classiques occidentaux.<br>Les boutiques comme&nbsp;<strong>Don Quijote<\/strong>&nbsp;Und&nbsp;<strong>Tokyu Hands<\/strong>&nbsp;d\u00e9bordent de d\u00e9corations lumineuses, de guirlandes et de peluches de rennes.<\/p>\n\n\n\n<hr class=\"wp-block-separator has-alpha-channel-opacity\"\/>\n\n\n\n<h2 class=\"wp-block-heading\">\ud83d\udcab No\u00ebl, reflet de la modernit\u00e9 japonaise<\/h2>\n\n\n\n<p class=\"wp-block-paragraph\">No\u00ebl \u00e0 Tokyo n\u2019est pas une f\u00eate religieuse, mais une&nbsp;<strong>c\u00e9l\u00e9bration esth\u00e9tique et \u00e9motionnelle<\/strong>.<br>La capitale japonaise m\u00eale la rigueur de sa culture \u00e0 la douceur de l\u2019esprit de No\u00ebl. Tout est organis\u00e9, propre, po\u00e9tique. Pas de d\u00e9bordement, pas de stress : juste la beaut\u00e9 des lumi\u00e8res et le plaisir de partager.<\/p>\n\n\n\n<p class=\"wp-block-paragraph\">Ce No\u00ebl nippon illustre parfaitement la philosophie japonaise :&nbsp;<strong>reprendre le meilleur des autres cultures pour le sublimer \u00e0 sa mani\u00e8re<\/strong>.<br>Sous les millions de LED de Roppongi et les chants de No\u00ebl des march\u00e9s de Hibiya, Tokyo nous rappelle qu\u2019on peut f\u00eater No\u00ebl sans religion, mais jamais sans \u00e9motion.<\/p>\n\n\n\n<h2 class=\"wp-block-heading\">No\u00ebl \u00e0 Tokyo en vid\u00e9o<\/h2>\n\n\n\n<figure class=\"wp-block-embed is-type-video is-provider-youtube wp-block-embed-youtube wp-embed-aspect-9-16 wp-has-aspect-ratio\"><div class=\"wp-block-embed__wrapper\">\n<iframe title=\"Christmas in Tokyo | Japan Winter Scene\" width=\"563\" height=\"1000\" data-src=\"https:\/\/www.youtube.com\/embed\/Sy9unhPa1YM?feature=oembed\" frameborder=\"0\" allow=\"accelerometer; autoplay; clipboard-write; encrypted-media; gyroscope; picture-in-picture; web-share\" referrerpolicy=\"strict-origin-when-cross-origin\" allowfullscreen src=\"data:image\/svg+xml;base64,PHN2ZyB3aWR0aD0iMSIgaGVpZ2h0PSIxIiB4bWxucz0iaHR0cDovL3d3dy53My5vcmcvMjAwMC9zdmciPjwvc3ZnPg==\" class=\"lazyload\" data-load-mode=\"1\"><\/iframe>\n<\/div><\/figure>\n\n\n\n<h2 class=\"wp-block-heading\">March\u00e9 de No\u00ebl et f\u00eate dans d&rsquo;autres villes du monde<\/h2>\n\n\n<style>.kt-post-loop4806_42f781-1b .kadence-post-image{padding-top:0px;padding-right:30px;padding-bottom:10px;padding-left:0px;}.kt-post-loop4806_42f781-1b .kt-feat-image-align-left{grid-template-columns:40% auto;}.kt-post-loop4806_42f781-1b .kt-post-grid-wrap{gap:30px 30px;}.kt-post-loop4806_42f781-1b .kt-blocks-post-grid-item{border-top-left-radius:0px;border-top-right-radius:0px;border-bottom-right-radius:0px;border-bottom-left-radius:0px;overflow:hidden;}.kt-post-loop4806_42f781-1b .kt-blocks-post-grid-item .kt-blocks-post-grid-item-inner{padding-top:0px;padding-right:0px;padding-bottom:0px;padding-left:0px;}.kt-post-loop4806_42f781-1b .kt-blocks-post-grid-item header{padding-top:0px;padding-right:0px;padding-bottom:10px;padding-left:0px;margin-top:0px;margin-right:0px;margin-bottom:0px;margin-left:0px;}.kt-post-loop4806_42f781-1b .kt-blocks-post-grid-item .kt-blocks-above-categories{font-size:13px;line-height:20px;text-transform:uppercase;}.kt-post-loop4806_42f781-1b .kt-blocks-post-grid-item .entry-title{padding-top:5px;padding-right:0px;padding-bottom:0px;padding-left:0px;margin-top:0px;margin-right:0px;margin-bottom:0px;margin-left:0px;font-size:24px;line-height:30px;}.kt-post-loop4806_42f781-1b .entry-content{padding-top:0px;padding-right:0px;padding-bottom:0px;padding-left:0px;margin-top:0px;margin-right:0px;margin-bottom:0px;margin-left:0px;font-size:14px;line-height:24px;}.kt-post-loop4806_42f781-1b .kt-blocks-post-footer{border-top-width:0px;border-right-width:0px;border-bottom-width:0px;border-left-width:0px;padding-top:0px;padding-right:0px;padding-bottom:0px;padding-left:0px;margin-top:0px;margin-right:0px;margin-bottom:0px;margin-left:0px;font-size:12px;line-height:20px;text-transform:uppercase;}.kt-post-loop4806_42f781-1b .entry-content:after{height:0px;}.kt-post-loop4806_42f781-1b .kb-filter-item{border-top-width:0px;border-right-width:0px;border-bottom-width:2px;border-left-width:0px;padding-top:5px;padding-right:8px;padding-bottom:5px;padding-left:8px;margin-top:0px;margin-right:10px;margin-bottom:0px;margin-left:0px;}<\/style><div class=\"wp-block-kadence-postgrid kt-blocks-post-loop-block alignnone kt-post-loop4806_42f781-1b kt-post-grid-layout-grid\"><div class=\"kt-post-grid-layout-grid-wrap kt-post-grid-wrap\" data-columns-xxl=\"2\" data-columns-xl=\"2\" data-columns-md=\"2\" data-columns-sm=\"2\" data-columns-xs=\"1\" data-columns-ss=\"1\"data-item-selector=\".kt-post-masonry-item\" aria-label=\"Post Carousel\"><article class=\"kt-blocks-post-grid-item post-5163 post type-post status-publish format-standard has-post-thumbnail hentry category-marche tag-suisse\"><div class=\"kt-blocks-post-grid-item-inner-wrap kt-feat-image-align-left kt-feat-image-mobile-align-top\"><div class=\"kadence-post-image\"><div class=\"kadence-post-image-intrisic kt-image-ratio-133-33\" style=\"padding-bottom:133.33%;\"><div class=\"kadence-post-image-inner-intrisic\"><a href=\"https:\/\/www.blognoel.com\/de\/5163\/ce-village-suisse-feerique-a-ete-elu-plus-beau-marche-de-noel-deurope\/\" aria-label=\"Read More Ce village suisse f\u00e9erique a \u00e9t\u00e9 \u00e9lu plus beau march\u00e9 de No\u00ebl d\u2019Europe\" class=\"kadence-post-image-inner-wrap\"><img decoding=\"async\" width=\"510\" height=\"288\" data-src=\"https:\/\/www.blognoel.com\/wp-content\/smush-webp\/2025\/12\/img_9645.jpg.webp\" class=\"attachment-large size-large wp-post-image lazyload\" alt=\"\" data-srcset=\"https:\/\/www.blognoel.com\/wp-content\/smush-webp\/2025\/12\/img_9645.jpg.webp 510w, https:\/\/www.blognoel.com\/wp-content\/uploads\/2025\/12\/img_9645-18x10.jpg 18w\" data-sizes=\"(max-width: 510px) 100vw, 510px\" src=\"data:image\/svg+xml;base64,PHN2ZyB3aWR0aD0iMSIgaGVpZ2h0PSIxIiB4bWxucz0iaHR0cDovL3d3dy53My5vcmcvMjAwMC9zdmciPjwvc3ZnPg==\" style=\"--smush-placeholder-width: 510px; --smush-placeholder-aspect-ratio: 510\/288;\" data-smush-webp-fallback=\"{&quot;data-src&quot;:&quot;https:\\\/\\\/www.blognoel.com\\\/wp-content\\\/uploads\\\/2025\\\/12\\\/img_9645.jpg&quot;,&quot;data-srcset&quot;:&quot;https:\\\/\\\/www.blognoel.com\\\/wp-content\\\/uploads\\\/2025\\\/12\\\/img_9645.jpg 510w, https:\\\/\\\/www.blognoel.com\\\/wp-content\\\/uploads\\\/2025\\\/12\\\/img_9645-18x10.jpg 18w&quot;}\" \/><\/a><\/div><\/div><\/div><div class=\"kt-blocks-post-grid-item-inner\"><header><h2 class=\"entry-title\"><a href=\"https:\/\/www.blognoel.com\/de\/5163\/ce-village-suisse-feerique-a-ete-elu-plus-beau-marche-de-noel-deurope\/\">Ce village suisse f\u00e9erique a \u00e9t\u00e9 \u00e9lu plus beau march\u00e9 de No\u00ebl d\u2019Europe<\/a><\/h2><div class=\"kt-blocks-post-top-meta\"><div class=\"kt-blocks-date\"><span class=\"kt-blocks-date-pretext\">Ver\u00f6ffentlicht am <\/span><time datetime=\"2025-12-19T22:47:57+01:00\" class=\"kt-blocks-post-date\">19 Dezember 2025<\/time><\/div><\/div><\/header><div class=\"entry-content\">\u00c0 l\u2019approche de No\u00ebl, la magie s\u2019invite partout et transforme nos villes en v\u00e9ritables d\u00e9cors de conte de f\u00e9es. \u00c0 quelques jours des f\u00eates, les march\u00e9s de No\u00ebl s\u2019imposent comme&#8230;<\/div><footer class=\"kt-blocks-post-footer\"><div class=\"kt-blocks-post-footer-left\"><\/div><div class=\"kt-blocks-post-footer-right\"><\/div><\/footer><\/div><\/div><\/article><article class=\"kt-blocks-post-grid-item post-5147 post type-post status-publish format-standard has-post-thumbnail hentry category-marche tag-europe tag-roumanie\"><div class=\"kt-blocks-post-grid-item-inner-wrap kt-feat-image-align-left kt-feat-image-mobile-align-top\"><div class=\"kadence-post-image\"><div class=\"kadence-post-image-intrisic kt-image-ratio-133-33\" style=\"padding-bottom:133.33%;\"><div class=\"kadence-post-image-inner-intrisic\"><a href=\"https:\/\/www.blognoel.com\/de\/5147\/le-plus-grand-marche-de-noel-a-craiova-en-roumanie\/\" aria-label=\"Read More Le plus grand march\u00e9 de No\u00ebl \u00e0 Craiova en Roumanie\" class=\"kadence-post-image-inner-wrap\"><img decoding=\"async\" width=\"1024\" height=\"1024\" data-src=\"https:\/\/www.blognoel.com\/wp-content\/smush-webp\/2025\/11\/img_8632.png.webp\" class=\"attachment-large size-large wp-post-image lazyload\" alt=\"\" data-srcset=\"https:\/\/www.blognoel.com\/wp-content\/smush-webp\/2025\/11\/img_8632.png.webp 1024w, https:\/\/www.blognoel.com\/wp-content\/smush-webp\/2025\/11\/img_8632-600x600.png.webp 600w, https:\/\/www.blognoel.com\/wp-content\/smush-webp\/2025\/11\/img_8632-300x300.png.webp 300w, https:\/\/www.blognoel.com\/wp-content\/smush-webp\/2025\/11\/img_8632-768x768.png.webp 768w, https:\/\/www.blognoel.com\/wp-content\/smush-webp\/2025\/11\/img_8632-12x12.png.webp 12w\" data-sizes=\"(max-width: 1024px) 100vw, 1024px\" src=\"data:image\/svg+xml;base64,PHN2ZyB3aWR0aD0iMSIgaGVpZ2h0PSIxIiB4bWxucz0iaHR0cDovL3d3dy53My5vcmcvMjAwMC9zdmciPjwvc3ZnPg==\" style=\"--smush-placeholder-width: 1024px; --smush-placeholder-aspect-ratio: 1024\/1024;\" data-smush-webp-fallback=\"{&quot;data-src&quot;:&quot;https:\\\/\\\/www.blognoel.com\\\/wp-content\\\/uploads\\\/2025\\\/11\\\/img_8632.png&quot;,&quot;data-srcset&quot;:&quot;https:\\\/\\\/www.blognoel.com\\\/wp-content\\\/uploads\\\/2025\\\/11\\\/img_8632.png 1024w, https:\\\/\\\/www.blognoel.com\\\/wp-content\\\/uploads\\\/2025\\\/11\\\/img_8632-600x600.png 600w, https:\\\/\\\/www.blognoel.com\\\/wp-content\\\/uploads\\\/2025\\\/11\\\/img_8632-300x300.png 300w, https:\\\/\\\/www.blognoel.com\\\/wp-content\\\/uploads\\\/2025\\\/11\\\/img_8632-768x768.png 768w, https:\\\/\\\/www.blognoel.com\\\/wp-content\\\/uploads\\\/2025\\\/11\\\/img_8632-12x12.png 12w&quot;}\" \/><\/a><\/div><\/div><\/div><div class=\"kt-blocks-post-grid-item-inner\"><header><h2 class=\"entry-title\"><a href=\"https:\/\/www.blognoel.com\/de\/5147\/le-plus-grand-marche-de-noel-a-craiova-en-roumanie\/\">Le plus grand march\u00e9 de No\u00ebl \u00e0 Craiova en Roumanie<\/a><\/h2><div class=\"kt-blocks-post-top-meta\"><div class=\"kt-blocks-date\"><span class=\"kt-blocks-date-pretext\">Ver\u00f6ffentlicht am <\/span><time datetime=\"2025-12-08T00:48:26+01:00\" class=\"kt-blocks-post-date\">8 Dezember 2025<\/time><\/div><\/div><\/header><div class=\"entry-content\">Voici quelques images du march\u00e9 de No\u00ebl de Craiova<\/div><footer class=\"kt-blocks-post-footer\"><div class=\"kt-blocks-post-footer-left\"><\/div><div class=\"kt-blocks-post-footer-right\"><\/div><\/footer><\/div><\/div><\/article><article class=\"kt-blocks-post-grid-item post-5126 post type-post status-publish format-standard has-post-thumbnail hentry category-marche category-reseaux-sociaux tag-instagram\"><div class=\"kt-blocks-post-grid-item-inner-wrap kt-feat-image-align-left kt-feat-image-mobile-align-top\"><div class=\"kadence-post-image\"><div class=\"kadence-post-image-intrisic kt-image-ratio-133-33\" style=\"padding-bottom:133.33%;\"><div class=\"kadence-post-image-inner-intrisic\"><a href=\"https:\/\/www.blognoel.com\/de\/5126\/un-marche-de-noel-a-buckingham-une-supercherie-nee-de-lia\/\" aria-label=\"Read More Un march\u00e9 de No\u00ebl \u00e0 Buckingham ? Une supercherie n\u00e9e de l\u2019IA\" class=\"kadence-post-image-inner-wrap\"><img decoding=\"async\" width=\"800\" height=\"533\" data-src=\"https:\/\/www.blognoel.com\/wp-content\/smush-webp\/2025\/11\/img_8866.jpg.webp\" class=\"attachment-large size-large wp-post-image lazyload\" alt=\"\" data-srcset=\"https:\/\/www.blognoel.com\/wp-content\/smush-webp\/2025\/11\/img_8866.jpg.webp 800w, https:\/\/www.blognoel.com\/wp-content\/smush-webp\/2025\/11\/img_8866-600x400.jpg.webp 600w, https:\/\/www.blognoel.com\/wp-content\/smush-webp\/2025\/11\/img_8866-768x512.jpg.webp 768w, https:\/\/www.blognoel.com\/wp-content\/smush-webp\/2025\/11\/img_8866-18x12.jpg.webp 18w\" data-sizes=\"(max-width: 800px) 100vw, 800px\" src=\"data:image\/svg+xml;base64,PHN2ZyB3aWR0aD0iMSIgaGVpZ2h0PSIxIiB4bWxucz0iaHR0cDovL3d3dy53My5vcmcvMjAwMC9zdmciPjwvc3ZnPg==\" style=\"--smush-placeholder-width: 800px; --smush-placeholder-aspect-ratio: 800\/533;\" data-smush-webp-fallback=\"{&quot;data-src&quot;:&quot;https:\\\/\\\/www.blognoel.com\\\/wp-content\\\/uploads\\\/2025\\\/11\\\/img_8866.jpg&quot;,&quot;data-srcset&quot;:&quot;https:\\\/\\\/www.blognoel.com\\\/wp-content\\\/uploads\\\/2025\\\/11\\\/img_8866.jpg 800w, https:\\\/\\\/www.blognoel.com\\\/wp-content\\\/uploads\\\/2025\\\/11\\\/img_8866-600x400.jpg 600w, https:\\\/\\\/www.blognoel.com\\\/wp-content\\\/uploads\\\/2025\\\/11\\\/img_8866-768x512.jpg 768w, https:\\\/\\\/www.blognoel.com\\\/wp-content\\\/uploads\\\/2025\\\/11\\\/img_8866-18x12.jpg 18w&quot;}\" \/><\/a><\/div><\/div><\/div><div class=\"kt-blocks-post-grid-item-inner\"><header><h2 class=\"entry-title\"><a href=\"https:\/\/www.blognoel.com\/de\/5126\/un-marche-de-noel-a-buckingham-une-supercherie-nee-de-lia\/\">Un march\u00e9 de No\u00ebl \u00e0 Buckingham ? Une supercherie n\u00e9e de l\u2019IA<\/a><\/h2><div class=\"kt-blocks-post-top-meta\"><div class=\"kt-blocks-date\"><span class=\"kt-blocks-date-pretext\">Ver\u00f6ffentlicht am <\/span><time datetime=\"2025-11-22T07:44:46+01:00\" class=\"kt-blocks-post-date\">22 November 2025<\/time><\/div><\/div><\/header><div class=\"entry-content\">Un faux march\u00e9 de No\u00ebl devant le palais de Buckingham a pi\u00e9g\u00e9 de nombreux touristes, s\u00e9duits par une image g\u00e9n\u00e9r\u00e9e par l\u2019IA et largement diffus\u00e9e sur les r\u00e9seaux sociaux. Pensant&#8230;<\/div><footer class=\"kt-blocks-post-footer\"><div class=\"kt-blocks-post-footer-left\"><\/div><div class=\"kt-blocks-post-footer-right\"><\/div><\/footer><\/div><\/div><\/article><article class=\"kt-blocks-post-grid-item post-4926 post type-post status-publish format-standard has-post-thumbnail hentry category-marche tag-canada tag-montreal\"><div class=\"kt-blocks-post-grid-item-inner-wrap kt-feat-image-align-left kt-feat-image-mobile-align-top\"><div class=\"kadence-post-image\"><div class=\"kadence-post-image-intrisic kt-image-ratio-133-33\" style=\"padding-bottom:133.33%;\"><div class=\"kadence-post-image-inner-intrisic\"><a href=\"https:\/\/www.blognoel.com\/de\/4926\/1-%f0%9f%8e%81-histoire-traditions-de-noel-a-montreal\/\" aria-label=\"Read More 1. \ud83c\udf81 Histoire &#038; traditions de No\u00ebl \u00e0 Montr\u00e9al\" class=\"kadence-post-image-inner-wrap\"><img decoding=\"async\" width=\"1256\" height=\"707\" data-src=\"https:\/\/www.blognoel.com\/wp-content\/uploads\/2025\/11\/montreal-at-christmastime-is-som-1256x707.jpg\" class=\"attachment-large size-large wp-post-image lazyload\" alt=\"Montr\u00e9al \u00e0 No\u00ebl\" data-srcset=\"https:\/\/www.blognoel.com\/wp-content\/uploads\/2025\/11\/montreal-at-christmastime-is-som-1256x707.jpg 1256w, https:\/\/www.blognoel.com\/wp-content\/uploads\/2025\/11\/montreal-at-christmastime-is-som-600x338.jpg 600w, https:\/\/www.blognoel.com\/wp-content\/uploads\/2025\/11\/montreal-at-christmastime-is-som-768x432.jpg 768w, https:\/\/www.blognoel.com\/wp-content\/uploads\/2025\/11\/montreal-at-christmastime-is-som-18x10.jpg 18w, https:\/\/www.blognoel.com\/wp-content\/uploads\/2025\/11\/montreal-at-christmastime-is-som.jpg 1280w\" data-sizes=\"(max-width: 1256px) 100vw, 1256px\" src=\"data:image\/svg+xml;base64,PHN2ZyB3aWR0aD0iMSIgaGVpZ2h0PSIxIiB4bWxucz0iaHR0cDovL3d3dy53My5vcmcvMjAwMC9zdmciPjwvc3ZnPg==\" style=\"--smush-placeholder-width: 1256px; --smush-placeholder-aspect-ratio: 1256\/707;\" \/><\/a><\/div><\/div><\/div><div class=\"kt-blocks-post-grid-item-inner\"><header><h2 class=\"entry-title\"><a href=\"https:\/\/www.blognoel.com\/de\/4926\/1-%f0%9f%8e%81-histoire-traditions-de-noel-a-montreal\/\">1. \ud83c\udf81 Histoire &#038; traditions de No\u00ebl \u00e0 Montr\u00e9al<\/a><\/h2><div class=\"kt-blocks-post-top-meta\"><div class=\"kt-blocks-date\"><span class=\"kt-blocks-date-pretext\">Ver\u00f6ffentlicht am <\/span><time datetime=\"2025-11-03T07:30:01+01:00\" class=\"kt-blocks-post-date\">3 November 2025<\/time><\/div><\/div><\/header><div class=\"entry-content\">Plongez dans la magie de No\u00ebl \u00e0 Montr\u00e9al ! March\u00e9s, traditions qu\u00e9b\u00e9coises, tourti\u00e8re, illuminations, sorties familiales et activit\u00e9s hivernales : le guide complet.<\/div><footer class=\"kt-blocks-post-footer\"><div class=\"kt-blocks-post-footer-left\"><\/div><div class=\"kt-blocks-post-footer-right\"><\/div><\/footer><\/div><\/div><\/article><article class=\"kt-blocks-post-grid-item post-5002 post type-post status-publish format-standard has-post-thumbnail hentry category-marche category-videos tag-france\"><div class=\"kt-blocks-post-grid-item-inner-wrap kt-feat-image-align-left kt-feat-image-mobile-align-top\"><div class=\"kadence-post-image\"><div class=\"kadence-post-image-intrisic kt-image-ratio-133-33\" style=\"padding-bottom:133.33%;\"><div class=\"kadence-post-image-inner-intrisic\"><a href=\"https:\/\/www.blognoel.com\/de\/5002\/%f0%9f%8e%84-le-marche-de-noel-de-colmar-histoire-traditions-et-magie-alsacienne\/\" aria-label=\"Read More \ud83c\udf84 Le March\u00e9 de No\u00ebl de Colmar : Histoire, traditions et magie alsacienne\" class=\"kadence-post-image-inner-wrap\"><img decoding=\"async\" width=\"1256\" height=\"837\" data-src=\"https:\/\/www.blognoel.com\/wp-content\/smush-webp\/2025\/10\/marche-de-noel-a-Colmar-blognoel-1256x837.png.webp\" class=\"attachment-large size-large wp-post-image lazyload\" alt=\"marche\u0301 de noe\u0308l a\u0300 Colmar blognoel alsace France\" data-srcset=\"https:\/\/www.blognoel.com\/wp-content\/smush-webp\/2025\/10\/marche-de-noel-a-Colmar-blognoel-1256x837.png.webp 1256w, https:\/\/www.blognoel.com\/wp-content\/smush-webp\/2025\/10\/marche-de-noel-a-Colmar-blognoel-600x400.png.webp 600w, https:\/\/www.blognoel.com\/wp-content\/smush-webp\/2025\/10\/marche-de-noel-a-Colmar-blognoel-768x512.png.webp 768w, https:\/\/www.blognoel.com\/wp-content\/smush-webp\/2025\/10\/marche-de-noel-a-Colmar-blognoel-18x12.png.webp 18w, https:\/\/www.blognoel.com\/wp-content\/smush-webp\/2025\/10\/marche-de-noel-a-Colmar-blognoel.png.webp 1536w\" data-sizes=\"(max-width: 1256px) 100vw, 1256px\" src=\"data:image\/svg+xml;base64,PHN2ZyB3aWR0aD0iMSIgaGVpZ2h0PSIxIiB4bWxucz0iaHR0cDovL3d3dy53My5vcmcvMjAwMC9zdmciPjwvc3ZnPg==\" style=\"--smush-placeholder-width: 1256px; --smush-placeholder-aspect-ratio: 1256\/837;\" data-smush-webp-fallback=\"{&quot;data-src&quot;:&quot;https:\\\/\\\/www.blognoel.com\\\/wp-content\\\/uploads\\\/2025\\\/10\\\/marche-de-noel-a-Colmar-blognoel-1256x837.png&quot;,&quot;data-srcset&quot;:&quot;https:\\\/\\\/www.blognoel.com\\\/wp-content\\\/uploads\\\/2025\\\/10\\\/marche-de-noel-a-Colmar-blognoel-1256x837.png 1256w, https:\\\/\\\/www.blognoel.com\\\/wp-content\\\/uploads\\\/2025\\\/10\\\/marche-de-noel-a-Colmar-blognoel-600x400.png 600w, https:\\\/\\\/www.blognoel.com\\\/wp-content\\\/uploads\\\/2025\\\/10\\\/marche-de-noel-a-Colmar-blognoel-768x512.png 768w, https:\\\/\\\/www.blognoel.com\\\/wp-content\\\/uploads\\\/2025\\\/10\\\/marche-de-noel-a-Colmar-blognoel-18x12.png 18w, https:\\\/\\\/www.blognoel.com\\\/wp-content\\\/uploads\\\/2025\\\/10\\\/marche-de-noel-a-Colmar-blognoel.png 1536w&quot;}\" \/><\/a><\/div><\/div><\/div><div class=\"kt-blocks-post-grid-item-inner\"><header><h2 class=\"entry-title\"><a href=\"https:\/\/www.blognoel.com\/de\/5002\/%f0%9f%8e%84-le-marche-de-noel-de-colmar-histoire-traditions-et-magie-alsacienne\/\">\ud83c\udf84 Le March\u00e9 de No\u00ebl de Colmar : Histoire, traditions et magie alsacienne<\/a><\/h2><div class=\"kt-blocks-post-top-meta\"><div class=\"kt-blocks-date\"><span class=\"kt-blocks-date-pretext\">Ver\u00f6ffentlicht am <\/span><time datetime=\"2025-10-31T10:33:43+01:00\" class=\"kt-blocks-post-date\">31 Oktober 2025<\/time><\/div><\/div><\/header><div class=\"entry-content\">Une f\u00e9erie au c\u0153ur de l\u2019Alsace Parmi les plus beaux march\u00e9s de No\u00ebl d\u2019Europe, celui de&nbsp;Colmar&nbsp;occupe une place \u00e0 part. Chaque hiver, cette cit\u00e9 m\u00e9di\u00e9vale alsacienne se transforme en un&#8230;<\/div><footer class=\"kt-blocks-post-footer\"><div class=\"kt-blocks-post-footer-left\"><\/div><div class=\"kt-blocks-post-footer-right\"><\/div><\/footer><\/div><\/div><\/article><article class=\"kt-blocks-post-grid-item post-4929 post type-post status-publish format-standard has-post-thumbnail hentry category-marche tag-floride tag-monde\"><div class=\"kt-blocks-post-grid-item-inner-wrap kt-feat-image-align-left kt-feat-image-mobile-align-top\"><div class=\"kadence-post-image\"><div class=\"kadence-post-image-intrisic kt-image-ratio-133-33\" style=\"padding-bottom:133.33%;\"><div class=\"kadence-post-image-inner-intrisic\"><a href=\"https:\/\/www.blognoel.com\/de\/4929\/noel-magique-en-floride-un-guide-des-festivites-des-fetes\/\" aria-label=\"Read More No\u00ebl magique en Floride\u00a0: un guide des festivit\u00e9s des f\u00eates\" class=\"kadence-post-image-inner-wrap\"><img decoding=\"async\" width=\"1256\" height=\"707\" data-src=\"https:\/\/www.blognoel.com\/wp-content\/uploads\/2025\/10\/magic-kingdom-christmas-nighttim-1256x707.jpg\" class=\"attachment-large size-large wp-post-image lazyload\" alt=\"\" data-srcset=\"https:\/\/www.blognoel.com\/wp-content\/uploads\/2025\/10\/magic-kingdom-christmas-nighttim-1256x707.jpg 1256w, https:\/\/www.blognoel.com\/wp-content\/uploads\/2025\/10\/magic-kingdom-christmas-nighttim-600x338.jpg 600w, https:\/\/www.blognoel.com\/wp-content\/uploads\/2025\/10\/magic-kingdom-christmas-nighttim-768x432.jpg 768w, https:\/\/www.blognoel.com\/wp-content\/uploads\/2025\/10\/magic-kingdom-christmas-nighttim-18x10.jpg 18w, https:\/\/www.blognoel.com\/wp-content\/uploads\/2025\/10\/magic-kingdom-christmas-nighttim.jpg 1280w\" data-sizes=\"(max-width: 1256px) 100vw, 1256px\" src=\"data:image\/svg+xml;base64,PHN2ZyB3aWR0aD0iMSIgaGVpZ2h0PSIxIiB4bWxucz0iaHR0cDovL3d3dy53My5vcmcvMjAwMC9zdmciPjwvc3ZnPg==\" style=\"--smush-placeholder-width: 1256px; --smush-placeholder-aspect-ratio: 1256\/707;\" \/><\/a><\/div><\/div><\/div><div class=\"kt-blocks-post-grid-item-inner\"><header><h2 class=\"entry-title\"><a href=\"https:\/\/www.blognoel.com\/de\/4929\/noel-magique-en-floride-un-guide-des-festivites-des-fetes\/\">No\u00ebl magique en Floride\u00a0: un guide des festivit\u00e9s des f\u00eates<\/a><\/h2><div class=\"kt-blocks-post-top-meta\"><div class=\"kt-blocks-date\"><span class=\"kt-blocks-date-pretext\">Ver\u00f6ffentlicht am <\/span><time datetime=\"2025-10-29T13:44:00+01:00\" class=\"kt-blocks-post-date\">29 Oktober 2025<\/time><\/div><\/div><\/header><div class=\"entry-content\">\u00c0 l&rsquo;approche des f\u00eates de fin d&rsquo;ann\u00e9e, la Floride se transforme en un pays des merveilles rempli de lumi\u00e8res \u00e9blouissantes, d&rsquo;\u00e9v\u00e9nements festifs et de c\u00e9l\u00e9brations joyeuses. Des superbes parcs \u00e0&#8230;<\/div><footer class=\"kt-blocks-post-footer\"><div class=\"kt-blocks-post-footer-left\"><\/div><div class=\"kt-blocks-post-footer-right\"><\/div><\/footer><\/div><\/div><\/article><\/div><\/div><!-- .wp-block-kadence-postgrid -->","protected":false},"excerpt":{"rendered":"<p>\u00c0 Tokyo, No\u00ebl se vit avec un charme inattendu : entre traditions europ\u00e9ennes et cr\u00e9ativit\u00e9 japonaise, les march\u00e9s brillent d\u2019un \u00e9clat unique.<\/p>","protected":false},"author":18,"featured_media":4847,"comment_status":"open","ping_status":"open","sticky":false,"template":"","format":"standard","meta":{"_kad_blocks_custom_css":"","_kad_blocks_head_custom_js":"","_kad_blocks_body_custom_js":"","_kad_blocks_footer_custom_js":"","_kadence_starter_templates_imported_post":false,"_kad_post_transparent":"","_kad_post_title":"","_kad_post_layout":"","_kad_post_sidebar_id":"","_kad_post_content_style":"","_kad_post_vertical_padding":"","_kad_post_feature":"","_kad_post_feature_position":"","_kad_post_header":false,"_kad_post_footer":false,"_kad_post_classname":"","_jetpack_newsletter_access":"","_jetpack_dont_email_post_to_subs":false,"_jetpack_newsletter_tier_id":0,"_jetpack_memberships_contains_paywalled_content":false,"_jetpack_feature_clip_id":0,"_jetpack_memberships_contains_paid_content":false,"footnotes":"","jetpack_publicize_message":"","jetpack_publicize_feature_enabled":true,"jetpack_social_post_already_shared":true,"jetpack_social_options":{"image_generator_settings":{"template":"highway","default_image_id":0,"font":"","enabled":false},"version":2},"jetpack_post_was_ever_published":false},"categories":[275,20],"tags":[278,50],"class_list":["post-4806","post","type-post","status-publish","format-standard","has-post-thumbnail","hentry","category-marche","category-videos","tag-tokyo","tag-youtube"],"views":70,"jetpack_publicize_connections":[],"taxonomy_info":{"category":[{"value":275,"label":"March\u00e9"},{"value":20,"label":"Vid\u00e9os"}],"post_tag":[{"value":278,"label":"Tokyo"},{"value":50,"label":"Youtube"}]},"featured_image_src_large":["https:\/\/www.blognoel.com\/wp-content\/uploads\/2025\/10\/marche-et-fete-de-Noel-a-Tokyo-1200x800.png",1200,800,true],"author_info":{"display_name":"Jean","author_link":"https:\/\/www.blognoel.com\/de\/author\/bcbg12\/"},"comment_info":0,"category_info":[{"term_id":275,"name":"March\u00e9","slug":"marche","term_group":0,"term_taxonomy_id":275,"taxonomy":"category","description":"","parent":14,"count":12,"filter":"raw","cat_ID":275,"category_count":12,"category_description":"","cat_name":"March\u00e9","category_nicename":"marche","category_parent":14},{"term_id":20,"name":"Vid\u00e9os","slug":"videos","term_group":0,"term_taxonomy_id":20,"taxonomy":"category","description":"Les meilleures vid\u00e9os de no\u00ebl: musiques, histoire, traditions, recettes, films...","parent":0,"count":200,"filter":"raw","cat_ID":20,"category_count":200,"category_description":"Les meilleures vid\u00e9os de no\u00ebl: musiques, histoire, traditions, recettes, films...","cat_name":"Vid\u00e9os","category_nicename":"videos","category_parent":0}],"tag_info":[{"term_id":278,"name":"Tokyo","slug":"tokyo","term_group":0,"term_taxonomy_id":278,"taxonomy":"post_tag","description":"","parent":0,"count":1,"filter":"raw"},{"term_id":50,"name":"Youtube","slug":"youtube","term_group":0,"term_taxonomy_id":50,"taxonomy":"post_tag","description":"","parent":0,"count":74,"filter":"raw"}],"jetpack_sharing_enabled":true,"jetpack_featured_media_url":"https:\/\/www.blognoel.com\/wp-content\/uploads\/2025\/10\/marche-et-fete-de-Noel-a-Tokyo.png","_links":{"self":[{"href":"https:\/\/www.blognoel.com\/de\/wp-json\/wp\/v2\/posts\/4806","targetHints":{"allow":["GET"]}}],"collection":[{"href":"https:\/\/www.blognoel.com\/de\/wp-json\/wp\/v2\/posts"}],"about":[{"href":"https:\/\/www.blognoel.com\/de\/wp-json\/wp\/v2\/types\/post"}],"author":[{"embeddable":true,"href":"https:\/\/www.blognoel.com\/de\/wp-json\/wp\/v2\/users\/18"}],"replies":[{"embeddable":true,"href":"https:\/\/www.blognoel.com\/de\/wp-json\/wp\/v2\/comments?post=4806"}],"version-history":[{"count":1,"href":"https:\/\/www.blognoel.com\/de\/wp-json\/wp\/v2\/posts\/4806\/revisions"}],"predecessor-version":[{"id":4844,"href":"https:\/\/www.blognoel.com\/de\/wp-json\/wp\/v2\/posts\/4806\/revisions\/4844"}],"wp:featuredmedia":[{"embeddable":true,"href":"https:\/\/www.blognoel.com\/de\/wp-json\/wp\/v2\/media\/4847"}],"wp:attachment":[{"href":"https:\/\/www.blognoel.com\/de\/wp-json\/wp\/v2\/media?parent=4806"}],"wp:term":[{"taxonomy":"category","embeddable":true,"href":"https:\/\/www.blognoel.com\/de\/wp-json\/wp\/v2\/categories?post=4806"},{"taxonomy":"post_tag","embeddable":true,"href":"https:\/\/www.blognoel.com\/de\/wp-json\/wp\/v2\/tags?post=4806"}],"curies":[{"name":"wp","href":"https:\/\/api.w.org\/{rel}","templated":true}]}}