{"id":4785,"date":"2025-10-21T11:15:54","date_gmt":"2025-10-21T09:15:54","guid":{"rendered":"https:\/\/www.blognoel.com\/?p=4785"},"modified":"2025-10-21T11:15:59","modified_gmt":"2025-10-21T09:15:59","slug":"strasbourg-la-capitale-mondiale-de-noel","status":"publish","type":"post","link":"https:\/\/www.blognoel.com\/de\/4785\/strasbourg-la-capitale-mondiale-de-noel\/","title":{"rendered":"Strasbourg, la capitale mondiale de No\u00ebl"},"content":{"rendered":"<h3 class=\"wp-block-heading\">\ud83c\udf84 Une tradition vieille de cinq si\u00e8cles<\/h3>\n\n\n\n<p class=\"wp-block-paragraph\">DER\u00a0<strong>Christkindelsm\u00e4rik<\/strong>\u00a0von <a href=\"https:\/\/www.blognoel.com\/de\/360\/360\/\" data-type=\"post\" data-id=\"360\">Strasbourg<\/a> attire chaque ann\u00e9e plus de deux millions de visiteurs. Fond\u00e9 en 1570, il s\u2019\u00e9tend sur plusieurs places : Broglie, Kl\u00e9ber et la Cath\u00e9drale.<br>Les fa\u00e7ades \u00e0 colombages se parent de d\u00e9corations et l\u2019immense sapin de la place Kl\u00e9ber symbolise la g\u00e9n\u00e9rosit\u00e9 : chaque habitant y d\u00e9pose un <a href=\"https:\/\/www.blognoel.com\/de\/weihnachtsgeschenke\/\">Geschenk<\/a> pour les plus d\u00e9munis.<\/p>\n\n\n\n<h3 class=\"wp-block-heading\">\ud83e\uddc0 Saveurs et artisanat alsacien<\/h3>\n\n\n\n<p class=\"wp-block-paragraph\">Les odeurs de vin chaud, de pain d\u2019\u00e9pices et de choucroute guident les visiteurs. On y d\u00e9guste les fameux&nbsp;<strong>bredeles<\/strong>, petits biscuits de <a href=\"https:\/\/www.blognoel.com\/de\/\">Weihnachten<\/a>, ou des bretzels dor\u00e9s \u00e0 souhait.<br>Les artisans exposent des jouets en bois, des cr\u00e8ches sculpt\u00e9es et des d\u00e9corations artisanales inspir\u00e9es du folklore alsacien.<\/p>\n\n\n\n<h3 class=\"wp-block-heading\">\ud83d\udd6f\ufe0f Ambiance magique et solidaire<\/h3>\n\n\n\n<p class=\"wp-block-paragraph\">Strasbourg mise sur une atmosph\u00e8re authentique : chorales, lumi\u00e8res douces, solidarit\u00e9 et traditions familiales. Le march\u00e9 incarne l\u2019esprit de partage et de communaut\u00e9.<\/p>\n\n\n\n<figure class=\"wp-block-embed is-type-video is-provider-youtube wp-block-embed-youtube wp-embed-aspect-16-9 wp-has-aspect-ratio\"><div class=\"wp-block-embed__wrapper\">\n<iframe title=\"Un No\u00ebl \u00e0 Strasbourg : La magie du march\u00e9 de No\u00ebl en Alsace\" width=\"720\" height=\"405\" data-src=\"https:\/\/www.youtube.com\/embed\/YGfsbg2xYvg?feature=oembed\" frameborder=\"0\" allow=\"accelerometer; autoplay; clipboard-write; encrypted-media; gyroscope; picture-in-picture; web-share\" referrerpolicy=\"strict-origin-when-cross-origin\" allowfullscreen src=\"data:image\/svg+xml;base64,PHN2ZyB3aWR0aD0iMSIgaGVpZ2h0PSIxIiB4bWxucz0iaHR0cDovL3d3dy53My5vcmcvMjAwMC9zdmciPjwvc3ZnPg==\" class=\"lazyload\" data-load-mode=\"1\"><\/iframe>\n<\/div><\/figure>\n\n\n\n<p class=\"wp-block-paragraph\"><\/p>\n\n\n<style>.kt-post-loop4785_065a3e-65 .kadence-post-image{padding-top:0px;padding-right:30px;padding-bottom:10px;padding-left:0px;}.kt-post-loop4785_065a3e-65 .kt-feat-image-align-left{grid-template-columns:40% auto;}.kt-post-loop4785_065a3e-65 .kt-post-grid-wrap{gap:30px 30px;}.kt-post-loop4785_065a3e-65 .kt-blocks-post-grid-item{border-top-left-radius:0px;border-top-right-radius:0px;border-bottom-right-radius:0px;border-bottom-left-radius:0px;overflow:hidden;}.kt-post-loop4785_065a3e-65 .kt-blocks-post-grid-item .kt-blocks-post-grid-item-inner{padding-top:0px;padding-right:0px;padding-bottom:0px;padding-left:0px;}.kt-post-loop4785_065a3e-65 .kt-blocks-post-grid-item header{padding-top:0px;padding-right:0px;padding-bottom:10px;padding-left:0px;margin-top:0px;margin-right:0px;margin-bottom:0px;margin-left:0px;}.kt-post-loop4785_065a3e-65 .kt-blocks-post-grid-item .kt-blocks-above-categories{font-size:13px;line-height:20px;text-transform:uppercase;}.kt-post-loop4785_065a3e-65 .kt-blocks-post-grid-item .entry-title{padding-top:5px;padding-right:0px;padding-bottom:0px;padding-left:0px;margin-top:0px;margin-right:0px;margin-bottom:0px;margin-left:0px;font-size:24px;line-height:30px;}.kt-post-loop4785_065a3e-65 .entry-content{padding-top:0px;padding-right:0px;padding-bottom:0px;padding-left:0px;margin-top:0px;margin-right:0px;margin-bottom:0px;margin-left:0px;font-size:14px;line-height:24px;}.kt-post-loop4785_065a3e-65 .kt-blocks-post-footer{border-top-width:0px;border-right-width:0px;border-bottom-width:0px;border-left-width:0px;padding-top:0px;padding-right:0px;padding-bottom:0px;padding-left:0px;margin-top:0px;margin-right:0px;margin-bottom:0px;margin-left:0px;font-size:12px;line-height:20px;text-transform:uppercase;}.kt-post-loop4785_065a3e-65 .entry-content:after{height:0px;}.kt-post-loop4785_065a3e-65 .kb-filter-item{border-top-width:0px;border-right-width:0px;border-bottom-width:2px;border-left-width:0px;padding-top:5px;padding-right:8px;padding-bottom:5px;padding-left:8px;margin-top:0px;margin-right:10px;margin-bottom:0px;margin-left:0px;}<\/style><div class=\"wp-block-kadence-postgrid kt-blocks-post-loop-block alignnone kt-post-loop4785_065a3e-65 kt-post-grid-layout-grid\"><div class=\"kt-post-grid-layout-grid-wrap kt-post-grid-wrap\" data-columns-xxl=\"2\" data-columns-xl=\"2\" data-columns-md=\"2\" data-columns-sm=\"2\" data-columns-xs=\"1\" data-columns-ss=\"1\"data-item-selector=\".kt-post-masonry-item\" aria-label=\"Post Carousel\"><article class=\"kt-blocks-post-grid-item post-5163 post type-post status-publish format-standard has-post-thumbnail hentry category-marche tag-suisse\"><div class=\"kt-blocks-post-grid-item-inner-wrap kt-feat-image-align-left kt-feat-image-mobile-align-top\"><div class=\"kadence-post-image\"><div class=\"kadence-post-image-intrisic kt-image-ratio-133-33\" style=\"padding-bottom:133.33%;\"><div class=\"kadence-post-image-inner-intrisic\"><a href=\"https:\/\/www.blognoel.com\/de\/5163\/ce-village-suisse-feerique-a-ete-elu-plus-beau-marche-de-noel-deurope\/\" aria-label=\"Read More Ce village suisse f\u00e9erique a \u00e9t\u00e9 \u00e9lu plus beau march\u00e9 de No\u00ebl d\u2019Europe\" class=\"kadence-post-image-inner-wrap\"><img decoding=\"async\" width=\"510\" height=\"288\" data-src=\"https:\/\/www.blognoel.com\/wp-content\/smush-webp\/2025\/12\/img_9645.jpg.webp\" class=\"attachment-large size-large wp-post-image lazyload\" alt=\"\" data-srcset=\"https:\/\/www.blognoel.com\/wp-content\/smush-webp\/2025\/12\/img_9645.jpg.webp 510w, https:\/\/www.blognoel.com\/wp-content\/uploads\/2025\/12\/img_9645-18x10.jpg 18w\" data-sizes=\"(max-width: 510px) 100vw, 510px\" src=\"data:image\/svg+xml;base64,PHN2ZyB3aWR0aD0iMSIgaGVpZ2h0PSIxIiB4bWxucz0iaHR0cDovL3d3dy53My5vcmcvMjAwMC9zdmciPjwvc3ZnPg==\" style=\"--smush-placeholder-width: 510px; --smush-placeholder-aspect-ratio: 510\/288;\" data-smush-webp-fallback=\"{&quot;data-src&quot;:&quot;https:\\\/\\\/www.blognoel.com\\\/wp-content\\\/uploads\\\/2025\\\/12\\\/img_9645.jpg&quot;,&quot;data-srcset&quot;:&quot;https:\\\/\\\/www.blognoel.com\\\/wp-content\\\/uploads\\\/2025\\\/12\\\/img_9645.jpg 510w, https:\\\/\\\/www.blognoel.com\\\/wp-content\\\/uploads\\\/2025\\\/12\\\/img_9645-18x10.jpg 18w&quot;}\" \/><\/a><\/div><\/div><\/div><div class=\"kt-blocks-post-grid-item-inner\"><header><h2 class=\"entry-title\"><a href=\"https:\/\/www.blognoel.com\/de\/5163\/ce-village-suisse-feerique-a-ete-elu-plus-beau-marche-de-noel-deurope\/\">Ce village suisse f\u00e9erique a \u00e9t\u00e9 \u00e9lu plus beau march\u00e9 de No\u00ebl d\u2019Europe<\/a><\/h2><div class=\"kt-blocks-post-top-meta\"><div class=\"kt-blocks-date\"><span class=\"kt-blocks-date-pretext\">Ver\u00f6ffentlicht am <\/span><time datetime=\"2025-12-19T22:47:57+01:00\" class=\"kt-blocks-post-date\">19 Dezember 2025<\/time><\/div><\/div><\/header><div class=\"entry-content\">\u00c0 l\u2019approche de No\u00ebl, la magie s\u2019invite partout et transforme nos villes en v\u00e9ritables d\u00e9cors de conte de f\u00e9es. \u00c0 quelques jours des f\u00eates, les march\u00e9s de No\u00ebl s\u2019imposent comme&#8230;<\/div><footer class=\"kt-blocks-post-footer\"><div class=\"kt-blocks-post-footer-left\"><\/div><div class=\"kt-blocks-post-footer-right\"><\/div><\/footer><\/div><\/div><\/article><article class=\"kt-blocks-post-grid-item post-5147 post type-post status-publish format-standard has-post-thumbnail hentry category-marche tag-europe tag-roumanie\"><div class=\"kt-blocks-post-grid-item-inner-wrap kt-feat-image-align-left kt-feat-image-mobile-align-top\"><div class=\"kadence-post-image\"><div class=\"kadence-post-image-intrisic kt-image-ratio-133-33\" style=\"padding-bottom:133.33%;\"><div class=\"kadence-post-image-inner-intrisic\"><a href=\"https:\/\/www.blognoel.com\/de\/5147\/le-plus-grand-marche-de-noel-a-craiova-en-roumanie\/\" aria-label=\"Read More Le plus grand march\u00e9 de No\u00ebl \u00e0 Craiova en Roumanie\" class=\"kadence-post-image-inner-wrap\"><img decoding=\"async\" width=\"1024\" height=\"1024\" data-src=\"https:\/\/www.blognoel.com\/wp-content\/smush-webp\/2025\/11\/img_8632.png.webp\" class=\"attachment-large size-large wp-post-image lazyload\" alt=\"\" data-srcset=\"https:\/\/www.blognoel.com\/wp-content\/smush-webp\/2025\/11\/img_8632.png.webp 1024w, https:\/\/www.blognoel.com\/wp-content\/smush-webp\/2025\/11\/img_8632-600x600.png.webp 600w, https:\/\/www.blognoel.com\/wp-content\/smush-webp\/2025\/11\/img_8632-300x300.png.webp 300w, https:\/\/www.blognoel.com\/wp-content\/smush-webp\/2025\/11\/img_8632-768x768.png.webp 768w, https:\/\/www.blognoel.com\/wp-content\/smush-webp\/2025\/11\/img_8632-12x12.png.webp 12w\" data-sizes=\"(max-width: 1024px) 100vw, 1024px\" src=\"data:image\/svg+xml;base64,PHN2ZyB3aWR0aD0iMSIgaGVpZ2h0PSIxIiB4bWxucz0iaHR0cDovL3d3dy53My5vcmcvMjAwMC9zdmciPjwvc3ZnPg==\" style=\"--smush-placeholder-width: 1024px; --smush-placeholder-aspect-ratio: 1024\/1024;\" data-smush-webp-fallback=\"{&quot;data-src&quot;:&quot;https:\\\/\\\/www.blognoel.com\\\/wp-content\\\/uploads\\\/2025\\\/11\\\/img_8632.png&quot;,&quot;data-srcset&quot;:&quot;https:\\\/\\\/www.blognoel.com\\\/wp-content\\\/uploads\\\/2025\\\/11\\\/img_8632.png 1024w, https:\\\/\\\/www.blognoel.com\\\/wp-content\\\/uploads\\\/2025\\\/11\\\/img_8632-600x600.png 600w, https:\\\/\\\/www.blognoel.com\\\/wp-content\\\/uploads\\\/2025\\\/11\\\/img_8632-300x300.png 300w, https:\\\/\\\/www.blognoel.com\\\/wp-content\\\/uploads\\\/2025\\\/11\\\/img_8632-768x768.png 768w, https:\\\/\\\/www.blognoel.com\\\/wp-content\\\/uploads\\\/2025\\\/11\\\/img_8632-12x12.png 12w&quot;}\" \/><\/a><\/div><\/div><\/div><div class=\"kt-blocks-post-grid-item-inner\"><header><h2 class=\"entry-title\"><a href=\"https:\/\/www.blognoel.com\/de\/5147\/le-plus-grand-marche-de-noel-a-craiova-en-roumanie\/\">Le plus grand march\u00e9 de No\u00ebl \u00e0 Craiova en Roumanie<\/a><\/h2><div class=\"kt-blocks-post-top-meta\"><div class=\"kt-blocks-date\"><span class=\"kt-blocks-date-pretext\">Ver\u00f6ffentlicht am <\/span><time datetime=\"2025-12-08T00:48:26+01:00\" class=\"kt-blocks-post-date\">8 Dezember 2025<\/time><\/div><\/div><\/header><div class=\"entry-content\">Voici quelques images du march\u00e9 de No\u00ebl de Craiova<\/div><footer class=\"kt-blocks-post-footer\"><div class=\"kt-blocks-post-footer-left\"><\/div><div class=\"kt-blocks-post-footer-right\"><\/div><\/footer><\/div><\/div><\/article><article class=\"kt-blocks-post-grid-item post-5126 post type-post status-publish format-standard has-post-thumbnail hentry category-marche category-reseaux-sociaux tag-instagram\"><div class=\"kt-blocks-post-grid-item-inner-wrap kt-feat-image-align-left kt-feat-image-mobile-align-top\"><div class=\"kadence-post-image\"><div class=\"kadence-post-image-intrisic kt-image-ratio-133-33\" style=\"padding-bottom:133.33%;\"><div class=\"kadence-post-image-inner-intrisic\"><a href=\"https:\/\/www.blognoel.com\/de\/5126\/un-marche-de-noel-a-buckingham-une-supercherie-nee-de-lia\/\" aria-label=\"Read More Un march\u00e9 de No\u00ebl \u00e0 Buckingham ? Une supercherie n\u00e9e de l\u2019IA\" class=\"kadence-post-image-inner-wrap\"><img decoding=\"async\" width=\"800\" height=\"533\" data-src=\"https:\/\/www.blognoel.com\/wp-content\/smush-webp\/2025\/11\/img_8866.jpg.webp\" class=\"attachment-large size-large wp-post-image lazyload\" alt=\"\" data-srcset=\"https:\/\/www.blognoel.com\/wp-content\/smush-webp\/2025\/11\/img_8866.jpg.webp 800w, https:\/\/www.blognoel.com\/wp-content\/smush-webp\/2025\/11\/img_8866-600x400.jpg.webp 600w, https:\/\/www.blognoel.com\/wp-content\/smush-webp\/2025\/11\/img_8866-768x512.jpg.webp 768w, https:\/\/www.blognoel.com\/wp-content\/smush-webp\/2025\/11\/img_8866-18x12.jpg.webp 18w\" data-sizes=\"(max-width: 800px) 100vw, 800px\" src=\"data:image\/svg+xml;base64,PHN2ZyB3aWR0aD0iMSIgaGVpZ2h0PSIxIiB4bWxucz0iaHR0cDovL3d3dy53My5vcmcvMjAwMC9zdmciPjwvc3ZnPg==\" style=\"--smush-placeholder-width: 800px; --smush-placeholder-aspect-ratio: 800\/533;\" data-smush-webp-fallback=\"{&quot;data-src&quot;:&quot;https:\\\/\\\/www.blognoel.com\\\/wp-content\\\/uploads\\\/2025\\\/11\\\/img_8866.jpg&quot;,&quot;data-srcset&quot;:&quot;https:\\\/\\\/www.blognoel.com\\\/wp-content\\\/uploads\\\/2025\\\/11\\\/img_8866.jpg 800w, https:\\\/\\\/www.blognoel.com\\\/wp-content\\\/uploads\\\/2025\\\/11\\\/img_8866-600x400.jpg 600w, https:\\\/\\\/www.blognoel.com\\\/wp-content\\\/uploads\\\/2025\\\/11\\\/img_8866-768x512.jpg 768w, https:\\\/\\\/www.blognoel.com\\\/wp-content\\\/uploads\\\/2025\\\/11\\\/img_8866-18x12.jpg 18w&quot;}\" \/><\/a><\/div><\/div><\/div><div class=\"kt-blocks-post-grid-item-inner\"><header><h2 class=\"entry-title\"><a href=\"https:\/\/www.blognoel.com\/de\/5126\/un-marche-de-noel-a-buckingham-une-supercherie-nee-de-lia\/\">Un march\u00e9 de No\u00ebl \u00e0 Buckingham ? Une supercherie n\u00e9e de l\u2019IA<\/a><\/h2><div class=\"kt-blocks-post-top-meta\"><div class=\"kt-blocks-date\"><span class=\"kt-blocks-date-pretext\">Ver\u00f6ffentlicht am <\/span><time datetime=\"2025-11-22T07:44:46+01:00\" class=\"kt-blocks-post-date\">22 November 2025<\/time><\/div><\/div><\/header><div class=\"entry-content\">Un faux march\u00e9 de No\u00ebl devant le palais de Buckingham a pi\u00e9g\u00e9 de nombreux touristes, s\u00e9duits par une image g\u00e9n\u00e9r\u00e9e par l\u2019IA et largement diffus\u00e9e sur les r\u00e9seaux sociaux. Pensant&#8230;<\/div><footer class=\"kt-blocks-post-footer\"><div class=\"kt-blocks-post-footer-left\"><\/div><div class=\"kt-blocks-post-footer-right\"><\/div><\/footer><\/div><\/div><\/article><article class=\"kt-blocks-post-grid-item post-4926 post type-post status-publish format-standard has-post-thumbnail hentry category-marche tag-canada tag-montreal\"><div class=\"kt-blocks-post-grid-item-inner-wrap kt-feat-image-align-left kt-feat-image-mobile-align-top\"><div class=\"kadence-post-image\"><div class=\"kadence-post-image-intrisic kt-image-ratio-133-33\" style=\"padding-bottom:133.33%;\"><div class=\"kadence-post-image-inner-intrisic\"><a href=\"https:\/\/www.blognoel.com\/de\/4926\/1-%f0%9f%8e%81-histoire-traditions-de-noel-a-montreal\/\" aria-label=\"Read More 1. \ud83c\udf81 Histoire &#038; traditions de No\u00ebl \u00e0 Montr\u00e9al\" class=\"kadence-post-image-inner-wrap\"><img decoding=\"async\" width=\"1256\" height=\"707\" data-src=\"https:\/\/www.blognoel.com\/wp-content\/uploads\/2025\/11\/montreal-at-christmastime-is-som-1256x707.jpg\" class=\"attachment-large size-large wp-post-image lazyload\" alt=\"Montr\u00e9al \u00e0 No\u00ebl\" data-srcset=\"https:\/\/www.blognoel.com\/wp-content\/uploads\/2025\/11\/montreal-at-christmastime-is-som-1256x707.jpg 1256w, https:\/\/www.blognoel.com\/wp-content\/uploads\/2025\/11\/montreal-at-christmastime-is-som-600x338.jpg 600w, https:\/\/www.blognoel.com\/wp-content\/uploads\/2025\/11\/montreal-at-christmastime-is-som-768x432.jpg 768w, https:\/\/www.blognoel.com\/wp-content\/uploads\/2025\/11\/montreal-at-christmastime-is-som-18x10.jpg 18w, https:\/\/www.blognoel.com\/wp-content\/uploads\/2025\/11\/montreal-at-christmastime-is-som.jpg 1280w\" data-sizes=\"(max-width: 1256px) 100vw, 1256px\" src=\"data:image\/svg+xml;base64,PHN2ZyB3aWR0aD0iMSIgaGVpZ2h0PSIxIiB4bWxucz0iaHR0cDovL3d3dy53My5vcmcvMjAwMC9zdmciPjwvc3ZnPg==\" style=\"--smush-placeholder-width: 1256px; --smush-placeholder-aspect-ratio: 1256\/707;\" \/><\/a><\/div><\/div><\/div><div class=\"kt-blocks-post-grid-item-inner\"><header><h2 class=\"entry-title\"><a href=\"https:\/\/www.blognoel.com\/de\/4926\/1-%f0%9f%8e%81-histoire-traditions-de-noel-a-montreal\/\">1. \ud83c\udf81 Histoire &#038; traditions de No\u00ebl \u00e0 Montr\u00e9al<\/a><\/h2><div class=\"kt-blocks-post-top-meta\"><div class=\"kt-blocks-date\"><span class=\"kt-blocks-date-pretext\">Ver\u00f6ffentlicht am <\/span><time datetime=\"2025-11-03T07:30:01+01:00\" class=\"kt-blocks-post-date\">3 November 2025<\/time><\/div><\/div><\/header><div class=\"entry-content\">Plongez dans la magie de No\u00ebl \u00e0 Montr\u00e9al ! March\u00e9s, traditions qu\u00e9b\u00e9coises, tourti\u00e8re, illuminations, sorties familiales et activit\u00e9s hivernales : le guide complet.<\/div><footer class=\"kt-blocks-post-footer\"><div class=\"kt-blocks-post-footer-left\"><\/div><div class=\"kt-blocks-post-footer-right\"><\/div><\/footer><\/div><\/div><\/article><article class=\"kt-blocks-post-grid-item post-5002 post type-post status-publish format-standard has-post-thumbnail hentry category-marche category-videos tag-france\"><div class=\"kt-blocks-post-grid-item-inner-wrap kt-feat-image-align-left kt-feat-image-mobile-align-top\"><div class=\"kadence-post-image\"><div class=\"kadence-post-image-intrisic kt-image-ratio-133-33\" style=\"padding-bottom:133.33%;\"><div class=\"kadence-post-image-inner-intrisic\"><a href=\"https:\/\/www.blognoel.com\/de\/5002\/%f0%9f%8e%84-le-marche-de-noel-de-colmar-histoire-traditions-et-magie-alsacienne\/\" aria-label=\"Read More \ud83c\udf84 Le March\u00e9 de No\u00ebl de Colmar : Histoire, traditions et magie alsacienne\" class=\"kadence-post-image-inner-wrap\"><img decoding=\"async\" width=\"1256\" height=\"837\" data-src=\"https:\/\/www.blognoel.com\/wp-content\/smush-webp\/2025\/10\/marche-de-noel-a-Colmar-blognoel-1256x837.png.webp\" class=\"attachment-large size-large wp-post-image lazyload\" alt=\"marche\u0301 de noe\u0308l a\u0300 Colmar blognoel alsace France\" data-srcset=\"https:\/\/www.blognoel.com\/wp-content\/smush-webp\/2025\/10\/marche-de-noel-a-Colmar-blognoel-1256x837.png.webp 1256w, https:\/\/www.blognoel.com\/wp-content\/smush-webp\/2025\/10\/marche-de-noel-a-Colmar-blognoel-600x400.png.webp 600w, https:\/\/www.blognoel.com\/wp-content\/smush-webp\/2025\/10\/marche-de-noel-a-Colmar-blognoel-768x512.png.webp 768w, https:\/\/www.blognoel.com\/wp-content\/smush-webp\/2025\/10\/marche-de-noel-a-Colmar-blognoel-18x12.png.webp 18w, https:\/\/www.blognoel.com\/wp-content\/smush-webp\/2025\/10\/marche-de-noel-a-Colmar-blognoel.png.webp 1536w\" data-sizes=\"(max-width: 1256px) 100vw, 1256px\" src=\"data:image\/svg+xml;base64,PHN2ZyB3aWR0aD0iMSIgaGVpZ2h0PSIxIiB4bWxucz0iaHR0cDovL3d3dy53My5vcmcvMjAwMC9zdmciPjwvc3ZnPg==\" style=\"--smush-placeholder-width: 1256px; --smush-placeholder-aspect-ratio: 1256\/837;\" data-smush-webp-fallback=\"{&quot;data-src&quot;:&quot;https:\\\/\\\/www.blognoel.com\\\/wp-content\\\/uploads\\\/2025\\\/10\\\/marche-de-noel-a-Colmar-blognoel-1256x837.png&quot;,&quot;data-srcset&quot;:&quot;https:\\\/\\\/www.blognoel.com\\\/wp-content\\\/uploads\\\/2025\\\/10\\\/marche-de-noel-a-Colmar-blognoel-1256x837.png 1256w, https:\\\/\\\/www.blognoel.com\\\/wp-content\\\/uploads\\\/2025\\\/10\\\/marche-de-noel-a-Colmar-blognoel-600x400.png 600w, https:\\\/\\\/www.blognoel.com\\\/wp-content\\\/uploads\\\/2025\\\/10\\\/marche-de-noel-a-Colmar-blognoel-768x512.png 768w, https:\\\/\\\/www.blognoel.com\\\/wp-content\\\/uploads\\\/2025\\\/10\\\/marche-de-noel-a-Colmar-blognoel-18x12.png 18w, https:\\\/\\\/www.blognoel.com\\\/wp-content\\\/uploads\\\/2025\\\/10\\\/marche-de-noel-a-Colmar-blognoel.png 1536w&quot;}\" \/><\/a><\/div><\/div><\/div><div class=\"kt-blocks-post-grid-item-inner\"><header><h2 class=\"entry-title\"><a href=\"https:\/\/www.blognoel.com\/de\/5002\/%f0%9f%8e%84-le-marche-de-noel-de-colmar-histoire-traditions-et-magie-alsacienne\/\">\ud83c\udf84 Le March\u00e9 de No\u00ebl de Colmar : Histoire, traditions et magie alsacienne<\/a><\/h2><div class=\"kt-blocks-post-top-meta\"><div class=\"kt-blocks-date\"><span class=\"kt-blocks-date-pretext\">Ver\u00f6ffentlicht am <\/span><time datetime=\"2025-10-31T10:33:43+01:00\" class=\"kt-blocks-post-date\">31 Oktober 2025<\/time><\/div><\/div><\/header><div class=\"entry-content\">Une f\u00e9erie au c\u0153ur de l\u2019Alsace Parmi les plus beaux march\u00e9s de No\u00ebl d\u2019Europe, celui de&nbsp;Colmar&nbsp;occupe une place \u00e0 part. Chaque hiver, cette cit\u00e9 m\u00e9di\u00e9vale alsacienne se transforme en un&#8230;<\/div><footer class=\"kt-blocks-post-footer\"><div class=\"kt-blocks-post-footer-left\"><\/div><div class=\"kt-blocks-post-footer-right\"><\/div><\/footer><\/div><\/div><\/article><article class=\"kt-blocks-post-grid-item post-4929 post type-post status-publish format-standard has-post-thumbnail hentry category-marche tag-floride tag-monde\"><div class=\"kt-blocks-post-grid-item-inner-wrap kt-feat-image-align-left kt-feat-image-mobile-align-top\"><div class=\"kadence-post-image\"><div class=\"kadence-post-image-intrisic kt-image-ratio-133-33\" style=\"padding-bottom:133.33%;\"><div class=\"kadence-post-image-inner-intrisic\"><a href=\"https:\/\/www.blognoel.com\/de\/4929\/noel-magique-en-floride-un-guide-des-festivites-des-fetes\/\" aria-label=\"Read More No\u00ebl magique en Floride\u00a0: un guide des festivit\u00e9s des f\u00eates\" class=\"kadence-post-image-inner-wrap\"><img decoding=\"async\" width=\"1256\" height=\"707\" data-src=\"https:\/\/www.blognoel.com\/wp-content\/uploads\/2025\/10\/magic-kingdom-christmas-nighttim-1256x707.jpg\" class=\"attachment-large size-large wp-post-image lazyload\" alt=\"\" data-srcset=\"https:\/\/www.blognoel.com\/wp-content\/uploads\/2025\/10\/magic-kingdom-christmas-nighttim-1256x707.jpg 1256w, https:\/\/www.blognoel.com\/wp-content\/uploads\/2025\/10\/magic-kingdom-christmas-nighttim-600x338.jpg 600w, https:\/\/www.blognoel.com\/wp-content\/uploads\/2025\/10\/magic-kingdom-christmas-nighttim-768x432.jpg 768w, https:\/\/www.blognoel.com\/wp-content\/uploads\/2025\/10\/magic-kingdom-christmas-nighttim-18x10.jpg 18w, https:\/\/www.blognoel.com\/wp-content\/uploads\/2025\/10\/magic-kingdom-christmas-nighttim.jpg 1280w\" data-sizes=\"(max-width: 1256px) 100vw, 1256px\" src=\"data:image\/svg+xml;base64,PHN2ZyB3aWR0aD0iMSIgaGVpZ2h0PSIxIiB4bWxucz0iaHR0cDovL3d3dy53My5vcmcvMjAwMC9zdmciPjwvc3ZnPg==\" style=\"--smush-placeholder-width: 1256px; --smush-placeholder-aspect-ratio: 1256\/707;\" \/><\/a><\/div><\/div><\/div><div class=\"kt-blocks-post-grid-item-inner\"><header><h2 class=\"entry-title\"><a href=\"https:\/\/www.blognoel.com\/de\/4929\/noel-magique-en-floride-un-guide-des-festivites-des-fetes\/\">No\u00ebl magique en Floride\u00a0: un guide des festivit\u00e9s des f\u00eates<\/a><\/h2><div class=\"kt-blocks-post-top-meta\"><div class=\"kt-blocks-date\"><span class=\"kt-blocks-date-pretext\">Ver\u00f6ffentlicht am <\/span><time datetime=\"2025-10-29T13:44:00+01:00\" class=\"kt-blocks-post-date\">29 Oktober 2025<\/time><\/div><\/div><\/header><div class=\"entry-content\">\u00c0 l&rsquo;approche des f\u00eates de fin d&rsquo;ann\u00e9e, la Floride se transforme en un pays des merveilles rempli de lumi\u00e8res \u00e9blouissantes, d&rsquo;\u00e9v\u00e9nements festifs et de c\u00e9l\u00e9brations joyeuses. Des superbes parcs \u00e0&#8230;<\/div><footer class=\"kt-blocks-post-footer\"><div class=\"kt-blocks-post-footer-left\"><\/div><div class=\"kt-blocks-post-footer-right\"><\/div><\/footer><\/div><\/div><\/article><\/div><\/div><!-- .wp-block-kadence-postgrid -->","protected":false},"excerpt":{"rendered":"<p>Le march\u00e9 de No\u00ebl de Strasbourg, fond\u00e9 en 1570, est le plus ancien d\u2019Europe. Entre chalets en bois, chants, artisanat et saveurs alsaciennes, la ville vit au rythme de la magie de No\u00ebl.<\/p>","protected":false},"author":18,"featured_media":4799,"comment_status":"open","ping_status":"open","sticky":false,"template":"","format":"standard","meta":{"_kad_blocks_custom_css":"","_kad_blocks_head_custom_js":"","_kad_blocks_body_custom_js":"","_kad_blocks_footer_custom_js":"","_kadence_starter_templates_imported_post":false,"_kad_post_transparent":"","_kad_post_title":"","_kad_post_layout":"","_kad_post_sidebar_id":"","_kad_post_content_style":"","_kad_post_vertical_padding":"","_kad_post_feature":"","_kad_post_feature_position":"","_kad_post_header":false,"_kad_post_footer":false,"_kad_post_classname":"","_jetpack_newsletter_access":"","_jetpack_dont_email_post_to_subs":false,"_jetpack_newsletter_tier_id":0,"_jetpack_memberships_contains_paywalled_content":false,"_jetpack_feature_clip_id":0,"_jetpack_memberships_contains_paid_content":false,"footnotes":"","jetpack_publicize_message":"","jetpack_publicize_feature_enabled":true,"jetpack_social_post_already_shared":false,"jetpack_social_options":{"image_generator_settings":{"template":"highway","default_image_id":0,"font":"","enabled":false},"version":2},"jetpack_post_was_ever_published":false},"categories":[20,275],"tags":[],"class_list":["post-4785","post","type-post","status-publish","format-standard","has-post-thumbnail","hentry","category-videos","category-marche"],"views":92,"jetpack_publicize_connections":[],"taxonomy_info":{"category":[{"value":20,"label":"Vid\u00e9os"},{"value":275,"label":"March\u00e9"}]},"featured_image_src_large":["https:\/\/www.blognoel.com\/wp-content\/uploads\/2025\/10\/un-noel-a-strasbourg-la-magie-du-1200x675.jpg",1200,675,true],"author_info":{"display_name":"Jean","author_link":"https:\/\/www.blognoel.com\/de\/author\/bcbg12\/"},"comment_info":1,"category_info":[{"term_id":20,"name":"Vid\u00e9os","slug":"videos","term_group":0,"term_taxonomy_id":20,"taxonomy":"category","description":"Les meilleures vid\u00e9os de no\u00ebl: musiques, histoire, traditions, recettes, films...","parent":0,"count":200,"filter":"raw","cat_ID":20,"category_count":200,"category_description":"Les meilleures vid\u00e9os de no\u00ebl: musiques, histoire, traditions, recettes, films...","cat_name":"Vid\u00e9os","category_nicename":"videos","category_parent":0},{"term_id":275,"name":"March\u00e9","slug":"marche","term_group":0,"term_taxonomy_id":275,"taxonomy":"category","description":"","parent":14,"count":12,"filter":"raw","cat_ID":275,"category_count":12,"category_description":"","cat_name":"March\u00e9","category_nicename":"marche","category_parent":14}],"tag_info":false,"jetpack_sharing_enabled":true,"jetpack_featured_media_url":"https:\/\/www.blognoel.com\/wp-content\/uploads\/2025\/10\/un-noel-a-strasbourg-la-magie-du.jpg","_links":{"self":[{"href":"https:\/\/www.blognoel.com\/de\/wp-json\/wp\/v2\/posts\/4785","targetHints":{"allow":["GET"]}}],"collection":[{"href":"https:\/\/www.blognoel.com\/de\/wp-json\/wp\/v2\/posts"}],"about":[{"href":"https:\/\/www.blognoel.com\/de\/wp-json\/wp\/v2\/types\/post"}],"author":[{"embeddable":true,"href":"https:\/\/www.blognoel.com\/de\/wp-json\/wp\/v2\/users\/18"}],"replies":[{"embeddable":true,"href":"https:\/\/www.blognoel.com\/de\/wp-json\/wp\/v2\/comments?post=4785"}],"version-history":[{"count":2,"href":"https:\/\/www.blognoel.com\/de\/wp-json\/wp\/v2\/posts\/4785\/revisions"}],"predecessor-version":[{"id":4801,"href":"https:\/\/www.blognoel.com\/de\/wp-json\/wp\/v2\/posts\/4785\/revisions\/4801"}],"wp:featuredmedia":[{"embeddable":true,"href":"https:\/\/www.blognoel.com\/de\/wp-json\/wp\/v2\/media\/4799"}],"wp:attachment":[{"href":"https:\/\/www.blognoel.com\/de\/wp-json\/wp\/v2\/media?parent=4785"}],"wp:term":[{"taxonomy":"category","embeddable":true,"href":"https:\/\/www.blognoel.com\/de\/wp-json\/wp\/v2\/categories?post=4785"},{"taxonomy":"post_tag","embeddable":true,"href":"https:\/\/www.blognoel.com\/de\/wp-json\/wp\/v2\/tags?post=4785"}],"curies":[{"name":"wp","href":"https:\/\/api.w.org\/{rel}","templated":true}]}}