{"id":411,"date":"2014-10-01T11:11:28","date_gmt":"2014-10-01T11:11:28","guid":{"rendered":"http:\/\/www.blognoel.com\/?p=411"},"modified":"2014-10-01T11:11:28","modified_gmt":"2014-10-01T11:11:28","slug":"weihnachtsmarkte-in-europa-7-metz","status":"publish","type":"post","link":"https:\/\/www.blognoel.com\/de\/411\/weihnachtsmarkte-in-europa-7-metz\/","title":{"rendered":"Weihnachtsm\u00e4rkte in Europa 7. Metz"},"content":{"rendered":"<p><a href=\"http:\/\/www.blognoel.com\/de\/411\/weihnachtsmarkte-in-europa-7-metz\/metz\/\" rel=\"attachment wp-att-412\"><img decoding=\"async\" data-src=\"http:\/\/www.blognoel.com\/wp-content\/smush-webp\/2010\/11\/Metz-198x300.jpg.webp\" alt=\"\" title=\"Metz\" width=\"198\" height=\"300\" class=\"alignnone size-medium wp-image-412 lazyload\" data-srcset=\"https:\/\/www.blognoel.com\/wp-content\/smush-webp\/2010\/11\/Metz-198x300.jpg.webp 198w, https:\/\/www.blognoel.com\/wp-content\/smush-webp\/2010\/11\/Metz.jpg.webp 210w\" data-sizes=\"(max-width: 198px) 100vw, 198px\" src=\"data:image\/svg+xml;base64,PHN2ZyB3aWR0aD0iMSIgaGVpZ2h0PSIxIiB4bWxucz0iaHR0cDovL3d3dy53My5vcmcvMjAwMC9zdmciPjwvc3ZnPg==\" style=\"--smush-placeholder-width: 198px; --smush-placeholder-aspect-ratio: 198\/300;\" data-smush-webp-fallback=\"{&quot;data-src&quot;:&quot;http:\\\/\\\/www.blognoel.com\\\/wp-content\\\/uploads\\\/2010\\\/11\\\/Metz-198x300.jpg&quot;,&quot;data-srcset&quot;:&quot;https:\\\/\\\/www.blognoel.com\\\/wp-content\\\/uploads\\\/2010\\\/11\\\/Metz-198x300.jpg 198w, https:\\\/\\\/www.blognoel.com\\\/wp-content\\\/uploads\\\/2010\\\/11\\\/Metz.jpg 210w&quot;}\" \/><\/a>La ville de Metz est r\u00e9put\u00e9e notamment pour la richesse de <a href=\"https:\/\/www.blognoel.com\/de\/weihnachtslieder\/\">son<\/a> architecture et pour son magnifique march\u00e9 de <a href=\"https:\/\/www.blognoel.com\/de\/\">Weihnachten<\/a>. Cette ann\u00e9e, le March\u00e9 se fait pluriel\u00a0car les activit\u00e9s se d\u00e9rouleront dans plus d\u2019un endroit de la ville\u00a0: \u00e0 la Place Saint-Louis et \u00e0 la Place de la R\u00e9publique, \u00e0 la Place de la Gare, \u00e0 la Place Saint-Jacques et sur la rue des Clercs. <\/p>\n<p>Die Er\u00f6ffnung des Place de la R\u00e9publique, des symboltr\u00e4chtigen Platzes von Metz, der vor Kurzem zur Fu\u00dfg\u00e4ngerzone erkl\u00e4rt wurde, ist f\u00fcr den 20. November geplant, das Datum, das den Beginn der Weihnachtsfeierlichkeiten in Metz einl\u00e4utet.<\/p>\n<p>Seit 15 Jahren geh\u00f6rt die Hauptstadt Lothringens zur Tradition der gro\u00dfen und beliebten Weihnachtsm\u00e4rkte Ostfrankreichs. \u00dcber 90 H\u00fctten bieten lokale Produkte und eine gro\u00dfe Auswahl an Kunsthandwerk f\u00fcr jeden Geschmack an, ganz zu schweigen vom Gl\u00fchwein, einer der winterlichen Markttraditionen.<\/p>\n<p><strong>Touristenattraktionen<\/strong>\u00a0: das gr\u00f6\u00dfte Riesenrad Europas, die riesige Eislaufbahn, der Zauberbaum und ein pr\u00e4chtiges Karussell aus Holzpferden.<\/p>\n<p><strong>Zugang :<\/strong><br \/>\n<strong>Mit dem Flugzeug<\/strong> : Flugh\u00e4fen: Metz-Nancy Lothringen, Luxemburg, Saarbr\u00fccken, Stra\u00dfburg \u2013 Entzheim, Frankfurt Hahn, Zweibr\u00fccken.<br \/>\n<strong>Mit dem Auto<\/strong> : Autobahnen A4 (Paris\/Stra\u00dfburg\/Frankfurt) und A31 (Luxemburg\/Lyon),<br \/>\n<strong>Mit dem Zug<\/strong> : Direkter TGV Paris-Metz in 82 Min., vom TGV-Bahnhof Lorraine zum Flughafen <strong>aus Roissy, Stra\u00dfburg, Lille, Nantes, Rennes, Bordeaux, Frankfurt\/Main.<br \/>\n\u00dcber Wasserwege<\/strong> : Ostkanal, Rhein-Marne-Kanal, Mosel-Maas. Jachthafen im Herzen der Stadt mit der Blauen Flagge.<\/p>\n<p>Vom 20. November bis 29. Dezember 2010.<\/p>\n<p><strong>F\u00fcr weitere Informationen:<\/strong><\/p>\n<p>Website : <a href=\"http:\/\/www.tourisme-metz.com\/\" target=\"_blank\" rel=\"noopener\">www.tourisme-metz.com<\/a><\/p>","protected":false},"excerpt":{"rendered":"<p>Metz ist bekannt f\u00fcr seine pr\u00e4chtige Architektur und seinen pr\u00e4chtigen Weihnachtsmarkt. Dieses Jahr ist der Markt vielf\u00e4ltig und bietet Aktivit\u00e4ten an mehreren Orten in der Stadt: Place Saint-Louis, Place de la R\u00e9publique, Place de la Gare und mehr.<\/p>","protected":false},"author":3,"featured_media":0,"comment_status":"open","ping_status":"open","sticky":false,"template":"","format":"standard","meta":{"_kad_blocks_custom_css":"","_kad_blocks_head_custom_js":"","_kad_blocks_body_custom_js":"","_kad_blocks_footer_custom_js":"","_kadence_starter_templates_imported_post":false,"_kad_post_transparent":"","_kad_post_title":"","_kad_post_layout":"","_kad_post_sidebar_id":"","_kad_post_content_style":"","_kad_post_vertical_padding":"","_kad_post_feature":"","_kad_post_feature_position":"","_kad_post_header":false,"_kad_post_footer":false,"_kad_post_classname":"","_jetpack_newsletter_access":"","_jetpack_dont_email_post_to_subs":false,"_jetpack_newsletter_tier_id":0,"_jetpack_memberships_contains_paywalled_content":false,"_jetpack_feature_clip_id":0,"_jetpack_memberships_contains_paid_content":false,"footnotes":"","jetpack_publicize_message":"","jetpack_publicize_feature_enabled":true,"jetpack_social_post_already_shared":false,"jetpack_social_options":{"image_generator_settings":{"template":"highway","default_image_id":0,"font":"","enabled":false},"version":2},"jetpack_post_was_ever_published":false},"categories":[14,13],"tags":[44,111,127,83],"class_list":["post-411","post","type-post","status-publish","format-standard","hentry","category-fete-de-noel","category-traditions","tag-cadeaux-de-noel","tag-marches-de-noel","tag-marches-de-noel-en-lorraine","tag-noel-dans-le-monde"],"views":338,"jetpack_publicize_connections":[],"taxonomy_info":{"category":[{"value":14,"label":"F\u00eate de No\u00ebl"},{"value":13,"label":"Traditions"}],"post_tag":[{"value":44,"label":"cadeaux de no\u00ebl"},{"value":111,"label":"march\u00e9s de No\u00ebl"},{"value":127,"label":"march\u00e9s de No\u00ebl en Lorraine"},{"value":83,"label":"No\u00ebl dans le monde"}]},"featured_image_src_large":false,"author_info":{"display_name":"plumelle","author_link":"https:\/\/www.blognoel.com\/de\/author\/plumelle\/"},"comment_info":1,"category_info":[{"term_id":14,"name":"F\u00eate de No\u00ebl","slug":"fete-de-noel","term_group":0,"term_taxonomy_id":14,"taxonomy":"category","description":"","parent":0,"count":194,"filter":"raw","cat_ID":14,"category_count":194,"category_description":"","cat_name":"F\u00eate de No\u00ebl","category_nicename":"fete-de-noel","category_parent":0},{"term_id":13,"name":"Traditions","slug":"traditions","term_group":0,"term_taxonomy_id":13,"taxonomy":"category","description":"","parent":14,"count":87,"filter":"raw","cat_ID":13,"category_count":87,"category_description":"","cat_name":"Traditions","category_nicename":"traditions","category_parent":14}],"tag_info":[{"term_id":44,"name":"cadeaux de no\u00ebl","slug":"cadeaux-de-noel","term_group":0,"term_taxonomy_id":44,"taxonomy":"post_tag","description":"","parent":0,"count":61,"filter":"raw"},{"term_id":111,"name":"march\u00e9s de No\u00ebl","slug":"marches-de-noel","term_group":0,"term_taxonomy_id":111,"taxonomy":"post_tag","description":"","parent":0,"count":13,"filter":"raw"},{"term_id":127,"name":"march\u00e9s de No\u00ebl en Lorraine","slug":"marches-de-noel-en-lorraine","term_group":0,"term_taxonomy_id":127,"taxonomy":"post_tag","description":"","parent":0,"count":1,"filter":"raw"},{"term_id":83,"name":"No\u00ebl dans le monde","slug":"noel-dans-le-monde","term_group":0,"term_taxonomy_id":83,"taxonomy":"post_tag","description":"","parent":0,"count":42,"filter":"raw"}],"jetpack_sharing_enabled":true,"jetpack_featured_media_url":"","_links":{"self":[{"href":"https:\/\/www.blognoel.com\/de\/wp-json\/wp\/v2\/posts\/411","targetHints":{"allow":["GET"]}}],"collection":[{"href":"https:\/\/www.blognoel.com\/de\/wp-json\/wp\/v2\/posts"}],"about":[{"href":"https:\/\/www.blognoel.com\/de\/wp-json\/wp\/v2\/types\/post"}],"author":[{"embeddable":true,"href":"https:\/\/www.blognoel.com\/de\/wp-json\/wp\/v2\/users\/3"}],"replies":[{"embeddable":true,"href":"https:\/\/www.blognoel.com\/de\/wp-json\/wp\/v2\/comments?post=411"}],"version-history":[{"count":4,"href":"https:\/\/www.blognoel.com\/de\/wp-json\/wp\/v2\/posts\/411\/revisions"}],"predecessor-version":[{"id":416,"href":"https:\/\/www.blognoel.com\/de\/wp-json\/wp\/v2\/posts\/411\/revisions\/416"}],"wp:attachment":[{"href":"https:\/\/www.blognoel.com\/de\/wp-json\/wp\/v2\/media?parent=411"}],"wp:term":[{"taxonomy":"category","embeddable":true,"href":"https:\/\/www.blognoel.com\/de\/wp-json\/wp\/v2\/categories?post=411"},{"taxonomy":"post_tag","embeddable":true,"href":"https:\/\/www.blognoel.com\/de\/wp-json\/wp\/v2\/tags?post=411"}],"curies":[{"name":"wp","href":"https:\/\/api.w.org\/{rel}","templated":true}]}}