{"id":399,"date":"2014-11-09T23:11:54","date_gmt":"2014-11-09T23:11:54","guid":{"rendered":"http:\/\/www.blognoel.com\/?p=399"},"modified":"2014-11-09T23:11:54","modified_gmt":"2014-11-09T23:11:54","slug":"weihnachtsmarkte-in-europa-6-brussel","status":"publish","type":"post","link":"https:\/\/www.blognoel.com\/de\/399\/weihnachtsmarkte-in-europa-6-brussel\/","title":{"rendered":"Weihnachtsm\u00e4rkte in Europa 6. Br\u00fcssel"},"content":{"rendered":"<p><a rel=\"attachment wp-att-401\" href=\"http:\/\/www.blognoel.com\/de\/399\/weihnachtsmarkte-in-europa-6-brussel\/bruxelles-marche\/\"><img decoding=\"async\" class=\"alignnone size-medium wp-image-401 lazyload\" title=\"Br\u00fcsseler Markt\" data-src=\"http:\/\/www.blognoel.com\/wp-content\/smush-webp\/2010\/11\/bruxelles-march\u00e9-300x235.jpg.webp\" alt=\"\" width=\"300\" height=\"235\" data-srcset=\"https:\/\/www.blognoel.com\/wp-content\/smush-webp\/2010\/11\/bruxelles-march\u00e9-300x235.jpg.webp 300w, https:\/\/www.blognoel.com\/wp-content\/smush-webp\/2010\/11\/bruxelles-march\u00e9.jpg.webp 400w\" data-sizes=\"(max-width: 300px) 100vw, 300px\" src=\"data:image\/svg+xml;base64,PHN2ZyB3aWR0aD0iMSIgaGVpZ2h0PSIxIiB4bWxucz0iaHR0cDovL3d3dy53My5vcmcvMjAwMC9zdmciPjwvc3ZnPg==\" style=\"--smush-placeholder-width: 300px; --smush-placeholder-aspect-ratio: 300\/235;\" data-smush-webp-fallback=\"{&quot;data-src&quot;:&quot;http:\\\/\\\/www.blognoel.com\\\/wp-content\\\/uploads\\\/2010\\\/11\\\/bruxelles-march\\u00e9-300x235.jpg&quot;,&quot;data-srcset&quot;:&quot;https:\\\/\\\/www.blognoel.com\\\/wp-content\\\/uploads\\\/2010\\\/11\\\/bruxelles-march\\u00e9-300x235.jpg 300w, https:\\\/\\\/www.blognoel.com\\\/wp-content\\\/uploads\\\/2010\\\/11\\\/bruxelles-march\\u00e9.jpg 400w&quot;}\" \/><\/a><\/p>\n<p>\u00c0 la diff\u00e9rence de l\u2019Allemagne et de l\u2019Alsace, le march\u00e9 de <a href=\"https:\/\/www.blognoel.com\/de\/\">Weihnachten<\/a> de Bruxelles est une tradition relativement r\u00e9cente. En 2003 il a n\u00e9anmoins \u00e9t\u00e9 \u00e9lu par les tours operators britanniques \u00ab march\u00e9 de No\u00ebl le plus original d\u2019Europe \u00bb.<\/p>\n<p>Der Br\u00fcsseler Weihnachtsmarkt (\u201eWinterfreuden\u201c) besteht aus rund 240 Chalets, die sich vom Place Saint Jean bis zum Fischmarkt erstrecken und durch den beleuchteten Grand Place, das B\u00f6rsenviertel und den Place Sainte-Catherine f\u00fchren. Was Gourmet-Delikatessen angeht, sind die wenigen belgischen Spezialit\u00e4ten ein Muss: beispielsweise \u201eCaricoles\u201c, Wellhornschnecken oder Immergr\u00fcne in einer w\u00fcrzigen Court-Bouillon gekocht, oder \u201eCroustillons\u201c, kleine H\u00e4ppchen aus knusprigem, frittiertem Teig, fein best\u00e4ubt mit Puderzucker. Die St\u00e4nde bieten typische handwerkliche Produkte aus mehreren europ\u00e4ischen L\u00e4ndern an, von Santons aus der Provence bis zu Adventskr\u00e4nzen aus \u00d6sterreich, der Schweiz und Irland. Ganz zu schweigen von Delikatessen aus anderen L\u00e4ndern: skandinavischer Gl\u00f6gg (Gl\u00fchwein), italienischer Panettone und englischer Christmas Pudding. Unterhaltung, Shows und Ch\u00f6re beleben den Place Sainte-Catherine und auf dem Place du March\u00e9 aux Poissons werden Konzerte geboten.<\/p>\n<p>Zur sechsten Ausgabe der \u201eWinterwunder\u201c bietet die Stadt einen beleuchteten Spaziergang durch die Altstadt und den Markt an. Wenn Sie das Gl\u00fcck haben, w\u00e4hrend der Festlichkeiten in Br\u00fcssel zu sein, ist allein die ber\u00fchmte beleuchtete Eisbahn am Quai aux Brigues einen Besuch wert; ganz zu schweigen vom riesigen Weihnachtsbaum und dem Riesenrad.<br \/>\n\u201eWinterfreuden\u201c vom 26. November 2010 bis 2. Januar 2011.<\/p>","protected":false},"excerpt":{"rendered":"<p>Anders als in Deutschland und im Elsass ist der Br\u00fcsseler Weihnachtsmarkt eine relativ junge Tradition. 2003 wurde er jedoch von britischen Reiseveranstaltern zum \u201eoriginellsten Weihnachtsmarkt Europas\u201c gew\u00e4hlt. Der Br\u00fcsseler Weihnachtsmarkt (bekannt als \u201eWinter Wonders\u201c) besteht aus rund 240 Chalets...<\/p>","protected":false},"author":3,"featured_media":0,"comment_status":"open","ping_status":"open","sticky":false,"template":"","format":"standard","meta":{"_kad_blocks_custom_css":"","_kad_blocks_head_custom_js":"","_kad_blocks_body_custom_js":"","_kad_blocks_footer_custom_js":"","_kadence_starter_templates_imported_post":false,"_kad_post_transparent":"","_kad_post_title":"","_kad_post_layout":"","_kad_post_sidebar_id":"","_kad_post_content_style":"","_kad_post_vertical_padding":"","_kad_post_feature":"","_kad_post_feature_position":"","_kad_post_header":false,"_kad_post_footer":false,"_kad_post_classname":"","_jetpack_newsletter_access":"","_jetpack_dont_email_post_to_subs":false,"_jetpack_newsletter_tier_id":0,"_jetpack_memberships_contains_paywalled_content":false,"_jetpack_feature_clip_id":0,"_jetpack_memberships_contains_paid_content":false,"footnotes":"","jetpack_publicize_message":"","jetpack_publicize_feature_enabled":true,"jetpack_social_post_already_shared":false,"jetpack_social_options":{"image_generator_settings":{"template":"highway","default_image_id":0,"font":"","enabled":false},"version":2},"jetpack_post_was_ever_published":false},"categories":[14,13],"tags":[111,83,124],"class_list":["post-399","post","type-post","status-publish","format-standard","hentry","category-fete-de-noel","category-traditions","tag-marches-de-noel","tag-noel-dans-le-monde","tag-plaisirs-dhiver-a-bruxelles"],"views":524,"jetpack_publicize_connections":[],"taxonomy_info":{"category":[{"value":14,"label":"F\u00eate de No\u00ebl"},{"value":13,"label":"Traditions"}],"post_tag":[{"value":111,"label":"march\u00e9s de No\u00ebl"},{"value":83,"label":"No\u00ebl dans le monde"},{"value":124,"label":"Plaisirs d'Hiver \u00e0 Bruxelles"}]},"featured_image_src_large":false,"author_info":{"display_name":"plumelle","author_link":"https:\/\/www.blognoel.com\/de\/author\/plumelle\/"},"comment_info":0,"category_info":[{"term_id":14,"name":"F\u00eate de No\u00ebl","slug":"fete-de-noel","term_group":0,"term_taxonomy_id":14,"taxonomy":"category","description":"","parent":0,"count":194,"filter":"raw","cat_ID":14,"category_count":194,"category_description":"","cat_name":"F\u00eate de No\u00ebl","category_nicename":"fete-de-noel","category_parent":0},{"term_id":13,"name":"Traditions","slug":"traditions","term_group":0,"term_taxonomy_id":13,"taxonomy":"category","description":"","parent":14,"count":87,"filter":"raw","cat_ID":13,"category_count":87,"category_description":"","cat_name":"Traditions","category_nicename":"traditions","category_parent":14}],"tag_info":[{"term_id":111,"name":"march\u00e9s de No\u00ebl","slug":"marches-de-noel","term_group":0,"term_taxonomy_id":111,"taxonomy":"post_tag","description":"","parent":0,"count":13,"filter":"raw"},{"term_id":83,"name":"No\u00ebl dans le monde","slug":"noel-dans-le-monde","term_group":0,"term_taxonomy_id":83,"taxonomy":"post_tag","description":"","parent":0,"count":42,"filter":"raw"},{"term_id":124,"name":"Plaisirs d'Hiver \u00e0 Bruxelles","slug":"plaisirs-dhiver-a-bruxelles","term_group":0,"term_taxonomy_id":124,"taxonomy":"post_tag","description":"","parent":0,"count":1,"filter":"raw"}],"jetpack_sharing_enabled":true,"jetpack_featured_media_url":"","_links":{"self":[{"href":"https:\/\/www.blognoel.com\/de\/wp-json\/wp\/v2\/posts\/399","targetHints":{"allow":["GET"]}}],"collection":[{"href":"https:\/\/www.blognoel.com\/de\/wp-json\/wp\/v2\/posts"}],"about":[{"href":"https:\/\/www.blognoel.com\/de\/wp-json\/wp\/v2\/types\/post"}],"author":[{"embeddable":true,"href":"https:\/\/www.blognoel.com\/de\/wp-json\/wp\/v2\/users\/3"}],"replies":[{"embeddable":true,"href":"https:\/\/www.blognoel.com\/de\/wp-json\/wp\/v2\/comments?post=399"}],"version-history":[{"count":5,"href":"https:\/\/www.blognoel.com\/de\/wp-json\/wp\/v2\/posts\/399\/revisions"}],"predecessor-version":[{"id":406,"href":"https:\/\/www.blognoel.com\/de\/wp-json\/wp\/v2\/posts\/399\/revisions\/406"}],"wp:attachment":[{"href":"https:\/\/www.blognoel.com\/de\/wp-json\/wp\/v2\/media?parent=399"}],"wp:term":[{"taxonomy":"category","embeddable":true,"href":"https:\/\/www.blognoel.com\/de\/wp-json\/wp\/v2\/categories?post=399"},{"taxonomy":"post_tag","embeddable":true,"href":"https:\/\/www.blognoel.com\/de\/wp-json\/wp\/v2\/tags?post=399"}],"curies":[{"name":"wp","href":"https:\/\/api.w.org\/{rel}","templated":true}]}}