{"id":342,"date":"2014-11-19T23:08:41","date_gmt":"2014-11-19T23:08:41","guid":{"rendered":"http:\/\/www.blognoel.com\/?p=342"},"modified":"2014-11-19T23:08:41","modified_gmt":"2014-11-19T23:08:41","slug":"weihnachtsmarkte-in-europa-2-wien","status":"publish","type":"post","link":"https:\/\/www.blognoel.com\/de\/342\/weihnachtsmarkte-in-europa-2-wien\/","title":{"rendered":"Weihnachtsm\u00e4rkte in Europa \u2013 2. Wien"},"content":{"rendered":"<p><a rel=\"attachment wp-att-343\" href=\"http:\/\/www.blognoel.com\/de\/342\/weihnachtsmarkte-in-europa-2-wien\/noel_vienne\/\"><img decoding=\"async\" class=\"alignnone size-thumbnail wp-image-343 lazyload\" title=\"noel_vienne\" data-src=\"http:\/\/www.blognoel.com\/wp-content\/smush-webp\/2010\/11\/noel_vienne-150x150.jpg.webp\" alt=\"\" width=\"150\" height=\"150\" src=\"data:image\/svg+xml;base64,PHN2ZyB3aWR0aD0iMSIgaGVpZ2h0PSIxIiB4bWxucz0iaHR0cDovL3d3dy53My5vcmcvMjAwMC9zdmciPjwvc3ZnPg==\" style=\"--smush-placeholder-width: 150px; --smush-placeholder-aspect-ratio: 150\/150;\" data-smush-webp-fallback=\"{&quot;data-src&quot;:&quot;http:\\\/\\\/www.blognoel.com\\\/wp-content\\\/uploads\\\/2010\\\/11\\\/noel_vienne-150x150.jpg&quot;}\" \/><\/a><\/p>\n<p>Dans la capitale autrichienne, la tradition des march\u00e9s de <a href=\"https:\/\/www.blognoel.com\/de\/\">Weihnachten<\/a> existe depuis des si\u00e8cles; apr\u00e8s avoir \u00e9t\u00e9 appel\u00e9s \u00ab march\u00e9s de d\u00e9cembre \u00bb puis \u00ab march\u00e9s de Thomas \u00bb, ils gardent leur nom de \u00ab March\u00e9s de No\u00ebl \u00bb depuis le 18e si\u00e8cle. Les Autrichiens aiment tellement la f\u00eate de No\u00ebl qu\u2019on la c\u00e9l\u00e8bre, entre autres, dans les neufs march\u00e9s qui se tiennent dans diff\u00e9rents coins de la ville.<\/p>\n<p><strong>Der gr\u00f6\u00dfte<\/strong><\/p>\n<p>Der zentrale Weihnachtsmarkt findet auf dem Rathausplatz statt. Er besteht aus \u00fcber 130 St\u00e4nden mit einer gro\u00dfen Auswahl an Waren, darunter Weihnachtsschmuck, Spielzeug, Kunsthandwerk und Kleidung, sowie traditionellen saisonalen K\u00f6stlichkeiten wie Gl\u00fchwein und Lebkuchen, S\u00fc\u00dfigkeiten und ger\u00f6steten Kastanien und regionalen Produkten. W\u00e4hrend der gesamten Weihnachtszeit finden zahlreiche Attraktionen f\u00fcr die ganze Familie und Unterhaltung f\u00fcr Kinder statt.<\/p>\n<p><strong>Einige andere M\u00e4rkte<\/strong><\/p>\n<p>In der Innenstadt gibt es den Kunstmarkt Am Hof, den Altmodischen Weihnachtsmarkt auf der Freyung sowie die Weihnachtsd\u00f6rfer am Schloss Belvedere und am Maria-Theresien-Platz.<\/p>\n<p>Der originellste Markt ist zweifellos der vom Verein Divina Art organisierte Kunstmarkt vor der Karlskirche. Jedes Jahr nehmen rund sechzig Kunsthandwerker an der Veranstaltung teil und pr\u00e4sentieren Kunsthandwerk aus ganz Mitteleuropa. Im Dezember finden neben Verkaufsst\u00e4nden und Workshops auch Konzerte und Dichterlesungen statt.<\/p>\n<p>Vom 29. November bis 24. Dezember 2010.<\/p>\n<p>Weitere Informationen:<br \/>\nDie sehr umfangreiche Website zum Hauptweihnachtsmarkt: www.christkindlmarkt.at.<\/p>","protected":false},"excerpt":{"rendered":"<p>In der \u00f6sterreichischen Hauptstadt besteht die Tradition der Weihnachtsm\u00e4rkte seit Jahrhunderten. Nachdem sie zun\u00e4chst \u201eDezemberm\u00e4rkte\u201c und dann \u201eThomasm\u00e4rkte\u201c genannt wurden, tragen sie seit dem 18. Jahrhundert den Namen \u201eWeihnachtsm\u00e4rkte\u201c. Die \u00d6sterreicher lieben Weihnachten so sehr, dass sie es unter anderem feiern...<\/p>","protected":false},"author":3,"featured_media":0,"comment_status":"open","ping_status":"open","sticky":false,"template":"","format":"standard","meta":{"_kad_blocks_custom_css":"","_kad_blocks_head_custom_js":"","_kad_blocks_body_custom_js":"","_kad_blocks_footer_custom_js":"","_kadence_starter_templates_imported_post":false,"_kad_post_transparent":"","_kad_post_title":"","_kad_post_layout":"","_kad_post_sidebar_id":"","_kad_post_content_style":"","_kad_post_vertical_padding":"","_kad_post_feature":"","_kad_post_feature_position":"","_kad_post_header":false,"_kad_post_footer":false,"_kad_post_classname":"","_jetpack_newsletter_access":"","_jetpack_dont_email_post_to_subs":false,"_jetpack_newsletter_tier_id":0,"_jetpack_memberships_contains_paywalled_content":false,"_jetpack_feature_clip_id":0,"_jetpack_memberships_contains_paid_content":false,"footnotes":"","jetpack_publicize_message":"","jetpack_publicize_feature_enabled":true,"jetpack_social_post_already_shared":false,"jetpack_social_options":{"image_generator_settings":{"template":"highway","default_image_id":0,"font":"","enabled":false},"version":2},"jetpack_post_was_ever_published":false},"categories":[14,13],"tags":[115,111,114,83],"class_list":["post-342","post","type-post","status-publish","format-standard","hentry","category-fete-de-noel","category-traditions","tag-christkindlmarkt","tag-marches-de-noel","tag-noel-a-vienne","tag-noel-dans-le-monde"],"views":164,"jetpack_publicize_connections":[],"taxonomy_info":{"category":[{"value":14,"label":"F\u00eate de No\u00ebl"},{"value":13,"label":"Traditions"}],"post_tag":[{"value":115,"label":"christkindlmarkt"},{"value":111,"label":"march\u00e9s de No\u00ebl"},{"value":114,"label":"No\u00ebl \u00e0 Vienne"},{"value":83,"label":"No\u00ebl dans le monde"}]},"featured_image_src_large":false,"author_info":{"display_name":"plumelle","author_link":"https:\/\/www.blognoel.com\/de\/author\/plumelle\/"},"comment_info":0,"category_info":[{"term_id":14,"name":"F\u00eate de No\u00ebl","slug":"fete-de-noel","term_group":0,"term_taxonomy_id":14,"taxonomy":"category","description":"","parent":0,"count":194,"filter":"raw","cat_ID":14,"category_count":194,"category_description":"","cat_name":"F\u00eate de No\u00ebl","category_nicename":"fete-de-noel","category_parent":0},{"term_id":13,"name":"Traditions","slug":"traditions","term_group":0,"term_taxonomy_id":13,"taxonomy":"category","description":"","parent":14,"count":87,"filter":"raw","cat_ID":13,"category_count":87,"category_description":"","cat_name":"Traditions","category_nicename":"traditions","category_parent":14}],"tag_info":[{"term_id":115,"name":"christkindlmarkt","slug":"christkindlmarkt","term_group":0,"term_taxonomy_id":115,"taxonomy":"post_tag","description":"","parent":0,"count":2,"filter":"raw"},{"term_id":111,"name":"march\u00e9s de No\u00ebl","slug":"marches-de-noel","term_group":0,"term_taxonomy_id":111,"taxonomy":"post_tag","description":"","parent":0,"count":13,"filter":"raw"},{"term_id":114,"name":"No\u00ebl \u00e0 Vienne","slug":"noel-a-vienne","term_group":0,"term_taxonomy_id":114,"taxonomy":"post_tag","description":"","parent":0,"count":2,"filter":"raw"},{"term_id":83,"name":"No\u00ebl dans le monde","slug":"noel-dans-le-monde","term_group":0,"term_taxonomy_id":83,"taxonomy":"post_tag","description":"","parent":0,"count":42,"filter":"raw"}],"jetpack_sharing_enabled":true,"jetpack_featured_media_url":"","_links":{"self":[{"href":"https:\/\/www.blognoel.com\/de\/wp-json\/wp\/v2\/posts\/342","targetHints":{"allow":["GET"]}}],"collection":[{"href":"https:\/\/www.blognoel.com\/de\/wp-json\/wp\/v2\/posts"}],"about":[{"href":"https:\/\/www.blognoel.com\/de\/wp-json\/wp\/v2\/types\/post"}],"author":[{"embeddable":true,"href":"https:\/\/www.blognoel.com\/de\/wp-json\/wp\/v2\/users\/3"}],"replies":[{"embeddable":true,"href":"https:\/\/www.blognoel.com\/de\/wp-json\/wp\/v2\/comments?post=342"}],"version-history":[{"count":4,"href":"https:\/\/www.blognoel.com\/de\/wp-json\/wp\/v2\/posts\/342\/revisions"}],"predecessor-version":[{"id":347,"href":"https:\/\/www.blognoel.com\/de\/wp-json\/wp\/v2\/posts\/342\/revisions\/347"}],"wp:attachment":[{"href":"https:\/\/www.blognoel.com\/de\/wp-json\/wp\/v2\/media?parent=342"}],"wp:term":[{"taxonomy":"category","embeddable":true,"href":"https:\/\/www.blognoel.com\/de\/wp-json\/wp\/v2\/categories?post=342"},{"taxonomy":"post_tag","embeddable":true,"href":"https:\/\/www.blognoel.com\/de\/wp-json\/wp\/v2\/tags?post=342"}],"curies":[{"name":"wp","href":"https:\/\/api.w.org\/{rel}","templated":true}]}}