{"id":2343,"date":"2014-10-12T23:11:04","date_gmt":"2014-10-12T23:11:04","guid":{"rendered":"http:\/\/www.blognoel.com\/?p=2343"},"modified":"2014-10-12T23:11:04","modified_gmt":"2014-10-12T23:11:04","slug":"die-bartgeschichte-des-weihnachtsmanns","status":"publish","type":"post","link":"https:\/\/www.blognoel.com\/de\/2343\/die-bartgeschichte-des-weihnachtsmanns\/","title":{"rendered":"Geschichte: Der Bart des Weihnachtsmanns"},"content":{"rendered":"<p><a href=\"http:\/\/www.blognoel.com\/wp-content\/smush-webp\/2011\/12\/barbe-pere-noel-luxe.jpg.webp\" data-smush-webp-fallback=\"{&quot;href&quot;:&quot;http:\\\/\\\/www.blognoel.com\\\/wp-content\\\/uploads\\\/2011\\\/12\\\/barbe-pere-noel-luxe.jpg&quot;}\"><img decoding=\"async\" class=\"alignleft size-medium wp-image-2344 lazyload\" title=\"Luxus-Weihnachtsmannbart\" data-src=\"http:\/\/www.blognoel.com\/wp-content\/smush-webp\/2011\/12\/barbe-pere-noel-luxe-239x300.jpg.webp\" alt=\"\" width=\"239\" height=\"300\" data-srcset=\"https:\/\/www.blognoel.com\/wp-content\/smush-webp\/2011\/12\/barbe-pere-noel-luxe-239x300.jpg.webp 239w, https:\/\/www.blognoel.com\/wp-content\/smush-webp\/2011\/12\/barbe-pere-noel-luxe-399x500.jpg.webp 399w, https:\/\/www.blognoel.com\/wp-content\/smush-webp\/2011\/12\/barbe-pere-noel-luxe.jpg.webp 471w\" data-sizes=\"(max-width: 239px) 100vw, 239px\" src=\"data:image\/svg+xml;base64,PHN2ZyB3aWR0aD0iMSIgaGVpZ2h0PSIxIiB4bWxucz0iaHR0cDovL3d3dy53My5vcmcvMjAwMC9zdmciPjwvc3ZnPg==\" style=\"--smush-placeholder-width: 239px; --smush-placeholder-aspect-ratio: 239\/300;\" data-smush-webp-fallback=\"{&quot;data-src&quot;:&quot;http:\\\/\\\/www.blognoel.com\\\/wp-content\\\/uploads\\\/2011\\\/12\\\/barbe-pere-noel-luxe-239x300.jpg&quot;,&quot;data-srcset&quot;:&quot;https:\\\/\\\/www.blognoel.com\\\/wp-content\\\/uploads\\\/2011\\\/12\\\/barbe-pere-noel-luxe-239x300.jpg 239w, https:\\\/\\\/www.blognoel.com\\\/wp-content\\\/uploads\\\/2011\\\/12\\\/barbe-pere-noel-luxe-399x500.jpg 399w, https:\\\/\\\/www.blognoel.com\\\/wp-content\\\/uploads\\\/2011\\\/12\\\/barbe-pere-noel-luxe.jpg 471w&quot;}\" \/><\/a><\/p>\n<p>-Eh P\u00e8re <a href=\"https:\/\/www.blognoel.com\/de\/\">Weihnachten<\/a> ! s&rsquo;\u00e9cria le chef des lutins en frappant doucement \u00e0 la fen\u00eatre de la chambre du vieux bonhomme. \u00ab\u00a0R\u00e9veillez-vous, nous sommes le 21 d\u00e9cembre, il faut commencer les pr\u00e9paratifs de No\u00ebl si on veut arriver \u00e0 temps pour le 24!<\/p>\n<p>-Schon?, antwortete der Weihnachtsmann v\u00f6llig verschlafen.<\/p>\n<p>-Ja! Steh auf, wenn du f\u00fcr die gro\u00dfe Tour bereit sein willst. Es gibt noch viele Kinderbriefe zu \u00f6ffnen, viele Geschenke zu verpacken, dann den Schlitten beladen, die Stiefel putzen, die Rentiere vorbereiten und...<br \/>\n\u2013 Oh je! Es gibt so viel zu tun, ich komme, ich komme.<br \/>\n\u2013 Komm, Weihnachtsmann, komm, ich habe dir hei\u00dfe Schokolade gemacht.<br \/>\nDer Weihnachtsmann schluckte schnell seine Schokolade herunter und \u00f6ffnete dann den gro\u00dfen Kleiderschrank, in dem er seine Weihnachtskleidung aufbewahrte. Sein roter Mantel war v\u00f6llig zerknittert und seine schwarzen Stiefel waren voller Staub. Er wandte sich an einen der Elfen und bat ihn, seine Kleidung wieder in Form zu bringen.<\/p>\n<p>Tagelang werkelten die Elfen und der Weihnachtsmann in seiner Werkstatt (die so hoch in den Bergen lag, dass es aussah, als w\u00e4re er in den Wolken). Am 24. Dezember waren die Geschenke fertig und der Weihnachtsmann musste nur noch seine Kleidung herausholen. Er zog seinen Mantel und seine Stiefel an, alles war perfekt.<\/p>\n<p>Pl\u00f6tzlich kam einer der Elfen auf ihn zu und fl\u00fcsterte ihm ins Ohr: \u201eWeihnachtsmann, alles ist perfekt, au\u00dfer dass mir dein Bart viel zu lang vorkommt.\u201c<\/p>\n<p>-Meinst du?, antwortete der Weihnachtsmann und betrachtete sein Aussehen im Spiegel.<\/p>\n<p>-Oui, insista le <a href=\"https:\/\/www.blognoel.com\/de\/charaktere\/elfen\/\">Elf<\/a>. Si longue, que je me demande si vous ne risquez pas de vous accrocher dans les chemin\u00e9es!\u00a0Je pense qu\u2019il y a des mois que vous ne l\u2019avez taill\u00e9e, vous savez.<\/p>\n<p>Ein paar Minuten sp\u00e4ter kam der Elf mit einer gro\u00dfen Schere zur\u00fcck und bat den Weihnachtsmann, sich hinzusetzen, damit er vorsichtig seinen Bart stutzen konnte. Sie sa\u00dfen drau\u00dfen, w\u00e4hrend Millionen winziger schneewei\u00dfer H\u00e4rchen vor den Augen der am\u00fcsierten Elfen in die Luft flogen.<\/p>\n<p>In diesem Moment \u00f6ffnete ein kleiner Junge die Vorh\u00e4nge seines Zimmers und sah eine Reihe wei\u00dfer Partikel durch die Luft flattern und dann auf der Landschaft landen. Erstaunt weckte er schnell seinen Bruder und seine kleine Schwester und sagte zu ihnen:<\/p>\n<p>\u201eKommt und seht, es sieht aus, als w\u00fcrde es schneien. Wahrscheinlich stutzen sie da oben gerade den Bart des Weihnachtsmanns. Das hei\u00dft, er kommt heute mit seinen Geschenken. Hurra!\u201c<\/p>","protected":false},"excerpt":{"rendered":"<p>\u201eHey, Weihnachtsmann!\u201c, rief der Anf\u00fchrer der Elfen und klopfte leise an das Schlafzimmerfenster des alten Mannes. \u201eWach auf, es ist der 21. Dezember, wir m\u00fcssen mit den Weihnachtsvorbereitungen beginnen, wenn wir rechtzeitig zum 24. ankommen wollen!\u201c \u201eSchon?\u201c, antwortete der Weihnachtsmann verschlafen. \u201eAber ja! Steh auf, wenn du \u2026\u201c<\/p>","protected":false},"author":3,"featured_media":0,"comment_status":"open","ping_status":"open","sticky":false,"template":"","format":"standard","meta":{"_kad_blocks_custom_css":"","_kad_blocks_head_custom_js":"","_kad_blocks_body_custom_js":"","_kad_blocks_footer_custom_js":"","_kadence_starter_templates_imported_post":false,"_kad_post_transparent":"","_kad_post_title":"","_kad_post_layout":"","_kad_post_sidebar_id":"","_kad_post_content_style":"","_kad_post_vertical_padding":"","_kad_post_feature":"","_kad_post_feature_position":"","_kad_post_header":false,"_kad_post_footer":false,"_kad_post_classname":"","_jetpack_newsletter_access":"","_jetpack_dont_email_post_to_subs":false,"_jetpack_newsletter_tier_id":0,"_jetpack_memberships_contains_paywalled_content":false,"_jetpack_feature_clip_id":0,"_jetpack_memberships_contains_paid_content":false,"footnotes":"","jetpack_publicize_message":"","jetpack_publicize_feature_enabled":true,"jetpack_social_post_already_shared":false,"jetpack_social_options":{"image_generator_settings":{"template":"highway","default_image_id":0,"font":"","enabled":false},"version":2},"jetpack_post_was_ever_published":false},"categories":[8,1,9,11],"tags":[226,181,83,31],"class_list":["post-2343","post","type-post","status-publish","format-standard","hentry","category-a-la-une","category-top","category-histoire","category-legendes","tag-conte","tag-legendes-2","tag-noel-dans-le-monde","tag-tradition"],"views":293,"jetpack_publicize_connections":[],"taxonomy_info":{"category":[{"value":8,"label":"A la Une"},{"value":1,"label":"Best of Christmas"},{"value":9,"label":"Histoire"},{"value":11,"label":"L\u00e9gendes"}],"post_tag":[{"value":226,"label":"conte"},{"value":181,"label":"l\u00e9gendes"},{"value":83,"label":"No\u00ebl dans le monde"},{"value":31,"label":"tradition"}]},"featured_image_src_large":false,"author_info":{"display_name":"plumelle","author_link":"https:\/\/www.blognoel.com\/de\/author\/plumelle\/"},"comment_info":0,"category_info":[{"term_id":8,"name":"A la Une","slug":"a-la-une","term_group":0,"term_taxonomy_id":8,"taxonomy":"category","description":"","parent":1,"count":265,"filter":"raw","cat_ID":8,"category_count":265,"category_description":"","cat_name":"A la Une","category_nicename":"a-la-une","category_parent":1},{"term_id":1,"name":"Best of Christmas","slug":"top","term_group":0,"term_taxonomy_id":1,"taxonomy":"category","description":"","parent":0,"count":242,"filter":"raw","cat_ID":1,"category_count":242,"category_description":"","cat_name":"Best of Christmas","category_nicename":"top","category_parent":0},{"term_id":9,"name":"Histoire","slug":"histoire","term_group":0,"term_taxonomy_id":9,"taxonomy":"category","description":"","parent":0,"count":28,"filter":"raw","cat_ID":9,"category_count":28,"category_description":"","cat_name":"Histoire","category_nicename":"histoire","category_parent":0},{"term_id":11,"name":"L\u00e9gendes","slug":"legendes","term_group":0,"term_taxonomy_id":11,"taxonomy":"category","description":"","parent":9,"count":18,"filter":"raw","cat_ID":11,"category_count":18,"category_description":"","cat_name":"L\u00e9gendes","category_nicename":"legendes","category_parent":9}],"tag_info":[{"term_id":226,"name":"conte","slug":"conte","term_group":0,"term_taxonomy_id":226,"taxonomy":"post_tag","description":"","parent":0,"count":10,"filter":"raw"},{"term_id":181,"name":"l\u00e9gendes","slug":"legendes-2","term_group":0,"term_taxonomy_id":181,"taxonomy":"post_tag","description":"","parent":0,"count":14,"filter":"raw"},{"term_id":83,"name":"No\u00ebl dans le monde","slug":"noel-dans-le-monde","term_group":0,"term_taxonomy_id":83,"taxonomy":"post_tag","description":"","parent":0,"count":42,"filter":"raw"},{"term_id":31,"name":"tradition","slug":"tradition","term_group":0,"term_taxonomy_id":31,"taxonomy":"post_tag","description":"","parent":0,"count":64,"filter":"raw"}],"jetpack_sharing_enabled":true,"jetpack_featured_media_url":"","_links":{"self":[{"href":"https:\/\/www.blognoel.com\/de\/wp-json\/wp\/v2\/posts\/2343","targetHints":{"allow":["GET"]}}],"collection":[{"href":"https:\/\/www.blognoel.com\/de\/wp-json\/wp\/v2\/posts"}],"about":[{"href":"https:\/\/www.blognoel.com\/de\/wp-json\/wp\/v2\/types\/post"}],"author":[{"embeddable":true,"href":"https:\/\/www.blognoel.com\/de\/wp-json\/wp\/v2\/users\/3"}],"replies":[{"embeddable":true,"href":"https:\/\/www.blognoel.com\/de\/wp-json\/wp\/v2\/comments?post=2343"}],"version-history":[{"count":1,"href":"https:\/\/www.blognoel.com\/de\/wp-json\/wp\/v2\/posts\/2343\/revisions"}],"predecessor-version":[{"id":2345,"href":"https:\/\/www.blognoel.com\/de\/wp-json\/wp\/v2\/posts\/2343\/revisions\/2345"}],"wp:attachment":[{"href":"https:\/\/www.blognoel.com\/de\/wp-json\/wp\/v2\/media?parent=2343"}],"wp:term":[{"taxonomy":"category","embeddable":true,"href":"https:\/\/www.blognoel.com\/de\/wp-json\/wp\/v2\/categories?post=2343"},{"taxonomy":"post_tag","embeddable":true,"href":"https:\/\/www.blognoel.com\/de\/wp-json\/wp\/v2\/tags?post=2343"}],"curies":[{"name":"wp","href":"https:\/\/api.w.org\/{rel}","templated":true}]}}