{"id":2037,"date":"2011-12-13T01:59:42","date_gmt":"2011-12-13T01:59:42","guid":{"rendered":"http:\/\/www.blognoel.com\/?p=2037"},"modified":"2011-12-13T01:59:42","modified_gmt":"2011-12-13T01:59:42","slug":"weihnachtsserie-rund-um-die-welt-in-spanien","status":"publish","type":"post","link":"https:\/\/www.blognoel.com\/de\/2037\/weihnachtsserie-rund-um-die-welt-in-spanien\/","title":{"rendered":"Weihnachtsserie rund um die Welt: in Spanien"},"content":{"rendered":"<p><a href=\"http:\/\/www.blognoel.com\/wp-content\/smush-webp\/2011\/12\/creche.jpg.webp\" data-smush-webp-fallback=\"{&quot;href&quot;:&quot;http:\\\/\\\/www.blognoel.com\\\/wp-content\\\/uploads\\\/2011\\\/12\\\/creche.jpg&quot;}\"><img decoding=\"async\" class=\"alignleft size-medium wp-image-2038 lazyload\" title=\"Krippe\" data-src=\"http:\/\/www.blognoel.com\/wp-content\/smush-webp\/2011\/12\/creche-300x196.jpg.webp\" alt=\"\" width=\"300\" height=\"196\" data-srcset=\"https:\/\/www.blognoel.com\/wp-content\/smush-webp\/2011\/12\/creche-300x196.jpg.webp 300w, https:\/\/www.blognoel.com\/wp-content\/smush-webp\/2011\/12\/creche.jpg.webp 448w\" data-sizes=\"(max-width: 300px) 100vw, 300px\" src=\"data:image\/svg+xml;base64,PHN2ZyB3aWR0aD0iMSIgaGVpZ2h0PSIxIiB4bWxucz0iaHR0cDovL3d3dy53My5vcmcvMjAwMC9zdmciPjwvc3ZnPg==\" style=\"--smush-placeholder-width: 300px; --smush-placeholder-aspect-ratio: 300\/196;\" data-smush-webp-fallback=\"{&quot;data-src&quot;:&quot;http:\\\/\\\/www.blognoel.com\\\/wp-content\\\/uploads\\\/2011\\\/12\\\/creche-300x196.jpg&quot;,&quot;data-srcset&quot;:&quot;https:\\\/\\\/www.blognoel.com\\\/wp-content\\\/uploads\\\/2011\\\/12\\\/creche-300x196.jpg 300w, https:\\\/\\\/www.blognoel.com\\\/wp-content\\\/uploads\\\/2011\\\/12\\\/creche.jpg 448w&quot;}\" \/><\/a><\/p>\n<p>L\u2019Espagne compte encore beaucoup de croyants, aussi le jour de <a href=\"https:\/\/www.blognoel.com\/de\/\">Weihnachten<\/a> comporte d\u2019abord une signification religieuse\u00a0: la naissance de <a href=\"https:\/\/www.blognoel.com\/de\/charaktere\/jesus\/\">Jesus<\/a>. C\u2019est \u00e9galement le jour pour se retrouver en famille autour d\u2019un repas festif.<\/p>\n<p><strong>Traditionen<\/strong><\/p>\n<p>Zu den Weihnachtsfeierlichkeiten in Spanien geh\u00f6ren auch der Tag der Unschuldigen Kinder und Neujahr. In der Woche vor dem 25. Dezember wird in jedem Haus eine Krippe mit den Heiligen Drei K\u00f6nigen, Hirten, einem Esel, einem Ochsen und Schafen aufgestellt. Manche f\u00fcgen sogar Darstellungen von r\u00f6mischen Soldaten und Pontius Pilatus, einem Fluss und Bergen hinzu. In dieser Zeit werden auch H\u00e4user und Weihnachtsb\u00e4ume geschm\u00fcckt. Am 24. Dezember, dem Tag der \u201eNoche Buena\u201c, kommen die Menschen zusammen, um gemeinsam mit der Familie zu feiern und zu essen.<\/p>\n<p>Um Mitternacht gehen viele Menschen in ihre \u00f6rtliche Kirche, um an der Weihnachtsmesse (Hahnmesse) teilzunehmen. W\u00e4hrend in vielen Haushalten an diesem Tag der Weihnachtsmann Geschenke verteilt, werden die wichtigsten Geschenke am 6. Januar, dem Dreik\u00f6nigstag, verteilt.<\/p>\n<p><strong>Kinder von T\u00fcr zu T\u00fcr<\/strong><\/p>\n<p>Um die Tradition zu ehren, singen Kinder kurz vor dem Abendessen Weihnachtslieder und gehen von Haus zu Haus, um um eine Spende zu bitten (normalerweise etwas Geld oder S\u00fc\u00dfigkeiten). In Spanien wird Heiligabend l\u00e4nger gefeiert als der 25. Dezember.<\/p>\n<p><strong>Der spanische Tisch<\/strong><\/p>\n<p>An Silvester werden Meeresfr\u00fcchte als Vorspeise serviert, bevor die Hauptgerichte, zu denen gebratener Truthahn und Lamm geh\u00f6ren, auf den Tisch kommen. Eine gro\u00dfe Auswahl an Beilagen aller Art rundet dieses wunderbare Buffet ab.<\/p>\n<p>W\u00e4hrend der Feierlichkeiten vom 22. Dezember bis 6. Januar finden wir<strong> <\/strong>in jedem Zuhause<strong> <\/strong>Spanisch<strong> <\/strong>Tabletts mit typischen S\u00fc\u00dfigkeiten wie \u201eTuron\u201c, \u201eMantecado\u201c, \u201ePolvoron\u201c und Marzipan. Am Abend des 24. Dezember bietet jeder, der \u00fcber das n\u00f6tige Budget verf\u00fcgt, katalanischen Champagner an, begleitet von frischen Trauben, die im kommenden Jahr Gl\u00fcck bringen sollen.<\/p>\n<p>Anschlie\u00dfend feiern wir bis in die fr\u00fchen Morgenstunden und genie\u00dfen zum Abschluss Churros und hei\u00dfe Schokolade.<\/p>","protected":false},"excerpt":{"rendered":"<p>Spanien ist nach wie vor ein gl\u00e4ubiger Ort, daher hat der Weihnachtstag vor allem eine religi\u00f6se Bedeutung: die Geburt Jesu. Es ist auch ein Tag, an dem man sich mit der Familie zu einem festlichen Essen trifft. Zu den traditionellen Weihnachtsfeierlichkeiten in Spanien geh\u00f6ren auch der Tag der Unschuldigen Kinder und Neujahr. In der\u2026<\/p>","protected":false},"author":3,"featured_media":0,"comment_status":"open","ping_status":"open","sticky":false,"template":"","format":"standard","meta":{"_kad_blocks_custom_css":"","_kad_blocks_head_custom_js":"","_kad_blocks_body_custom_js":"","_kad_blocks_footer_custom_js":"","_kadence_starter_templates_imported_post":false,"_kad_post_transparent":"","_kad_post_title":"","_kad_post_layout":"","_kad_post_sidebar_id":"","_kad_post_content_style":"","_kad_post_vertical_padding":"","_kad_post_feature":"","_kad_post_feature_position":"","_kad_post_header":false,"_kad_post_footer":false,"_kad_post_classname":"","_jetpack_newsletter_access":"","_jetpack_dont_email_post_to_subs":false,"_jetpack_newsletter_tier_id":0,"_jetpack_memberships_contains_paywalled_content":false,"_jetpack_feature_clip_id":0,"_jetpack_memberships_contains_paid_content":false,"footnotes":"","jetpack_publicize_message":"","jetpack_publicize_feature_enabled":true,"jetpack_social_post_already_shared":false,"jetpack_social_options":{"image_generator_settings":{"template":"highway","default_image_id":0,"font":"","enabled":false},"version":2},"jetpack_post_was_ever_published":false},"categories":[8,1,14,13],"tags":[82,23,83,159,137,31,106],"class_list":["post-2037","post","type-post","status-publish","format-standard","hentry","category-a-la-une","category-top","category-fete-de-noel","category-traditions","tag-festivites-de-noel","tag-noel","tag-noel-dans-le-monde","tag-nouvel-an","tag-reveillon","tag-tradition","tag-traditions-2"],"views":1400,"jetpack_publicize_connections":[],"taxonomy_info":{"category":[{"value":8,"label":"A la Une"},{"value":1,"label":"Best of Christmas"},{"value":14,"label":"F\u00eate de No\u00ebl"},{"value":13,"label":"Traditions"}],"post_tag":[{"value":82,"label":"festivit\u00e9s de No\u00ebl"},{"value":23,"label":"no\u00ebl"},{"value":83,"label":"No\u00ebl dans le monde"},{"value":159,"label":"nouvel an"},{"value":137,"label":"r\u00e9veillon"},{"value":31,"label":"tradition"},{"value":106,"label":"traditions"}]},"featured_image_src_large":false,"author_info":{"display_name":"plumelle","author_link":"https:\/\/www.blognoel.com\/de\/author\/plumelle\/"},"comment_info":0,"category_info":[{"term_id":8,"name":"A la Une","slug":"a-la-une","term_group":0,"term_taxonomy_id":8,"taxonomy":"category","description":"","parent":1,"count":265,"filter":"raw","cat_ID":8,"category_count":265,"category_description":"","cat_name":"A la Une","category_nicename":"a-la-une","category_parent":1},{"term_id":1,"name":"Best of Christmas","slug":"top","term_group":0,"term_taxonomy_id":1,"taxonomy":"category","description":"","parent":0,"count":242,"filter":"raw","cat_ID":1,"category_count":242,"category_description":"","cat_name":"Best of Christmas","category_nicename":"top","category_parent":0},{"term_id":14,"name":"F\u00eate de No\u00ebl","slug":"fete-de-noel","term_group":0,"term_taxonomy_id":14,"taxonomy":"category","description":"","parent":0,"count":194,"filter":"raw","cat_ID":14,"category_count":194,"category_description":"","cat_name":"F\u00eate de No\u00ebl","category_nicename":"fete-de-noel","category_parent":0},{"term_id":13,"name":"Traditions","slug":"traditions","term_group":0,"term_taxonomy_id":13,"taxonomy":"category","description":"","parent":14,"count":87,"filter":"raw","cat_ID":13,"category_count":87,"category_description":"","cat_name":"Traditions","category_nicename":"traditions","category_parent":14}],"tag_info":[{"term_id":82,"name":"festivit\u00e9s de No\u00ebl","slug":"festivites-de-noel","term_group":0,"term_taxonomy_id":82,"taxonomy":"post_tag","description":"","parent":0,"count":59,"filter":"raw"},{"term_id":23,"name":"no\u00ebl","slug":"noel","term_group":0,"term_taxonomy_id":23,"taxonomy":"post_tag","description":"","parent":0,"count":146,"filter":"raw"},{"term_id":83,"name":"No\u00ebl dans le monde","slug":"noel-dans-le-monde","term_group":0,"term_taxonomy_id":83,"taxonomy":"post_tag","description":"","parent":0,"count":42,"filter":"raw"},{"term_id":159,"name":"nouvel an","slug":"nouvel-an","term_group":0,"term_taxonomy_id":159,"taxonomy":"post_tag","description":"","parent":0,"count":8,"filter":"raw"},{"term_id":137,"name":"r\u00e9veillon","slug":"reveillon","term_group":0,"term_taxonomy_id":137,"taxonomy":"post_tag","description":"","parent":0,"count":45,"filter":"raw"},{"term_id":31,"name":"tradition","slug":"tradition","term_group":0,"term_taxonomy_id":31,"taxonomy":"post_tag","description":"","parent":0,"count":64,"filter":"raw"},{"term_id":106,"name":"traditions","slug":"traditions-2","term_group":0,"term_taxonomy_id":106,"taxonomy":"post_tag","description":"","parent":0,"count":61,"filter":"raw"}],"jetpack_sharing_enabled":true,"jetpack_featured_media_url":"","_links":{"self":[{"href":"https:\/\/www.blognoel.com\/de\/wp-json\/wp\/v2\/posts\/2037","targetHints":{"allow":["GET"]}}],"collection":[{"href":"https:\/\/www.blognoel.com\/de\/wp-json\/wp\/v2\/posts"}],"about":[{"href":"https:\/\/www.blognoel.com\/de\/wp-json\/wp\/v2\/types\/post"}],"author":[{"embeddable":true,"href":"https:\/\/www.blognoel.com\/de\/wp-json\/wp\/v2\/users\/3"}],"replies":[{"embeddable":true,"href":"https:\/\/www.blognoel.com\/de\/wp-json\/wp\/v2\/comments?post=2037"}],"version-history":[{"count":1,"href":"https:\/\/www.blognoel.com\/de\/wp-json\/wp\/v2\/posts\/2037\/revisions"}],"predecessor-version":[{"id":2039,"href":"https:\/\/www.blognoel.com\/de\/wp-json\/wp\/v2\/posts\/2037\/revisions\/2039"}],"wp:attachment":[{"href":"https:\/\/www.blognoel.com\/de\/wp-json\/wp\/v2\/media?parent=2037"}],"wp:term":[{"taxonomy":"category","embeddable":true,"href":"https:\/\/www.blognoel.com\/de\/wp-json\/wp\/v2\/categories?post=2037"},{"taxonomy":"post_tag","embeddable":true,"href":"https:\/\/www.blognoel.com\/de\/wp-json\/wp\/v2\/tags?post=2037"}],"curies":[{"name":"wp","href":"https:\/\/api.w.org\/{rel}","templated":true}]}}