{"id":1526,"date":"2011-11-19T02:25:20","date_gmt":"2011-11-19T02:25:20","guid":{"rendered":"http:\/\/www.blognoel.com\/?p=1526"},"modified":"2011-11-19T02:25:20","modified_gmt":"2011-11-19T02:25:20","slug":"woher-kommt-die-idee-mit-der-weihnachtskrippe-unter-dem-baum","status":"publish","type":"post","link":"https:\/\/www.blognoel.com\/de\/1526\/woher-kommt-die-idee-mit-der-weihnachtskrippe-unter-dem-baum\/","title":{"rendered":"Woher kam die Idee zur Weihnachtskrippe unter dem Baum?"},"content":{"rendered":"<figure id=\"attachment_1527\" aria-describedby=\"caption-attachment-1527\" style=\"width: 300px\" class=\"wp-caption aligncenter\"><a href=\"http:\/\/www.blognoel.com\/wp-content\/smush-webp\/2011\/11\/crecheprov.jpg.webp\" data-smush-webp-fallback=\"{&quot;href&quot;:&quot;http:\\\/\\\/www.blognoel.com\\\/wp-content\\\/uploads\\\/2011\\\/11\\\/crecheprov.jpg&quot;}\"><img decoding=\"async\" class=\"size-medium wp-image-1527 lazyload\" title=\"crecheprov\" data-src=\"http:\/\/www.blognoel.com\/wp-content\/smush-webp\/2011\/11\/crecheprov-300x254.jpg.webp\" alt=\"\" width=\"300\" height=\"254\" data-srcset=\"https:\/\/www.blognoel.com\/wp-content\/smush-webp\/2011\/11\/crecheprov-300x254.jpg.webp 300w, https:\/\/www.blognoel.com\/wp-content\/smush-webp\/2011\/11\/crecheprov.jpg.webp 366w\" data-sizes=\"(max-width: 300px) 100vw, 300px\" src=\"data:image\/svg+xml;base64,PHN2ZyB3aWR0aD0iMSIgaGVpZ2h0PSIxIiB4bWxucz0iaHR0cDovL3d3dy53My5vcmcvMjAwMC9zdmciPjwvc3ZnPg==\" style=\"--smush-placeholder-width: 300px; --smush-placeholder-aspect-ratio: 300\/254;\" data-smush-webp-fallback=\"{&quot;data-src&quot;:&quot;http:\\\/\\\/www.blognoel.com\\\/wp-content\\\/uploads\\\/2011\\\/11\\\/crecheprov-300x254.jpg&quot;,&quot;data-srcset&quot;:&quot;https:\\\/\\\/www.blognoel.com\\\/wp-content\\\/uploads\\\/2011\\\/11\\\/crecheprov-300x254.jpg 300w, https:\\\/\\\/www.blognoel.com\\\/wp-content\\\/uploads\\\/2011\\\/11\\\/crecheprov.jpg 366w&quot;}\" \/><\/a><figcaption id=\"caption-attachment-1527\" class=\"wp-caption-text\">Beispiel einer provenzalischen Weihnachtskrippe<\/figcaption><\/figure>\n<p>L\u2019id\u00e9e d\u2019une grotte am\u00e9nag\u00e9e en \u00e9table, dans laquelle l\u2019Enfant-<a href=\"https:\/\/www.blognoel.com\/de\/charaktere\/jesus\/\">Jesus<\/a> serait n\u00e9, proviendrait de l\u2019\u00c9vangile de Luc dans la Bible. En effet, en parlant de la mangeoire o\u00f9 fut d\u00e9pos\u00e9 l&rsquo;Enfant, il y mentionne le mot \u2018cripia\u2019 d&rsquo;o\u00f9 serait, par la suite, issu le mot &lsquo;cr\u00e8che&rsquo;.<\/p>\n<p><strong>Ein wenig Geschichte \u2026<\/strong><\/p>\n<p>Ab dem dritten Jahrhundert begannen die Christen, eine Krippe in Bethlehem zu verehren, da man glaubte, es handele sich um den wahren Geburtsort Jesu.<\/p>\n<p>Im Mittelalter drehte sich bei den von der Kirche organisierten Theaterst\u00fccken und B\u00fchnenauff\u00fchrungen gem\u00e4\u00df den Evangelien von Lukas und Matth\u00e4us alles um die Geburt Christi. Diese St\u00fccke wurden bei liturgischen Feiern aufgef\u00fchrt, um den Glauben der Gl\u00e4ubigen zu st\u00e4rken.<\/p>\n<p>Erst am 16.<sup>e<\/sup> si\u00e8cle que les premi\u00e8res cr\u00e8ches (ressemblant \u00e0 celle que nous connaissons) font leur apparition dans les lieux liturgiques. Pour <a href=\"https:\/\/www.blognoel.com\/de\/\">Weihnachten<\/a>, les J\u00e9suites r\u00e9alisent des cr\u00e8ches de bois abritant des personnages rappelant la Sainte Famille.<\/p>\n<p>Mit der Zeit fanden Weihnachtskrippen ihren Weg in die Haushalte. Die Figuren wurden oft aus Wachs, Holz, Porzellan, Nevers-Glas oder sogar getrockneten Brotkrumen hergestellt und anschlie\u00dfend bemalt und lackiert.<\/p>\n<p><strong>Wann sollte man zu Hause ein Kinderzimmer einrichten?<\/strong><\/p>\n<p>Traditionell wird die Krippe am ersten Adventssonntag oder am letzten Sonntag vor Weihnachten aufgestellt. Die Grotte kann aus Pappmach\u00e9 bestehen und die Dekoration besteht meist aus Naturelementen wie Moos, Stroh, Holzst\u00fccken, Tannenzapfen und wei\u00dfen Kieselsteinen. Jeder sollte versuchen, die Krippe auf seine Weise durch verschiedene Dekorationselemente pers\u00f6nlicher zu gestalten.<\/p>\n<p>Normalerweise muss die Krippe bis zum 2. Februar (dem Tag, an dem Jesus im Tempel vorgestellt wurde) im Haus bleiben.<\/p>\n<p>Hinweis: Provenzalische Weihnachtskrippen sind wahre Kunstwerke (siehe Foto).<\/p>","protected":false},"excerpt":{"rendered":"<p>Die Idee einer zum Stall umgebauten H\u00f6hle, in der das Jesuskind geboren wurde, stammt aus dem Lukasevangelium. Als er von der Krippe spricht, in die das Kind gelegt wurde, erw\u00e4hnt er das Wort \u201ecripia\u201c, aus dem sp\u00e4ter das Wort \u201ecr\u00e8che\u201c entstand. Ein wenig Geschichte... Ab dem 3. Jahrhundert nahmen die Christen...<\/p>","protected":false},"author":3,"featured_media":0,"comment_status":"open","ping_status":"open","sticky":false,"template":"","format":"standard","meta":{"_kad_blocks_custom_css":"","_kad_blocks_head_custom_js":"","_kad_blocks_body_custom_js":"","_kad_blocks_footer_custom_js":"","_kadence_starter_templates_imported_post":false,"_kad_post_transparent":"","_kad_post_title":"","_kad_post_layout":"","_kad_post_sidebar_id":"","_kad_post_content_style":"","_kad_post_vertical_padding":"","_kad_post_feature":"","_kad_post_feature_position":"","_kad_post_header":false,"_kad_post_footer":false,"_kad_post_classname":"","_jetpack_newsletter_access":"","_jetpack_dont_email_post_to_subs":false,"_jetpack_newsletter_tier_id":0,"_jetpack_memberships_contains_paywalled_content":false,"_jetpack_feature_clip_id":0,"_jetpack_memberships_contains_paid_content":false,"footnotes":"","jetpack_publicize_message":"","jetpack_publicize_feature_enabled":true,"jetpack_social_post_already_shared":false,"jetpack_social_options":{"image_generator_settings":{"template":"highway","default_image_id":0,"font":"","enabled":false},"version":2},"jetpack_post_was_ever_published":false},"categories":[8,1,10,14,9,13],"tags":[223,67,189,45,87,31],"class_list":["post-1526","post","type-post","status-publish","format-standard","hentry","category-a-la-une","category-top","category-bible","category-fete-de-noel","category-histoire","category-traditions","tag-bible-2","tag-creche","tag-decoration","tag-nativite","tag-sainte-nuit","tag-tradition"],"views":478,"jetpack_publicize_connections":[],"taxonomy_info":{"category":[{"value":8,"label":"A la Une"},{"value":1,"label":"Best of Christmas"},{"value":10,"label":"Bible"},{"value":14,"label":"F\u00eate de No\u00ebl"},{"value":9,"label":"Histoire"},{"value":13,"label":"Traditions"}],"post_tag":[{"value":223,"label":"bible"},{"value":67,"label":"cr\u00e8che"},{"value":189,"label":"d\u00e9coration"},{"value":45,"label":"Nativit\u00e9"},{"value":87,"label":"Sainte nuit"},{"value":31,"label":"tradition"}]},"featured_image_src_large":false,"author_info":{"display_name":"plumelle","author_link":"https:\/\/www.blognoel.com\/de\/author\/plumelle\/"},"comment_info":0,"category_info":[{"term_id":8,"name":"A la Une","slug":"a-la-une","term_group":0,"term_taxonomy_id":8,"taxonomy":"category","description":"","parent":1,"count":265,"filter":"raw","cat_ID":8,"category_count":265,"category_description":"","cat_name":"A la Une","category_nicename":"a-la-une","category_parent":1},{"term_id":1,"name":"Best of Christmas","slug":"top","term_group":0,"term_taxonomy_id":1,"taxonomy":"category","description":"","parent":0,"count":242,"filter":"raw","cat_ID":1,"category_count":242,"category_description":"","cat_name":"Best of Christmas","category_nicename":"top","category_parent":0},{"term_id":10,"name":"Bible","slug":"bible","term_group":0,"term_taxonomy_id":10,"taxonomy":"category","description":"","parent":9,"count":9,"filter":"raw","cat_ID":10,"category_count":9,"category_description":"","cat_name":"Bible","category_nicename":"bible","category_parent":9},{"term_id":14,"name":"F\u00eate de No\u00ebl","slug":"fete-de-noel","term_group":0,"term_taxonomy_id":14,"taxonomy":"category","description":"","parent":0,"count":194,"filter":"raw","cat_ID":14,"category_count":194,"category_description":"","cat_name":"F\u00eate de No\u00ebl","category_nicename":"fete-de-noel","category_parent":0},{"term_id":9,"name":"Histoire","slug":"histoire","term_group":0,"term_taxonomy_id":9,"taxonomy":"category","description":"","parent":0,"count":28,"filter":"raw","cat_ID":9,"category_count":28,"category_description":"","cat_name":"Histoire","category_nicename":"histoire","category_parent":0},{"term_id":13,"name":"Traditions","slug":"traditions","term_group":0,"term_taxonomy_id":13,"taxonomy":"category","description":"","parent":14,"count":87,"filter":"raw","cat_ID":13,"category_count":87,"category_description":"","cat_name":"Traditions","category_nicename":"traditions","category_parent":14}],"tag_info":[{"term_id":223,"name":"bible","slug":"bible-2","term_group":0,"term_taxonomy_id":223,"taxonomy":"post_tag","description":"","parent":0,"count":5,"filter":"raw"},{"term_id":67,"name":"cr\u00e8che","slug":"creche","term_group":0,"term_taxonomy_id":67,"taxonomy":"post_tag","description":"","parent":0,"count":5,"filter":"raw"},{"term_id":189,"name":"d\u00e9coration","slug":"decoration","term_group":0,"term_taxonomy_id":189,"taxonomy":"post_tag","description":"","parent":0,"count":16,"filter":"raw"},{"term_id":45,"name":"Nativit\u00e9","slug":"nativite","term_group":0,"term_taxonomy_id":45,"taxonomy":"post_tag","description":"","parent":0,"count":8,"filter":"raw"},{"term_id":87,"name":"Sainte nuit","slug":"sainte-nuit","term_group":0,"term_taxonomy_id":87,"taxonomy":"post_tag","description":"","parent":0,"count":4,"filter":"raw"},{"term_id":31,"name":"tradition","slug":"tradition","term_group":0,"term_taxonomy_id":31,"taxonomy":"post_tag","description":"","parent":0,"count":64,"filter":"raw"}],"jetpack_sharing_enabled":true,"jetpack_featured_media_url":"","_links":{"self":[{"href":"https:\/\/www.blognoel.com\/de\/wp-json\/wp\/v2\/posts\/1526","targetHints":{"allow":["GET"]}}],"collection":[{"href":"https:\/\/www.blognoel.com\/de\/wp-json\/wp\/v2\/posts"}],"about":[{"href":"https:\/\/www.blognoel.com\/de\/wp-json\/wp\/v2\/types\/post"}],"author":[{"embeddable":true,"href":"https:\/\/www.blognoel.com\/de\/wp-json\/wp\/v2\/users\/3"}],"replies":[{"embeddable":true,"href":"https:\/\/www.blognoel.com\/de\/wp-json\/wp\/v2\/comments?post=1526"}],"version-history":[{"count":1,"href":"https:\/\/www.blognoel.com\/de\/wp-json\/wp\/v2\/posts\/1526\/revisions"}],"predecessor-version":[{"id":1528,"href":"https:\/\/www.blognoel.com\/de\/wp-json\/wp\/v2\/posts\/1526\/revisions\/1528"}],"wp:attachment":[{"href":"https:\/\/www.blognoel.com\/de\/wp-json\/wp\/v2\/media?parent=1526"}],"wp:term":[{"taxonomy":"category","embeddable":true,"href":"https:\/\/www.blognoel.com\/de\/wp-json\/wp\/v2\/categories?post=1526"},{"taxonomy":"post_tag","embeddable":true,"href":"https:\/\/www.blognoel.com\/de\/wp-json\/wp\/v2\/tags?post=1526"}],"curies":[{"name":"wp","href":"https:\/\/api.w.org\/{rel}","templated":true}]}}