{"id":1220,"date":"2014-10-06T23:09:05","date_gmt":"2014-10-06T23:09:05","guid":{"rendered":"http:\/\/www.blognoel.com\/?p=1220"},"modified":"2014-10-06T23:09:05","modified_gmt":"2014-10-06T23:09:05","slug":"katholische-weihnachtsreligion-vielbeachtetes-papstprogramm","status":"publish","type":"post","link":"https:\/\/www.blognoel.com\/de\/1220\/katholische-weihnachtsreligion-vielbeachtetes-papstprogramm\/","title":{"rendered":"Religion: Katholische Weihnachten im Rampenlicht \u2013 das Programm des Papstes"},"content":{"rendered":"<p><a href=\"https:\/\/www.blognoel.com\/de\/\">Weihnachten<\/a> et Nouvel An au Vatican<\/p>\n<p>Am 24. Dezember und 1. Januar werden Millionen von Menschen Zugang zu den Botschaften von Papst Benedikt XVI. haben. Neben den \u00fcblichen Sprachen werden auch \u00dcbersetzungen ins Chinesische und Arabische verf\u00fcgbar sein.<\/p>\n<figure id=\"attachment_1223\" aria-describedby=\"caption-attachment-1223\" style=\"width: 150px\" class=\"wp-caption alignleft\"><a href=\"http:\/\/www.blognoel.com\/wp-content\/smush-webp\/2010\/12\/pape-benoitXVI-noel.jpg.webp\" data-smush-webp-fallback=\"{&quot;href&quot;:&quot;http:\\\/\\\/www.blognoel.com\\\/wp-content\\\/uploads\\\/2010\\\/12\\\/pape-benoitXVI-noel.jpg&quot;}\"><img decoding=\"async\" class=\"size-thumbnail wp-image-1223 lazyload\" title=\"Papst Benedikt XVI. - Weihnachten\" data-src=\"http:\/\/www.blognoel.com\/wp-content\/smush-webp\/2010\/12\/pape-benoitXVI-noel-150x150.jpg.webp\" alt=\"\" width=\"150\" height=\"150\" src=\"data:image\/svg+xml;base64,PHN2ZyB3aWR0aD0iMSIgaGVpZ2h0PSIxIiB4bWxucz0iaHR0cDovL3d3dy53My5vcmcvMjAwMC9zdmciPjwvc3ZnPg==\" style=\"--smush-placeholder-width: 150px; --smush-placeholder-aspect-ratio: 150\/150;\" data-smush-webp-fallback=\"{&quot;data-src&quot;:&quot;http:\\\/\\\/www.blognoel.com\\\/wp-content\\\/uploads\\\/2010\\\/12\\\/pape-benoitXVI-noel-150x150.jpg&quot;}\" \/><\/a><figcaption id=\"caption-attachment-1223\" class=\"wp-caption-text\">Benedikt XVI.<\/figcaption><\/figure>\n<p><strong>Das Programm des Papstes<\/strong>:<\/p>\n<p>\u2013 24. Dezember live auf BBC4 ab 8:45 Uhr<br \/>\n\u2013 24. Dezember, 18 Uhr: Entz\u00fcnden des \u201eLichts des Friedens\u201c im Apostolischen Palast<br \/>\n\u2013 24. Dezember, 22 Uhr, Mitternachtsmesse im Petersdom in Rom.<\/p>\n<p>\u2013 25. Dezember, 12 Uhr. Aus der Loggia des Petersdoms: Botschaft \u201eUrbi et Orbi\u201c, ein Appell zum Frieden in Dutzenden von Sprachen.<\/p>\n<p>\u2013 31. Dezember Vesper in St. Peter Te Deum<br \/>\n\u2013 1. Januar 2011 Messe um 10 Uhr<\/p>\n<p>Alle diese Veranstaltungen werden live und in HD-Qualit\u00e4t auf den Websites des vatikanischen Radios und Fernsehens \u00fcbertragen.<\/p>\n<p>Zur Auswahl stehende Sprachen: Italienisch, Franz\u00f6sisch, Englisch, Deutsch, Spanisch und Portugiesisch, zus\u00e4tzlich Chinesisch f\u00fcr den 24. Dezember und Arabisch f\u00fcr den 1. Januar.<\/p>","protected":false},"excerpt":{"rendered":"<p>Weihnachten und Neujahr im Vatikan Am 24. Dezember und 1. Januar k\u00f6nnen Millionen Menschen die Botschaften von Papst Benedikt XVI. lesen. Neben den \u00fcblichen Sprachen gibt es auch \u00dcbersetzungen ins Chinesische und Arabische. Das Programm des Papstes: \u2013 24. Dezember live auf BBC4 ab 8:45 Uhr \u2013 24. Dezember, 18 Uhr: Beleuchtung der \u201e\u2026<\/p>","protected":false},"author":1,"featured_media":0,"comment_status":"open","ping_status":"open","sticky":false,"template":"","format":"standard","meta":{"_kad_blocks_custom_css":"","_kad_blocks_head_custom_js":"","_kad_blocks_body_custom_js":"","_kad_blocks_footer_custom_js":"","_kadence_starter_templates_imported_post":false,"_kad_post_transparent":"","_kad_post_title":"","_kad_post_layout":"","_kad_post_sidebar_id":"","_kad_post_content_style":"","_kad_post_vertical_padding":"","_kad_post_feature":"","_kad_post_feature_position":"","_kad_post_header":false,"_kad_post_footer":false,"_kad_post_classname":"","_jetpack_newsletter_access":"","_jetpack_dont_email_post_to_subs":false,"_jetpack_newsletter_tier_id":0,"_jetpack_memberships_contains_paywalled_content":false,"_jetpack_feature_clip_id":0,"_jetpack_memberships_contains_paid_content":false,"footnotes":"","jetpack_publicize_message":"","jetpack_publicize_feature_enabled":true,"jetpack_social_post_already_shared":false,"jetpack_social_options":{"image_generator_settings":{"template":"highway","default_image_id":0,"font":"","enabled":false},"version":2},"jetpack_post_was_ever_published":false},"categories":[3,13],"tags":[122,180,159,222,25,37],"class_list":["post-1220","post","type-post","status-publish","format-standard","hentry","category-breves","category-traditions","tag-lumiere","tag-messe-de-minuit","tag-nouvel-an","tag-pape","tag-site","tag-tv"],"views":798,"jetpack_publicize_connections":[],"taxonomy_info":{"category":[{"value":3,"label":"Br\u00e8ves"},{"value":13,"label":"Traditions"}],"post_tag":[{"value":122,"label":"lumi\u00e8re"},{"value":180,"label":"messe de minuit"},{"value":159,"label":"nouvel an"},{"value":222,"label":"pape"},{"value":25,"label":"site"},{"value":37,"label":"TV"}]},"featured_image_src_large":false,"author_info":{"display_name":"Jean-Michel","author_link":"https:\/\/www.blognoel.com\/de\/author\/admin\/"},"comment_info":0,"category_info":[{"term_id":3,"name":"Br\u00e8ves","slug":"breves","term_group":0,"term_taxonomy_id":3,"taxonomy":"category","description":"","parent":1,"count":5,"filter":"raw","cat_ID":3,"category_count":5,"category_description":"","cat_name":"Br\u00e8ves","category_nicename":"breves","category_parent":1},{"term_id":13,"name":"Traditions","slug":"traditions","term_group":0,"term_taxonomy_id":13,"taxonomy":"category","description":"","parent":14,"count":87,"filter":"raw","cat_ID":13,"category_count":87,"category_description":"","cat_name":"Traditions","category_nicename":"traditions","category_parent":14}],"tag_info":[{"term_id":122,"name":"lumi\u00e8re","slug":"lumiere","term_group":0,"term_taxonomy_id":122,"taxonomy":"post_tag","description":"","parent":0,"count":6,"filter":"raw"},{"term_id":180,"name":"messe de minuit","slug":"messe-de-minuit","term_group":0,"term_taxonomy_id":180,"taxonomy":"post_tag","description":"","parent":0,"count":7,"filter":"raw"},{"term_id":159,"name":"nouvel an","slug":"nouvel-an","term_group":0,"term_taxonomy_id":159,"taxonomy":"post_tag","description":"","parent":0,"count":8,"filter":"raw"},{"term_id":222,"name":"pape","slug":"pape","term_group":0,"term_taxonomy_id":222,"taxonomy":"post_tag","description":"","parent":0,"count":1,"filter":"raw"},{"term_id":25,"name":"site","slug":"site","term_group":0,"term_taxonomy_id":25,"taxonomy":"post_tag","description":"","parent":0,"count":6,"filter":"raw"},{"term_id":37,"name":"TV","slug":"tv","term_group":0,"term_taxonomy_id":37,"taxonomy":"post_tag","description":"","parent":0,"count":9,"filter":"raw"}],"jetpack_sharing_enabled":true,"jetpack_featured_media_url":"","_links":{"self":[{"href":"https:\/\/www.blognoel.com\/de\/wp-json\/wp\/v2\/posts\/1220","targetHints":{"allow":["GET"]}}],"collection":[{"href":"https:\/\/www.blognoel.com\/de\/wp-json\/wp\/v2\/posts"}],"about":[{"href":"https:\/\/www.blognoel.com\/de\/wp-json\/wp\/v2\/types\/post"}],"author":[{"embeddable":true,"href":"https:\/\/www.blognoel.com\/de\/wp-json\/wp\/v2\/users\/1"}],"replies":[{"embeddable":true,"href":"https:\/\/www.blognoel.com\/de\/wp-json\/wp\/v2\/comments?post=1220"}],"version-history":[{"count":4,"href":"https:\/\/www.blognoel.com\/de\/wp-json\/wp\/v2\/posts\/1220\/revisions"}],"predecessor-version":[{"id":1227,"href":"https:\/\/www.blognoel.com\/de\/wp-json\/wp\/v2\/posts\/1220\/revisions\/1227"}],"wp:attachment":[{"href":"https:\/\/www.blognoel.com\/de\/wp-json\/wp\/v2\/media?parent=1220"}],"wp:term":[{"taxonomy":"category","embeddable":true,"href":"https:\/\/www.blognoel.com\/de\/wp-json\/wp\/v2\/categories?post=1220"},{"taxonomy":"post_tag","embeddable":true,"href":"https:\/\/www.blognoel.com\/de\/wp-json\/wp\/v2\/tags?post=1220"}],"curies":[{"name":"wp","href":"https:\/\/api.w.org\/{rel}","templated":true}]}}